{"id":47192,"date":"2024-10-18T11:21:45","date_gmt":"2024-10-18T14:21:45","guid":{"rendered":"https:\/\/radiorevelacionfm.cl\/?p=47192"},"modified":"2024-10-18T11:21:45","modified_gmt":"2024-10-18T14:21:45","slug":"gobierno-informa-medidas-para-elecciones-regionales-y-municipales-2024","status":"publish","type":"post","link":"https:\/\/radiorevelacionfm.cl\/?p=47192","title":{"rendered":"Gobierno informa medidas para elecciones regionales y municipales 2024"},"content":{"rendered":"<div class=\"flex_column av_one_full  flex_column_div av-zero-column-padding first  avia-builder-el-0  el_before_av_one_full  avia-builder-el-first  \" style='border-radius:0px; '><div  class='avia-image-container  av-styling-    avia-builder-el-1  avia-builder-el-no-sibling  avia-align-center '  itemprop=\"image\" itemscope=\"itemscope\" itemtype=\"https:\/\/schema.org\/ImageObject\"  ><div class='avia-image-container-inner'><div class='avia-image-overlay-wrap'><img decoding=\"async\" class='wp-image-47193 avia-img-lazy-loading-not-47193 avia_image' src=\"https:\/\/radiorevelacionfm.cl\/wp-content\/uploads\/2024\/10\/IMG_7627-1-1.jpg\" alt='' title='IMG_7627 (1) (1)' height=\"600\" width=\"867\"  itemprop=\"thumbnailUrl\" srcset=\"https:\/\/radiorevelacionfm.cl\/wp-content\/uploads\/2024\/10\/IMG_7627-1-1.jpg 867w, https:\/\/radiorevelacionfm.cl\/wp-content\/uploads\/2024\/10\/IMG_7627-1-1-300x208.jpg 300w, https:\/\/radiorevelacionfm.cl\/wp-content\/uploads\/2024\/10\/IMG_7627-1-1-768x531.jpg 768w, https:\/\/radiorevelacionfm.cl\/wp-content\/uploads\/2024\/10\/IMG_7627-1-1-705x488.jpg 705w, https:\/\/radiorevelacionfm.cl\/wp-content\/uploads\/2024\/10\/IMG_7627-1-1-450x311.jpg 450w, https:\/\/radiorevelacionfm.cl\/wp-content\/uploads\/2024\/10\/IMG_7627-1-1-600x415.jpg 600w\" sizes=\"(max-width: 867px) 100vw, 867px\" \/><\/div><\/div><\/div><\/div><div class=\"flex_column av_one_full  flex_column_div av-zero-column-padding first  avia-builder-el-2  el_after_av_one_full  el_before_av_one_full  column-top-margin\" style='border-radius:0px; '><section class=\"av_textblock_section \"  itemscope=\"itemscope\" itemtype=\"https:\/\/schema.org\/BlogPosting\" itemprop=\"blogPost\" ><div class='avia_textblock  '   itemprop=\"text\" ><p style=\"text-align: center;\"><span style=\"font-size: 18pt;\"><b>Gobierno informa medidas para elecciones regionales y municipales 2024<\/b><\/span><\/p>\n<div id=\"gtx-trans\" style=\"position: absolute; left: -50px; top: 4.31534px;\">\n<div class=\"gtx-trans-icon\"><\/div>\n<\/div>\n<\/div><\/section><\/div><div class=\"flex_column av_one_full  flex_column_div av-zero-column-padding first  avia-builder-el-4  el_after_av_one_full  el_before_av_hr  column-top-margin\" style='border-radius:0px; '><section class=\"av_textblock_section \"  itemscope=\"itemscope\" itemtype=\"https:\/\/schema.org\/BlogPosting\" itemprop=\"blogPost\" ><div class='avia_textblock  '   itemprop=\"text\" ><p style=\"font-weight: 400; text-align: justify;\">Un conjunto de medidas para la participaci\u00f3n informada de la ciudadan\u00eda, adopt\u00f3 el Gobierno en el marco de las elecciones regionales y municipales que se realizar\u00e1n el s\u00e1bado 26 y domingo 27 de octubre en todo el pa\u00eds.<\/p>\n<p style=\"font-weight: 400; text-align: justify;\">De acuerdo a la informaci\u00f3n proporcionada por el Servicio Electoral, el padr\u00f3n electoral regional est\u00e1 formado por 99.045 personas, para lo cual se dispondr\u00e1n 45 locales de votaci\u00f3n y 272 mesas de sufragio, mediante la participaci\u00f3n de 1.365 vocales de mesa.<\/p>\n<p style=\"font-weight: 400; text-align: justify;\">El Delegado Presidencial Regional, Rodrigo Araya, se\u00f1al\u00f3 que todos los servicios est\u00e1n dispuestos, para que la ciudadan\u00eda ejerza su derecho a voto. \u201cTenemos cuatro nuevos locales de votaci\u00f3n en la regi\u00f3n, por primera vez se va a instalar una mesa de sufragio en Puerto S\u00e1nchez y en Coyhaique van a haber tres locales m\u00e1s, en la escuela Altos del Mackay, Javier Bouti\u00f1\u00e1 y Nieves del Sur. Por lo tanto, hacemos un llamado a todas las personas que revisen los datos en la p\u00e1gina web del Servel, para que se aseguren del local de votaci\u00f3n que les corresponde. Para nosotros es muy importante que exista un voto informado, ya que voto a voto construimos comunidad, por lo tanto, les pedimos cumplir con el deber c\u00edvico y acudir a votar este 26 y 27 de octubre\u201d, subray\u00f3.<\/p>\n<p style=\"font-weight: 400; text-align: justify;\">El director regional de Servel, N\u00e9stor Sep\u00falveda reafirm\u00f3 la importancia de la informaci\u00f3n para la fluidez del proceso. \u201cLlamo a la ciudadan\u00eda a tener la precauci\u00f3n que antes de trasladarse a un local de votaci\u00f3n, se cerciore sobre el local en que le corresponde emitir su sufragio y tambi\u00e9n desplegar los facs\u00edmiles de votaci\u00f3n. Es importante que el elector tenga su decisi\u00f3n formada y saber en qu\u00e9 ubicaci\u00f3n se encuentra el candidato\/a de su preferencia para hacer el proceso mucho m\u00e1s \u00e1gil y r\u00e1pido. Este es un proceso complejo, porque son cuatro elecciones y el elector debe sufragar el d\u00eda s\u00e1bado o el d\u00eda domingo, no puede dividir su votaci\u00f3n y para concurrir debe hacerlo con su c\u00e9dula de identidad o pasaporte, los documentos pueden estar vencidos al d\u00eda 27 de octubre de 2023&#8243;, expres\u00f3.<\/p>\n<p style=\"font-weight: 400; text-align: justify;\">En cuanto a los desplazamientos, el seremi de Transportes y Telecomunicaciones, Hans Zimmermann, dijo que habr\u00e1 servicios terrestres, mar\u00edtimos, lacustres y fluviales.<\/p>\n<p style=\"font-weight: 400; text-align: justify;\">\u201cHabr\u00e1 75 servicios terrestres para el desplazamiento de los ciudadanos, adem\u00e1s de una serie de otros servicios mar\u00edtimos, lacustres y fluviales, llegando a un total de 82 servicios. Se trata de servicios que operan regularmente, subsidiados por el Ministerio de Transporte -esos son 47 servicios-, y servicios adicionales especiales para elecciones, financiados por el Ministerio y gestionados a trav\u00e9s de la Delegaci\u00f3n Presidencial Regional\u00bb, detall\u00f3.<\/p>\n<p style=\"font-weight: 400; text-align: justify;\">Ante este evento, se determinar\u00e1 Alerta Verde Temprana Preventiva al alero del Sistema de Gesti\u00f3n del Riesgo Regional, como detall\u00f3 el director regional de Senapred, Sidi Bravo.<\/p>\n<p style=\"font-weight: 400; text-align: justify;\">\u00abEso nos va a permitir reforzar los monitoreos, tanto en las conectividades como en los servicios b\u00e1sicos y entregar esa informaci\u00f3n a las autoridades que est\u00e1n a cargo de este proceso electoral c\u00edvico para nuestra regi\u00f3n. De esa manera, en caso de alguna situaci\u00f3n de urgencia, emergencia o afectaci\u00f3n a nuestro sistema, podremos operar r\u00e1pidamente, reforzar las instituciones del ABC, principalmente, como tambi\u00e9n tener un monitoreo constante a los servicios b\u00e1sicos\u00bb, precis\u00f3.<\/p>\n<p style=\"font-weight: 400; text-align: justify;\">El Coronel de Ej\u00e9rcito Jos\u00e9 Pereira indic\u00f3 que alrededor de 400 funcionarios y funcionarias cautelar\u00e1n el proceso. \u00abEstamos trabajando coordinadamente para que este proceso eleccionario se desarrolle en total normalidad, con la finalidad de que la gente pueda ir con seguridad a emitir su voto. Tenemos aproximadamente 400 hombres que act\u00faan directamente en los locales de votaci\u00f3n\u00bb, se\u00f1al\u00f3.<\/p>\n<p style=\"font-weight: 400; text-align: justify;\">Por su parte, Carabineros reforzar\u00e1 los servicios policiales con m\u00e1s de 150 funcionarias y funcionarios desplegados alrededor de los centros de votaci\u00f3n. Adem\u00e1s, recibir\u00e1 excusas para quienes est\u00e9n a m\u00e1s de 200 kil\u00f3metros de su local de votaci\u00f3n, como detall\u00f3 el comandante Juan Abarca.<\/p>\n<p style=\"font-weight: 400; text-align: justify;\">\u00abCarabineros s\u00f3lo acoge constancias por estar a m\u00e1s de 200 kil\u00f3metros de distancia de su lugar de votaci\u00f3n. Estas constancias pueden ser recibidas solo el d\u00eda s\u00e1bado y d\u00eda domingo. Para ello se van a habilitar las unidades con mesas, para acoger estas constancias, pero tambi\u00e9n estamos estudiando otros lugares donde acoger estas constancias, posiblemente, el Terminal de Buses de Coyhaique y la Casa de la Cultura en Puerto Ays\u00e9n\u00bb, puntualiz\u00f3.<\/p>\n<p style=\"font-weight: 400; text-align: justify;\">El sufragio es obligatorio. Cada persona recibir\u00e1 cuatro c\u00e9dulas electorales: una para Gobernadores Regionales, otra para Consejeros Regionales, una m\u00e1s para Alcaldes y una \u00faltima para Concejales, debiendo marcarse una sola preferencia por cada c\u00e9dula.<\/p>\n<\/div><\/section><\/div><div  style='height:50px' class='hr hr-invisible   avia-builder-el-6  el_after_av_one_full  el_before_av_social_share '><span class='hr-inner ' ><span class='hr-inner-style'><\/span><\/span><\/div><\/p>\n<div  class='av-social-sharing-box  avia-builder-el-7  el_after_av_hr  el_before_av_hr  '><div class='av-share-box'><h5 class='av-share-link-description av-no-toc '>Compartir esta noticia<\/h5><ul class='av-share-box-list noLightbox'><li class='av-share-link av-social-link-facebook' ><a target=\"_blank\" aria-label=\"Compartir en Facebook\" href='https:\/\/www.facebook.com\/sharer.php?u=https:\/\/radiorevelacionfm.cl\/?p=47192&#038;t=Gobierno%20informa%20medidas%20para%20elecciones%20regionales%20y%20municipales%202024' aria-hidden='false' data-av_icon='\ue8f3' data-av_iconfont='entypo-fontello' title='' data-avia-related-tooltip='Compartir en Facebook' rel=\"noopener\"><span class='avia_hidden_link_text'>Compartir en Facebook<\/span><\/a><\/li><li class='av-share-link av-social-link-twitter' ><a target=\"_blank\" aria-label=\"Compartir en Twitter\" href='https:\/\/twitter.com\/share?text=Gobierno%20informa%20medidas%20para%20elecciones%20regionales%20y%20municipales%202024&#038;url=https:\/\/radiorevelacionfm.cl\/?p=47192' aria-hidden='false' data-av_icon='\ue8f1' data-av_iconfont='entypo-fontello' title='' data-avia-related-tooltip='Compartir en Twitter' rel=\"noopener\"><span class='avia_hidden_link_text'>Compartir en Twitter<\/span><\/a><\/li><li class='av-share-link av-social-link-whatsapp' ><a target=\"_blank\" aria-label=\"Compartir en Whatsapp\" href='https:\/\/api.whatsapp.com\/send?text=https:\/\/radiorevelacionfm.cl\/?p=47192' aria-hidden='false' data-av_icon='\uf232' data-av_iconfont='entypo-fontello' title='' data-avia-related-tooltip='Compartir en Whatsapp' rel=\"noopener\"><span class='avia_hidden_link_text'>Compartir en Whatsapp<\/span><\/a><\/li><li class='av-share-link av-social-link-linkedin' ><a target=\"_blank\" aria-label=\"Compartir en LinkedIn\" href='https:\/\/linkedin.com\/shareArticle?mini=true&#038;title=Gobierno%20informa%20medidas%20para%20elecciones%20regionales%20y%20municipales%202024&#038;url=https:\/\/radiorevelacionfm.cl\/?p=47192' aria-hidden='false' data-av_icon='\ue8fc' data-av_iconfont='entypo-fontello' title='' data-avia-related-tooltip='Compartir en LinkedIn' rel=\"noopener\"><span class='avia_hidden_link_text'>Compartir en LinkedIn<\/span><\/a><\/li><li class='av-share-link av-social-link-mail' ><a  aria-label=\"Compartir por correo\" href='mailto:?subject=Gobierno%20informa%20medidas%20para%20elecciones%20regionales%20y%20municipales%202024&#038;body=https:\/\/radiorevelacionfm.cl\/?p=47192' aria-hidden='false' data-av_icon='\ue805' data-av_iconfont='entypo-fontello' title='' data-avia-related-tooltip='Compartir por correo'><span class='avia_hidden_link_text'>Compartir por correo<\/span><\/a><\/li><\/ul><\/div><\/div>\n<div  style='height:50px' class='hr hr-invisible   avia-builder-el-8  el_after_av_social_share  el_before_av_comments_list '><span class='hr-inner ' ><span class='hr-inner-style'><\/span><\/span><\/div>\n<div  class='av-buildercomment  av-blog-meta-html-info-disabled av-blog-meta-tag-disabled  '><\/div>\n","protected":false},"excerpt":{"rendered":"","protected":false},"author":1,"featured_media":47193,"comment_status":"open","ping_status":"open","sticky":false,"template":"","format":"standard","meta":{"footnotes":""},"categories":[38],"tags":[],"class_list":["post-47192","post","type-post","status-publish","format-standard","has-post-thumbnail","hentry","category-regional"],"jetpack_featured_media_url":"https:\/\/radiorevelacionfm.cl\/wp-content\/uploads\/2024\/10\/IMG_7627-1-1.jpg","_links":{"self":[{"href":"https:\/\/radiorevelacionfm.cl\/index.php?rest_route=\/wp\/v2\/posts\/47192","targetHints":{"allow":["GET"]}}],"collection":[{"href":"https:\/\/radiorevelacionfm.cl\/index.php?rest_route=\/wp\/v2\/posts"}],"about":[{"href":"https:\/\/radiorevelacionfm.cl\/index.php?rest_route=\/wp\/v2\/types\/post"}],"author":[{"embeddable":true,"href":"https:\/\/radiorevelacionfm.cl\/index.php?rest_route=\/wp\/v2\/users\/1"}],"replies":[{"embeddable":true,"href":"https:\/\/radiorevelacionfm.cl\/index.php?rest_route=%2Fwp%2Fv2%2Fcomments&post=47192"}],"version-history":[{"count":1,"href":"https:\/\/radiorevelacionfm.cl\/index.php?rest_route=\/wp\/v2\/posts\/47192\/revisions"}],"predecessor-version":[{"id":47194,"href":"https:\/\/radiorevelacionfm.cl\/index.php?rest_route=\/wp\/v2\/posts\/47192\/revisions\/47194"}],"wp:featuredmedia":[{"embeddable":true,"href":"https:\/\/radiorevelacionfm.cl\/index.php?rest_route=\/wp\/v2\/media\/47193"}],"wp:attachment":[{"href":"https:\/\/radiorevelacionfm.cl\/index.php?rest_route=%2Fwp%2Fv2%2Fmedia&parent=47192"}],"wp:term":[{"taxonomy":"category","embeddable":true,"href":"https:\/\/radiorevelacionfm.cl\/index.php?rest_route=%2Fwp%2Fv2%2Fcategories&post=47192"},{"taxonomy":"post_tag","embeddable":true,"href":"https:\/\/radiorevelacionfm.cl\/index.php?rest_route=%2Fwp%2Fv2%2Ftags&post=47192"}],"curies":[{"name":"wp","href":"https:\/\/api.w.org\/{rel}","templated":true}]}}