{"id":47188,"date":"2024-10-17T17:11:34","date_gmt":"2024-10-17T20:11:34","guid":{"rendered":"https:\/\/radiorevelacionfm.cl\/?p=47188"},"modified":"2024-10-17T17:11:34","modified_gmt":"2024-10-17T20:11:34","slug":"gobierno-y-productoras-de-aysen-celebran-dia-mundial-de-la-alimentacion-con-jornadas-en-terreno-y-venta-de-productos-horticolas","status":"publish","type":"post","link":"https:\/\/radiorevelacionfm.cl\/?p=47188","title":{"rendered":"Gobierno y productoras de Ays\u00e9n celebran D\u00eda Mundial de la Alimentaci\u00f3n con jornadas en terreno y venta de productos hort\u00edcolas"},"content":{"rendered":"<div class=\"flex_column av_one_full  flex_column_div av-zero-column-padding first  avia-builder-el-0  el_before_av_one_full  avia-builder-el-first  \" style='border-radius:0px; '><div  class='avia-image-container  av-styling-    avia-builder-el-1  avia-builder-el-no-sibling  avia-align-center '  itemprop=\"image\" itemscope=\"itemscope\" itemtype=\"https:\/\/schema.org\/ImageObject\"  ><div class='avia-image-container-inner'><div class='avia-image-overlay-wrap'><img decoding=\"async\" class='wp-image-47190 avia-img-lazy-loading-not-47190 avia_image' src=\"https:\/\/radiorevelacionfm.cl\/wp-content\/uploads\/2024\/10\/foto-horn-02-1_optimized-1.jpeg\" alt='' title='foto-horn-02-(1)_optimized (1)' height=\"600\" width=\"823\"  itemprop=\"thumbnailUrl\" srcset=\"https:\/\/radiorevelacionfm.cl\/wp-content\/uploads\/2024\/10\/foto-horn-02-1_optimized-1.jpeg 823w, https:\/\/radiorevelacionfm.cl\/wp-content\/uploads\/2024\/10\/foto-horn-02-1_optimized-1-300x219.jpeg 300w, https:\/\/radiorevelacionfm.cl\/wp-content\/uploads\/2024\/10\/foto-horn-02-1_optimized-1-768x560.jpeg 768w, https:\/\/radiorevelacionfm.cl\/wp-content\/uploads\/2024\/10\/foto-horn-02-1_optimized-1-705x514.jpeg 705w, https:\/\/radiorevelacionfm.cl\/wp-content\/uploads\/2024\/10\/foto-horn-02-1_optimized-1-450x328.jpeg 450w, https:\/\/radiorevelacionfm.cl\/wp-content\/uploads\/2024\/10\/foto-horn-02-1_optimized-1-600x437.jpeg 600w\" sizes=\"(max-width: 823px) 100vw, 823px\" \/><\/div><\/div><\/div><\/div><div class=\"flex_column av_one_full  flex_column_div av-zero-column-padding first  avia-builder-el-2  el_after_av_one_full  el_before_av_one_full  column-top-margin\" style='border-radius:0px; '><section class=\"av_textblock_section \"  itemscope=\"itemscope\" itemtype=\"https:\/\/schema.org\/BlogPosting\" itemprop=\"blogPost\" ><div class='avia_textblock  '   itemprop=\"text\" ><p style=\"text-align: center;\"><strong><span style=\"font-size: 18pt;\">Gobierno y productoras de Ays\u00e9n celebran D\u00eda Mundial de la Alimentaci\u00f3n con jornadas en terreno y venta de productos hort\u00edcolas<\/span><\/strong><\/p>\n<div id=\"gtx-trans\" style=\"position: absolute; left: -50px; top: 4.31534px;\">\n<div class=\"gtx-trans-icon\"><\/div>\n<\/div>\n<\/div><\/section><\/div><div class=\"flex_column av_one_full  flex_column_div av-zero-column-padding first  avia-builder-el-4  el_after_av_one_full  el_before_av_hr  column-top-margin\" style='border-radius:0px; '><section class=\"av_textblock_section \"  itemscope=\"itemscope\" itemtype=\"https:\/\/schema.org\/BlogPosting\" itemprop=\"blogPost\" ><div class='avia_textblock  '   itemprop=\"text\" ><p style=\"text-align: justify;\"><em>La Agrupaci\u00f3n Cultural y Productiva \u00abProductoras de la Patagonia\u00bb particip\u00f3 del encuentro en feria del Paseo Horn, ubicado en el centro de la comuna de Coyhaique.<\/em><\/p>\n<p style=\"text-align: justify;\">El Delegado Presidencial Regional, Rodrigo Araya, junto al seremi de Agricultura, Eugenio Ruiz y su par de Salud, Carmen Monsalve, encabezaron este mi\u00e9rcoles 16 la celebraci\u00f3n del D\u00eda Mundial de la Alimentaci\u00f3n con una exitosa actividad ciudadana en Paseo Horn que ofreci\u00f3 puntos de venta con alimentos locales y de temporada junto a la agrupaci\u00f3n \u00abProductoras de la Patagonia\u00bb.<\/p>\n<p style=\"text-align: justify;\">En la jornada participaron las directoras de Inia Tamel Aike, Indap Ays\u00e9n; la Secretar\u00eda Regional Ministerial de Desarrollo Social y Familia junto a su programa Elige Vivir Sano; Trabajo; Junji Ays\u00e9n; la Municipalidad de Coyhaique y el Gobierno Regional de Ays\u00e9n. Asimismo, los corp\u00f3reos de Agricultura y MIDESO, Zanahor\u00edn y Vitalito respectivamente, acompa\u00f1aron el desarrollo del encuentro compartiendo con ni\u00f1as y ni\u00f1os que llegaron junto a sus padres.<\/p>\n<p style=\"text-align: justify;\">\u00abQueremos poner en relevancia el rol de las mujeres en la agricultura familiar campesina de nuestra regi\u00f3n. Ayer fue el D\u00eda de la Mujer Rural y vamos a estar haciendo actividades durante este mes con el Ministerio de Agricultura en relaci\u00f3n con este hito. Queremos invitar a todas las personas a que compren y consuman alimentos naturales producidos en nuestro territorio\u00bb, sostuvo el Delegado Presidencial Regional de Ays\u00e9n, Rodrigo Araya.<\/p>\n<p style=\"text-align: justify;\">Huevos de campo, variedad de papas, mermeladas caseras, hortalizas como lechugas, espinacas, acelgas perejil y r\u00e1banos, fueron algunos productos a disposici\u00f3n de las personas para su compra. De igual manera y por medio de las instituciones de Gobierno presentes, hubo libros con recetas saludables y gu\u00edas de alimentaci\u00f3n que se entregaron de manera gratuita.<\/p>\n<p style=\"text-align: justify;\">En este contexto, el seremi de Agricultura, Eugenio Ruiz, detall\u00f3 que \u00abllamamos a la comunidad a preferir y elegir alimentos locales. Por eso hoy estamos junto a las Productoras de la Patagonia, a quienes le reconocemos su impulso en generar productos hortofrut\u00edcolas saludables que favorecen la seguridad y soberan\u00eda alimentaria de nuestra Patagonia. Todas y todos podemos apoyar la cadena productiva y de comercializaci\u00f3n que ejercen las campesinas y campesinos para fortalecer el desarrollo rural de nuestra regi\u00f3n\u00bb.<\/p>\n<p style=\"text-align: justify;\">Por su parte, la seremi de Salud, Carmen Monsalve, sostuvo que \u00abel d\u00eda de hoy se conmemora el D\u00eda Mundial de la Alimentaci\u00f3n, motivo por el cual estamos convocados con diversas instituciones del intersector que tambi\u00e9n conforman la Mesa de Calidad de Vida y Entornos Saludables, que es una subcomisi\u00f3n incorporada en la Mesa Regional, y en este sentido relevamos este d\u00eda que tiene como lema El derecho a alimentos para una vida y un futuro mejor, justamente en la Patagonia, donde tenemos indicadores que dan cuenta que el sobrepeso y la obesidad es un problema de salud p\u00fablica\u00bb.<\/p>\n<p style=\"text-align: justify;\">La presidenta de la Agrupaci\u00f3n \u00abProductoras de la Patagonia\u00bb, Josefina Ovando, relev\u00f3 que \u00abjuntamos estos dos hitos que nosotras relevamos como mujeres campesinas y damos importancia, porque estamos aqu\u00ed todos los mi\u00e9rcoles y traemos alimentos sanos para la gente, sin agroqu\u00edmicos, y aqu\u00ed en el Paseo Horn que es un lugar accesible para toda la gente\u00bb.<\/p>\n<p style=\"text-align: justify;\">La jornada de conmemoraci\u00f3n finaliz\u00f3 con un encuentro en terreno en el sector El Claro, junto a la productora local Amanda Rivera, quien desde 1990 desarrolla su actividad silvoagropecuaria en familia y de manera agroecol\u00f3gica, siendo sus mix de hortalizas, baby leef, mermeladas, flores comestibles, pastas de verduras y aguas saborizadas con frutos locales, los innovadores productos m\u00e1s conocidos de su empresa \u00abMercadito Secretos del Campo\u00bb, ubicada en la parcela La Papa, en el mismo sector.<\/p>\n<p style=\"text-align: justify;\">\u00abA lo largo de los a\u00f1os hemos podido tener distintos apoyos y el Ministerio de Agricultura junto a INDAP nos han apoyado. Siempre tenemos la limitante con el clima, que empezamos y retrocedemos con nuestras labores agr\u00edcolas porque se nos caen nuestras estructuras, pero ellos nos apoyan con proyectos y ha sido muy valioso. Tambi\u00e9n con el turismo rural en nuestros inicios, adem\u00e1s de una sala de procesos que hicimos con proyecto FIA. Damos valor agregado a nuestros productos y como familia, lo \u00faltimo que hicimos fue un quincho con capacidad para 40 personas, con un servicio servido. De esto vivimos y es una labor hermosa que hacemos con dedicaci\u00f3n y cari\u00f1o\u00bb, se\u00f1al\u00f3 la productora Amanda.<\/p>\n<p style=\"text-align: justify;\">En esta oportunidad el seremi de Agricultura estuvo presente junto a su par de Salud, la directora regional de Indap, Yessica Lagos, y la doctora en Salud Internacional y Nutrici\u00f3n Humana de la Universidad de Chile, Rebecca Kanter, quienes destacaron y pusieron en \u00e9nfasis que en la regi\u00f3n de Ays\u00e9n existen potentes productoras y empresarias que realzan con propiedad el mundo rural y la comercializaci\u00f3n de productos saludables y locales cultivados en la Patagonia.<\/p>\n<\/div><\/section><\/div><div  style='height:50px' class='hr hr-invisible   avia-builder-el-6  el_after_av_one_full  el_before_av_social_share '><span class='hr-inner ' ><span class='hr-inner-style'><\/span><\/span><\/div><\/p>\n<div  class='av-social-sharing-box  avia-builder-el-7  el_after_av_hr  el_before_av_hr  '><div class='av-share-box'><h5 class='av-share-link-description av-no-toc '>Compartir esta noticia<\/h5><ul class='av-share-box-list noLightbox'><li class='av-share-link av-social-link-facebook' ><a target=\"_blank\" aria-label=\"Compartir en Facebook\" href='https:\/\/www.facebook.com\/sharer.php?u=https:\/\/radiorevelacionfm.cl\/?p=47188&#038;t=Gobierno%20y%20productoras%20de%20Ays%C3%A9n%20celebran%20D%C3%ADa%20Mundial%20de%20la%20Alimentaci%C3%B3n%20con%20jornadas%20en%20terreno%20y%20venta%20de%20productos%20hort%C3%ADcolas' aria-hidden='false' data-av_icon='\ue8f3' data-av_iconfont='entypo-fontello' title='' data-avia-related-tooltip='Compartir en Facebook' rel=\"noopener\"><span class='avia_hidden_link_text'>Compartir en Facebook<\/span><\/a><\/li><li class='av-share-link av-social-link-twitter' ><a target=\"_blank\" aria-label=\"Compartir en Twitter\" href='https:\/\/twitter.com\/share?text=Gobierno%20y%20productoras%20de%20Ays%C3%A9n%20celebran%20D%C3%ADa%20Mundial%20de%20la%20Alimentaci%C3%B3n%20con%20jornadas%20en%20terreno%20y%20venta%20de%20productos%20hort%C3%ADcolas&#038;url=https:\/\/radiorevelacionfm.cl\/?p=47188' aria-hidden='false' data-av_icon='\ue8f1' data-av_iconfont='entypo-fontello' title='' data-avia-related-tooltip='Compartir en Twitter' rel=\"noopener\"><span class='avia_hidden_link_text'>Compartir en Twitter<\/span><\/a><\/li><li class='av-share-link av-social-link-whatsapp' ><a target=\"_blank\" aria-label=\"Compartir en Whatsapp\" href='https:\/\/api.whatsapp.com\/send?text=https:\/\/radiorevelacionfm.cl\/?p=47188' aria-hidden='false' data-av_icon='\uf232' data-av_iconfont='entypo-fontello' title='' data-avia-related-tooltip='Compartir en Whatsapp' rel=\"noopener\"><span class='avia_hidden_link_text'>Compartir en Whatsapp<\/span><\/a><\/li><li class='av-share-link av-social-link-linkedin' ><a target=\"_blank\" aria-label=\"Compartir en LinkedIn\" href='https:\/\/linkedin.com\/shareArticle?mini=true&#038;title=Gobierno%20y%20productoras%20de%20Ays%C3%A9n%20celebran%20D%C3%ADa%20Mundial%20de%20la%20Alimentaci%C3%B3n%20con%20jornadas%20en%20terreno%20y%20venta%20de%20productos%20hort%C3%ADcolas&#038;url=https:\/\/radiorevelacionfm.cl\/?p=47188' aria-hidden='false' data-av_icon='\ue8fc' data-av_iconfont='entypo-fontello' title='' data-avia-related-tooltip='Compartir en LinkedIn' rel=\"noopener\"><span class='avia_hidden_link_text'>Compartir en LinkedIn<\/span><\/a><\/li><li class='av-share-link av-social-link-mail' ><a  aria-label=\"Compartir por correo\" href='mailto:?subject=Gobierno%20y%20productoras%20de%20Ays%C3%A9n%20celebran%20D%C3%ADa%20Mundial%20de%20la%20Alimentaci%C3%B3n%20con%20jornadas%20en%20terreno%20y%20venta%20de%20productos%20hort%C3%ADcolas&#038;body=https:\/\/radiorevelacionfm.cl\/?p=47188' aria-hidden='false' data-av_icon='\ue805' data-av_iconfont='entypo-fontello' title='' data-avia-related-tooltip='Compartir por correo'><span class='avia_hidden_link_text'>Compartir por correo<\/span><\/a><\/li><\/ul><\/div><\/div>\n<div  style='height:50px' class='hr hr-invisible   avia-builder-el-8  el_after_av_social_share  el_before_av_comments_list '><span class='hr-inner ' ><span class='hr-inner-style'><\/span><\/span><\/div>\n<div  class='av-buildercomment  av-blog-meta-html-info-disabled av-blog-meta-tag-disabled  '><\/div>\n","protected":false},"excerpt":{"rendered":"","protected":false},"author":1,"featured_media":47190,"comment_status":"open","ping_status":"open","sticky":false,"template":"","format":"standard","meta":{"footnotes":""},"categories":[58],"tags":[],"class_list":["post-47188","post","type-post","status-publish","format-standard","has-post-thumbnail","hentry","category-agricultura"],"jetpack_featured_media_url":"https:\/\/radiorevelacionfm.cl\/wp-content\/uploads\/2024\/10\/foto-horn-02-1_optimized-1.jpeg","_links":{"self":[{"href":"https:\/\/radiorevelacionfm.cl\/index.php?rest_route=\/wp\/v2\/posts\/47188","targetHints":{"allow":["GET"]}}],"collection":[{"href":"https:\/\/radiorevelacionfm.cl\/index.php?rest_route=\/wp\/v2\/posts"}],"about":[{"href":"https:\/\/radiorevelacionfm.cl\/index.php?rest_route=\/wp\/v2\/types\/post"}],"author":[{"embeddable":true,"href":"https:\/\/radiorevelacionfm.cl\/index.php?rest_route=\/wp\/v2\/users\/1"}],"replies":[{"embeddable":true,"href":"https:\/\/radiorevelacionfm.cl\/index.php?rest_route=%2Fwp%2Fv2%2Fcomments&post=47188"}],"version-history":[{"count":1,"href":"https:\/\/radiorevelacionfm.cl\/index.php?rest_route=\/wp\/v2\/posts\/47188\/revisions"}],"predecessor-version":[{"id":47191,"href":"https:\/\/radiorevelacionfm.cl\/index.php?rest_route=\/wp\/v2\/posts\/47188\/revisions\/47191"}],"wp:featuredmedia":[{"embeddable":true,"href":"https:\/\/radiorevelacionfm.cl\/index.php?rest_route=\/wp\/v2\/media\/47190"}],"wp:attachment":[{"href":"https:\/\/radiorevelacionfm.cl\/index.php?rest_route=%2Fwp%2Fv2%2Fmedia&parent=47188"}],"wp:term":[{"taxonomy":"category","embeddable":true,"href":"https:\/\/radiorevelacionfm.cl\/index.php?rest_route=%2Fwp%2Fv2%2Fcategories&post=47188"},{"taxonomy":"post_tag","embeddable":true,"href":"https:\/\/radiorevelacionfm.cl\/index.php?rest_route=%2Fwp%2Fv2%2Ftags&post=47188"}],"curies":[{"name":"wp","href":"https:\/\/api.w.org\/{rel}","templated":true}]}}