{"id":47185,"date":"2024-10-17T16:03:05","date_gmt":"2024-10-17T19:03:05","guid":{"rendered":"https:\/\/radiorevelacionfm.cl\/?p=47185"},"modified":"2024-10-17T16:03:05","modified_gmt":"2024-10-17T19:03:05","slug":"integra-desarrollo-encuentro-de-familias-que-valoriza-la-cultura-y-la-crianza-respetuosa","status":"publish","type":"post","link":"https:\/\/radiorevelacionfm.cl\/?p=47185","title":{"rendered":"Integra desarroll\u00f3 encuentro de Familias que valoriza la cultura y la crianza respetuosa"},"content":{"rendered":"<div class=\"flex_column av_one_full  flex_column_div av-zero-column-padding first  avia-builder-el-0  el_before_av_one_full  avia-builder-el-first  \" style='border-radius:0px; '><div  class='avia-image-container  av-styling-    avia-builder-el-1  avia-builder-el-no-sibling  avia-align-center '  itemprop=\"image\" itemscope=\"itemscope\" itemtype=\"https:\/\/schema.org\/ImageObject\"  ><div class='avia-image-container-inner'><div class='avia-image-overlay-wrap'><img decoding=\"async\" class='wp-image-47186 avia-img-lazy-loading-not-47186 avia_image' src=\"https:\/\/radiorevelacionfm.cl\/wp-content\/uploads\/2024\/10\/IMG_4791-1-1.jpg\" alt='' title='IMG_4791 (1) (1)' height=\"600\" width=\"1029\"  itemprop=\"thumbnailUrl\" srcset=\"https:\/\/radiorevelacionfm.cl\/wp-content\/uploads\/2024\/10\/IMG_4791-1-1.jpg 1029w, https:\/\/radiorevelacionfm.cl\/wp-content\/uploads\/2024\/10\/IMG_4791-1-1-300x175.jpg 300w, https:\/\/radiorevelacionfm.cl\/wp-content\/uploads\/2024\/10\/IMG_4791-1-1-768x448.jpg 768w, https:\/\/radiorevelacionfm.cl\/wp-content\/uploads\/2024\/10\/IMG_4791-1-1-705x411.jpg 705w, https:\/\/radiorevelacionfm.cl\/wp-content\/uploads\/2024\/10\/IMG_4791-1-1-450x262.jpg 450w, https:\/\/radiorevelacionfm.cl\/wp-content\/uploads\/2024\/10\/IMG_4791-1-1-600x350.jpg 600w\" sizes=\"(max-width: 1029px) 100vw, 1029px\" \/><\/div><\/div><\/div><\/div><div class=\"flex_column av_one_full  flex_column_div av-zero-column-padding first  avia-builder-el-2  el_after_av_one_full  el_before_av_one_full  column-top-margin\" style='border-radius:0px; '><section class=\"av_textblock_section \"  itemscope=\"itemscope\" itemtype=\"https:\/\/schema.org\/BlogPosting\" itemprop=\"blogPost\" ><div class='avia_textblock  '   itemprop=\"text\" ><p style=\"text-align: center;\"><strong><span style=\"font-size: 18pt;\">Integra desarroll\u00f3 encuentro de Familias que valoriza la cultura y la crianza respetuosa<\/span><\/strong><\/p>\n<div id=\"gtx-trans\" style=\"position: absolute; left: -50px; top: 4.31534px;\">\n<div class=\"gtx-trans-icon\"><\/div>\n<\/div>\n<\/div><\/section><\/div><div class=\"flex_column av_one_full  flex_column_div av-zero-column-padding first  avia-builder-el-4  el_after_av_one_full  el_before_av_hr  column-top-margin\" style='border-radius:0px; '><section class=\"av_textblock_section \"  itemscope=\"itemscope\" itemtype=\"https:\/\/schema.org\/BlogPosting\" itemprop=\"blogPost\" ><div class='avia_textblock  '   itemprop=\"text\" ><p style=\"text-align: justify;\"><em>Durante el evento, madres, padres y cuidadores compartieron sus vivencias personales y tradiciones, revalorizando sus propias historias de vida, ligadas a sus or\u00edgenes y contextos culturales.<\/em><\/p>\n<p style=\"text-align: justify;\">En un esfuerzo por reconocer y fortalecer los v\u00ednculos entre las familias y la comunidad educativa, Fundaci\u00f3n Integra realiz\u00f3 el \u201cEncuentro entre padres rescatando y valorando los saberes\u201d iniciativa que destaca la importancia de los saberes y las culturas en la educaci\u00f3n y crianza de los ni\u00f1os y ni\u00f1as. La actividad fue posible gracias al financiamiento del Gobierno Regional de Ays\u00e9n y su consejo a trav\u00e9s del Concurso de Vinculaci\u00f3n con la Comunidad 8% de este 2024.<\/p>\n<p style=\"text-align: justify;\">Este espacio permiti\u00f3 a las familias reencontrarse con elementos esenciales de su identidad personal y cultural, lo que a su vez tuvo un impacto positivo en las pr\u00e1cticas de crianza y educativas de sus hijos. El intercambio de experiencias y relatos entre generaciones se convirti\u00f3 en un pilar fundamental para contribuir al desarrollo integral de los ni\u00f1os y ni\u00f1as, conectando la sabidur\u00eda de las familias con el aprendizaje en el hogar y en la educaci\u00f3n parvularia.<\/p>\n<p style=\"text-align: justify;\">La directora regional de Fundaci\u00f3n Integra, Leticia Araya Norambuena destac\u00f3 que \u201cfue una instancia significativa y pensada en seguir afianzando el trabajo articulado que tenemos con nuestras familias. Por lo tanto, el poder rescatar los saberes de cada una de las familias nos permiti\u00f3 poder tener una conversaci\u00f3n que nos hizo reflexionar y reconstruir los sue\u00f1os de nuestros hijos e hijas\u201d.<\/p>\n<p style=\"text-align: justify;\">La propuesta del encuentro se centr\u00f3 en preservar y revalorar las expresiones y tradiciones familiares, con un enfoque en la crianza respetuosa y la transmisi\u00f3n de saberes, a la vez que se busc\u00f3 promover estrategias para integrar pr\u00e1cticas con enfoque de g\u00e9nero en la crianza. Este enfoque es clave para transformar positivamente las interacciones familiares, favoreciendo un desarrollo integral de los ni\u00f1os y ni\u00f1as, a trav\u00e9s de la construcci\u00f3n de un proyecto educativo participativo y comunitario.<\/p>\n<p style=\"text-align: justify;\">Roc\u00edo Mart\u00ednez de Fundaci\u00f3n de la Familia y relatora a cargo de este encuentro destac\u00f3 la importancia de estos espacios y de nutrir de los saberes propios y \u201ca seguir haciendo este trabajo articulado y colabor\u00e1ndonos entre las redes. Creo que las relaciones institucionales tienen que relacionarse, conversar entre ellos con el objetivo de que las familias sigan nutri\u00e9ndose\u201d.<\/p>\n<p style=\"text-align: justify;\">Durante la jornada, se destac\u00f3 el valor de la transmisi\u00f3n de saberes y experiencias de las figuras significativas en la vida de los ni\u00f1os y ni\u00f1as, como un proceso fundamental para la construcci\u00f3n de sus identidades de g\u00e9nero. Se enfatiz\u00f3 c\u00f3mo estas pr\u00e1cticas, basadas en un enfoque de g\u00e9nero, representan un espacio crucial para la transformaci\u00f3n social y la superaci\u00f3n de las inequidades y discriminaciones de g\u00e9nero desde la primera infancia.<\/p>\n<p style=\"text-align: justify;\">La jefa de la divisi\u00f3n de desarrollo social y humano del Gobierno Regional de Ays\u00e9n, Vania C\u00e1ceres Medina destac\u00f3 que \u201ces significativo el trabajo colaborativo que hemos desarrollado con Fundaci\u00f3n Integra, entendiendo que para todos debe ser una preocupaci\u00f3n el trabajo hacia y con los ni\u00f1os(as) porque da cuenta de que hay una comunidad que act\u00faa en consecuencia y en favor de ellos\u201d.<\/p>\n<p style=\"text-align: justify;\">Este tipo de encuentros no solo contribuyen al fortalecimiento de los lazos familiares y el reconocimiento de la diversidad cultural, sino que tambi\u00e9n fomentan el ejercicio democr\u00e1tico de los derechos de los ni\u00f1os, ni\u00f1as y sus familias, promoviendo entornos m\u00e1s inclusivos y respetuosos. La importancia de estas pr\u00e1cticas radica en que no solo mejoran las relaciones dentro del hogar, sino que tambi\u00e9n abren las puertas a un cambio social m\u00e1s amplio, favoreciendo una sociedad m\u00e1s equitativa e inclusiva.<\/p>\n<p style=\"text-align: justify;\">Bruno Aguirre, uno de los apoderados asistentes a este espacio destac\u00f3 que \u201cfue un espacio bonito, de encuentro y que me permiti\u00f3 reencontrarme con lo que viv\u00ed de peque\u00f1o y de recordar cosas. Una instancia muy enriquecedora que nos llevamos para la casa\u201d.<\/p>\n<p style=\"text-align: justify;\">Por su parte, Mar\u00eda Macilla, tambi\u00e9n apoderada de los jardines de Fundaci\u00f3n Integra destac\u00f3 que \u201cson geniales estos encuentros y me encantan. Me voy con la mejor experiencia y un gran recuerdo de lo que se vive ac\u00e1\u201d.<\/p>\n<p style=\"text-align: justify;\">El \u00abEncuentro entre padres rescatando y valorando los saberes\u00bb no solo fue una oportunidad para revalorizar la cultura y las tradiciones familiares, sino tambi\u00e9n para fomentar pr\u00e1cticas de crianza que respeten la equidad de g\u00e9nero, promoviendo una transformaci\u00f3n en la educaci\u00f3n y en la vida de las futuras generaciones.<\/p>\n<\/div><\/section><\/div><div  style='height:50px' class='hr hr-invisible   avia-builder-el-6  el_after_av_one_full  el_before_av_social_share '><span class='hr-inner ' ><span class='hr-inner-style'><\/span><\/span><\/div><\/p>\n<div  class='av-social-sharing-box  avia-builder-el-7  el_after_av_hr  el_before_av_hr  '><div class='av-share-box'><h5 class='av-share-link-description av-no-toc '>Compartir esta noticia<\/h5><ul class='av-share-box-list noLightbox'><li class='av-share-link av-social-link-facebook' ><a target=\"_blank\" aria-label=\"Compartir en Facebook\" href='https:\/\/www.facebook.com\/sharer.php?u=https:\/\/radiorevelacionfm.cl\/?p=47185&#038;t=Integra%20desarroll%C3%B3%20encuentro%20de%20Familias%20que%20valoriza%20la%20cultura%20y%20la%20crianza%20respetuosa' aria-hidden='false' data-av_icon='\ue8f3' data-av_iconfont='entypo-fontello' title='' data-avia-related-tooltip='Compartir en Facebook' rel=\"noopener\"><span class='avia_hidden_link_text'>Compartir en Facebook<\/span><\/a><\/li><li class='av-share-link av-social-link-twitter' ><a target=\"_blank\" aria-label=\"Compartir en Twitter\" href='https:\/\/twitter.com\/share?text=Integra%20desarroll%C3%B3%20encuentro%20de%20Familias%20que%20valoriza%20la%20cultura%20y%20la%20crianza%20respetuosa&#038;url=https:\/\/radiorevelacionfm.cl\/?p=47185' aria-hidden='false' data-av_icon='\ue8f1' data-av_iconfont='entypo-fontello' title='' data-avia-related-tooltip='Compartir en Twitter' rel=\"noopener\"><span class='avia_hidden_link_text'>Compartir en Twitter<\/span><\/a><\/li><li class='av-share-link av-social-link-whatsapp' ><a target=\"_blank\" aria-label=\"Compartir en Whatsapp\" href='https:\/\/api.whatsapp.com\/send?text=https:\/\/radiorevelacionfm.cl\/?p=47185' aria-hidden='false' data-av_icon='\uf232' data-av_iconfont='entypo-fontello' title='' data-avia-related-tooltip='Compartir en Whatsapp' rel=\"noopener\"><span class='avia_hidden_link_text'>Compartir en Whatsapp<\/span><\/a><\/li><li class='av-share-link av-social-link-linkedin' ><a target=\"_blank\" aria-label=\"Compartir en LinkedIn\" href='https:\/\/linkedin.com\/shareArticle?mini=true&#038;title=Integra%20desarroll%C3%B3%20encuentro%20de%20Familias%20que%20valoriza%20la%20cultura%20y%20la%20crianza%20respetuosa&#038;url=https:\/\/radiorevelacionfm.cl\/?p=47185' aria-hidden='false' data-av_icon='\ue8fc' data-av_iconfont='entypo-fontello' title='' data-avia-related-tooltip='Compartir en LinkedIn' rel=\"noopener\"><span class='avia_hidden_link_text'>Compartir en LinkedIn<\/span><\/a><\/li><li class='av-share-link av-social-link-mail' ><a  aria-label=\"Compartir por correo\" href='mailto:?subject=Integra%20desarroll%C3%B3%20encuentro%20de%20Familias%20que%20valoriza%20la%20cultura%20y%20la%20crianza%20respetuosa&#038;body=https:\/\/radiorevelacionfm.cl\/?p=47185' aria-hidden='false' data-av_icon='\ue805' data-av_iconfont='entypo-fontello' title='' data-avia-related-tooltip='Compartir por correo'><span class='avia_hidden_link_text'>Compartir por correo<\/span><\/a><\/li><\/ul><\/div><\/div>\n<div  style='height:50px' class='hr hr-invisible   avia-builder-el-8  el_after_av_social_share  el_before_av_comments_list '><span class='hr-inner ' ><span class='hr-inner-style'><\/span><\/span><\/div>\n<div  class='av-buildercomment  av-blog-meta-html-info-disabled av-blog-meta-tag-disabled  '><\/div>\n","protected":false},"excerpt":{"rendered":"","protected":false},"author":1,"featured_media":47186,"comment_status":"open","ping_status":"open","sticky":false,"template":"","format":"standard","meta":{"footnotes":""},"categories":[49],"tags":[],"class_list":["post-47185","post","type-post","status-publish","format-standard","has-post-thumbnail","hentry","category-educacion"],"jetpack_featured_media_url":"https:\/\/radiorevelacionfm.cl\/wp-content\/uploads\/2024\/10\/IMG_4791-1-1.jpg","_links":{"self":[{"href":"https:\/\/radiorevelacionfm.cl\/index.php?rest_route=\/wp\/v2\/posts\/47185","targetHints":{"allow":["GET"]}}],"collection":[{"href":"https:\/\/radiorevelacionfm.cl\/index.php?rest_route=\/wp\/v2\/posts"}],"about":[{"href":"https:\/\/radiorevelacionfm.cl\/index.php?rest_route=\/wp\/v2\/types\/post"}],"author":[{"embeddable":true,"href":"https:\/\/radiorevelacionfm.cl\/index.php?rest_route=\/wp\/v2\/users\/1"}],"replies":[{"embeddable":true,"href":"https:\/\/radiorevelacionfm.cl\/index.php?rest_route=%2Fwp%2Fv2%2Fcomments&post=47185"}],"version-history":[{"count":1,"href":"https:\/\/radiorevelacionfm.cl\/index.php?rest_route=\/wp\/v2\/posts\/47185\/revisions"}],"predecessor-version":[{"id":47187,"href":"https:\/\/radiorevelacionfm.cl\/index.php?rest_route=\/wp\/v2\/posts\/47185\/revisions\/47187"}],"wp:featuredmedia":[{"embeddable":true,"href":"https:\/\/radiorevelacionfm.cl\/index.php?rest_route=\/wp\/v2\/media\/47186"}],"wp:attachment":[{"href":"https:\/\/radiorevelacionfm.cl\/index.php?rest_route=%2Fwp%2Fv2%2Fmedia&parent=47185"}],"wp:term":[{"taxonomy":"category","embeddable":true,"href":"https:\/\/radiorevelacionfm.cl\/index.php?rest_route=%2Fwp%2Fv2%2Fcategories&post=47185"},{"taxonomy":"post_tag","embeddable":true,"href":"https:\/\/radiorevelacionfm.cl\/index.php?rest_route=%2Fwp%2Fv2%2Ftags&post=47185"}],"curies":[{"name":"wp","href":"https:\/\/api.w.org\/{rel}","templated":true}]}}