{"id":47182,"date":"2024-10-17T15:21:10","date_gmt":"2024-10-17T18:21:10","guid":{"rendered":"https:\/\/radiorevelacionfm.cl\/?p=47182"},"modified":"2024-10-17T15:50:10","modified_gmt":"2024-10-17T18:50:10","slug":"energia-limpia-para-aysen-se-inauguro-la-ampliacion-del-parque-eolico-alto-baguales","status":"publish","type":"post","link":"https:\/\/radiorevelacionfm.cl\/?p=47182","title":{"rendered":"Energ\u00eda limpia para Ays\u00e9n: Se inici\u00f3 la ampliaci\u00f3n del Parque E\u00f3lico Alto Baguales"},"content":{"rendered":"<div class=\"flex_column av_one_full  flex_column_div av-zero-column-padding first  avia-builder-el-0  el_before_av_one_full  avia-builder-el-first  \" style='border-radius:0px; '><div  class='avia-image-container  av-styling-    avia-builder-el-1  avia-builder-el-no-sibling  avia-align-center '  itemprop=\"image\" itemscope=\"itemscope\" itemtype=\"https:\/\/schema.org\/ImageObject\"  ><div class='avia-image-container-inner'><div class='avia-image-overlay-wrap'><img decoding=\"async\" class='wp-image-47183 avia-img-lazy-loading-not-47183 avia_image' src=\"https:\/\/radiorevelacionfm.cl\/wp-content\/uploads\/2024\/10\/hito-baguales3-1_optimized.jpeg\" alt='' title='hito-baguales3-(1)_optimized' height=\"600\" width=\"800\"  itemprop=\"thumbnailUrl\" srcset=\"https:\/\/radiorevelacionfm.cl\/wp-content\/uploads\/2024\/10\/hito-baguales3-1_optimized.jpeg 800w, https:\/\/radiorevelacionfm.cl\/wp-content\/uploads\/2024\/10\/hito-baguales3-1_optimized-300x225.jpeg 300w, https:\/\/radiorevelacionfm.cl\/wp-content\/uploads\/2024\/10\/hito-baguales3-1_optimized-768x576.jpeg 768w, https:\/\/radiorevelacionfm.cl\/wp-content\/uploads\/2024\/10\/hito-baguales3-1_optimized-705x529.jpeg 705w, https:\/\/radiorevelacionfm.cl\/wp-content\/uploads\/2024\/10\/hito-baguales3-1_optimized-450x338.jpeg 450w, https:\/\/radiorevelacionfm.cl\/wp-content\/uploads\/2024\/10\/hito-baguales3-1_optimized-600x450.jpeg 600w\" sizes=\"(max-width: 800px) 100vw, 800px\" \/><\/div><\/div><\/div><\/div>\n<div class=\"flex_column av_one_full  flex_column_div av-zero-column-padding first  avia-builder-el-2  el_after_av_one_full  el_before_av_one_full  column-top-margin\" style='border-radius:0px; '><section class=\"av_textblock_section \"  itemscope=\"itemscope\" itemtype=\"https:\/\/schema.org\/BlogPosting\" itemprop=\"blogPost\" ><div class='avia_textblock  '   itemprop=\"text\" ><p style=\"text-align: center;\"><strong><span style=\"font-size: 18pt;\">Energ\u00eda limpia para Ays\u00e9n: Se inici\u00f3 la ampliaci\u00f3n del Parque E\u00f3lico Alto Baguales<\/span><\/strong><\/p>\n<div id=\"gtx-trans\" style=\"position: absolute; left: -50px; top: 4.31534px;\">\n<div class=\"gtx-trans-icon\"><\/div>\n<\/div>\n<\/div><\/section><\/div><div class=\"flex_column av_one_full  flex_column_div av-zero-column-padding first  avia-builder-el-4  el_after_av_one_full  el_before_av_hr  column-top-margin\" style='border-radius:0px; '><section class=\"av_textblock_section \"  itemscope=\"itemscope\" itemtype=\"https:\/\/schema.org\/BlogPosting\" itemprop=\"blogPost\" ><div class='avia_textblock  '   itemprop=\"text\" ><p style=\"text-align: justify;\">Contribuir a la estabilidad y calidad al sistema el\u00e9ctrico regional que conecta a Coyhaique, reduciendo las emisiones de gases de efecto invernadero, son solo algunos de los beneficios que traer\u00e1 la ampliaci\u00f3n del Parque E\u00f3lico Alto Baguales. Este proyecto, cuya inversi\u00f3n es de 34 MM USD, se inaugur\u00f3 este martes 15 de octubre, con la colocaci\u00f3n de la primera piedra, lo que representa un avance significativo en la generaci\u00f3n de energ\u00eda el\u00e9ctrica a partir de fuentes renovables no convencionales (ERNC) en la regi\u00f3n.<\/p>\n<p style=\"text-align: justify;\">La ceremonia de inauguraci\u00f3n, que cont\u00f3 con la participaci\u00f3n de autoridades locales y regionales, subray\u00f3 la importancia de la coordinaci\u00f3n p\u00fablica-privada para impulsar proyectos que benefician la calidad de los habitantes de la regi\u00f3n.<\/p>\n<p style=\"text-align: justify;\">El gerente de Edelaysen, Leonardo Mor\u00e1n Aldana, subray\u00f3: \u00abAlto Baguales contribuir\u00e1 de manera significativa a la reducci\u00f3n de las emisiones de gases de efecto invernadero. Adem\u00e1s, proporcionar\u00e1 estabilidad al sistema el\u00e9ctrico de Ays\u00e9n gracias a su capacidad de almacenamiento y bater\u00edas de respaldo. Esto no solo garantizar\u00e1 una mayor estabilidad e inercia en la red el\u00e9ctrica, sino que tambi\u00e9n ayudar\u00e1 a contener el aumento de los costos de generaci\u00f3n de energ\u00eda en la regi\u00f3n.\u00bb<\/p>\n<p style=\"text-align: justify;\">En detalle, la ampliaci\u00f3n contempla la instalaci\u00f3n de cinco aerogeneradores de 3 MW cada uno, alcanzando un total de 15 MW de potencia, junto con un sistema de almacenamiento de 2,5 MW. Esta iniciativa permitir\u00e1 dejar de utilizar 14,6 millones de litros de di\u00e9sel al a\u00f1o, lo que equivale a reducir el consumo de combustible de m\u00e1s de 7.000 veh\u00edculos durante un a\u00f1o.<\/p>\n<p style=\"text-align: justify;\">Durante el evento, Rodrigo Araya, delegado presidencial expres\u00f3: \u201cPara nuestro gobierno todo lo que es un avance en la descarbonizaci\u00f3n es algo que hay que celebrar. Esta empresa que como saben inicio su proceso de evaluaci\u00f3n de impacto ambiental en 2021, que finalmente se llev\u00f3 a t\u00e9rmino pasando todas las etapas, cumpliendo con toda la normativa han permitido dar inicio a esta gran obra. Esta es una de las grandes inversiones en nuestra regi\u00f3n, ustedes saben que el principal inversor en la regi\u00f3n es el Estado, por lo tanto vemos como la inversi\u00f3n privada ha ido en aumento y este precisamente es un proyecto bastante grande, por lo tanto felices de ser parte de este hito\u201d.<\/p>\n<p style=\"text-align: justify;\">Por su parte, Tom\u00e1s Laibe, Seremi de Energ\u00eda, agreg\u00f3: \u201cEstamos muy contentos con este hito que es fundamental para el desarrollo econ\u00f3mico y energ\u00e9tico de la regi\u00f3n de Ays\u00e9n. La ampliaci\u00f3n del parque Alto Baguales va a permitir un aumento en la capacidad de generaci\u00f3n e\u00f3lica en Ays\u00e9n, duplicar la capacidad de generaci\u00f3n con energ\u00eda renovable, reducir a la mitad el consumo de di\u00e9sel, por lo tanto aporta desarrollo econ\u00f3mico, dinamizando la econom\u00eda de la regi\u00f3n con una inversi\u00f3n de 30 millones de d\u00f3lares que tendr\u00e1 alrededor de 100 personas trabajando en su etapa de construcci\u00f3n y en segundo lugar aprovechar los recursos naturales m\u00faltiples que tenemos como regi\u00f3n\u201d.<\/p>\n<p style=\"text-align: justify;\">Se estima que la nueva instalaci\u00f3n comenzar\u00e1 a operar en diciembre de 2025, estableciendo las bases para un futuro energ\u00e9tico m\u00e1s sostenible y accesible.<\/p>\n<\/div><\/section><\/div><\/p>\n<div  style='height:50px' class='hr hr-invisible   avia-builder-el-6  el_after_av_one_full  el_before_av_social_share '><span class='hr-inner ' ><span class='hr-inner-style'><\/span><\/span><\/div>\n<div  class='av-social-sharing-box  avia-builder-el-7  el_after_av_hr  el_before_av_hr  '><div class='av-share-box'><h5 class='av-share-link-description av-no-toc '>Compartir esta noticia<\/h5><ul class='av-share-box-list noLightbox'><li class='av-share-link av-social-link-facebook' ><a target=\"_blank\" aria-label=\"Compartir en Facebook\" href='https:\/\/www.facebook.com\/sharer.php?u=https:\/\/radiorevelacionfm.cl\/?p=47182&#038;t=Energ%C3%ADa%20limpia%20para%20Ays%C3%A9n%3A%20Se%20inici%C3%B3%20la%20ampliaci%C3%B3n%20del%20Parque%20E%C3%B3lico%20Alto%20Baguales' aria-hidden='false' data-av_icon='\ue8f3' data-av_iconfont='entypo-fontello' title='' data-avia-related-tooltip='Compartir en Facebook' rel=\"noopener\"><span class='avia_hidden_link_text'>Compartir en Facebook<\/span><\/a><\/li><li class='av-share-link av-social-link-twitter' ><a target=\"_blank\" aria-label=\"Compartir en Twitter\" href='https:\/\/twitter.com\/share?text=Energ%C3%ADa%20limpia%20para%20Ays%C3%A9n%3A%20Se%20inici%C3%B3%20la%20ampliaci%C3%B3n%20del%20Parque%20E%C3%B3lico%20Alto%20Baguales&#038;url=https:\/\/radiorevelacionfm.cl\/?p=47182' aria-hidden='false' data-av_icon='\ue8f1' data-av_iconfont='entypo-fontello' title='' data-avia-related-tooltip='Compartir en Twitter' rel=\"noopener\"><span class='avia_hidden_link_text'>Compartir en Twitter<\/span><\/a><\/li><li class='av-share-link av-social-link-whatsapp' ><a target=\"_blank\" aria-label=\"Compartir en Whatsapp\" href='https:\/\/api.whatsapp.com\/send?text=https:\/\/radiorevelacionfm.cl\/?p=47182' aria-hidden='false' data-av_icon='\uf232' data-av_iconfont='entypo-fontello' title='' data-avia-related-tooltip='Compartir en Whatsapp' rel=\"noopener\"><span class='avia_hidden_link_text'>Compartir en Whatsapp<\/span><\/a><\/li><li class='av-share-link av-social-link-linkedin' ><a target=\"_blank\" aria-label=\"Compartir en LinkedIn\" href='https:\/\/linkedin.com\/shareArticle?mini=true&#038;title=Energ%C3%ADa%20limpia%20para%20Ays%C3%A9n%3A%20Se%20inici%C3%B3%20la%20ampliaci%C3%B3n%20del%20Parque%20E%C3%B3lico%20Alto%20Baguales&#038;url=https:\/\/radiorevelacionfm.cl\/?p=47182' aria-hidden='false' data-av_icon='\ue8fc' data-av_iconfont='entypo-fontello' title='' data-avia-related-tooltip='Compartir en LinkedIn' rel=\"noopener\"><span class='avia_hidden_link_text'>Compartir en LinkedIn<\/span><\/a><\/li><li class='av-share-link av-social-link-mail' ><a  aria-label=\"Compartir por correo\" href='mailto:?subject=Energ%C3%ADa%20limpia%20para%20Ays%C3%A9n%3A%20Se%20inici%C3%B3%20la%20ampliaci%C3%B3n%20del%20Parque%20E%C3%B3lico%20Alto%20Baguales&#038;body=https:\/\/radiorevelacionfm.cl\/?p=47182' aria-hidden='false' data-av_icon='\ue805' data-av_iconfont='entypo-fontello' title='' data-avia-related-tooltip='Compartir por correo'><span class='avia_hidden_link_text'>Compartir por correo<\/span><\/a><\/li><\/ul><\/div><\/div>\n<div  style='height:50px' class='hr hr-invisible   avia-builder-el-8  el_after_av_social_share  el_before_av_comments_list '><span class='hr-inner ' ><span class='hr-inner-style'><\/span><\/span><\/div>\n<div  class='av-buildercomment  av-blog-meta-html-info-disabled av-blog-meta-tag-disabled  '><\/div>\n","protected":false},"excerpt":{"rendered":"","protected":false},"author":1,"featured_media":47183,"comment_status":"open","ping_status":"open","sticky":false,"template":"","format":"standard","meta":{"footnotes":""},"categories":[38],"tags":[],"class_list":["post-47182","post","type-post","status-publish","format-standard","has-post-thumbnail","hentry","category-regional"],"jetpack_featured_media_url":"https:\/\/radiorevelacionfm.cl\/wp-content\/uploads\/2024\/10\/hito-baguales3-1_optimized.jpeg","_links":{"self":[{"href":"https:\/\/radiorevelacionfm.cl\/index.php?rest_route=\/wp\/v2\/posts\/47182","targetHints":{"allow":["GET"]}}],"collection":[{"href":"https:\/\/radiorevelacionfm.cl\/index.php?rest_route=\/wp\/v2\/posts"}],"about":[{"href":"https:\/\/radiorevelacionfm.cl\/index.php?rest_route=\/wp\/v2\/types\/post"}],"author":[{"embeddable":true,"href":"https:\/\/radiorevelacionfm.cl\/index.php?rest_route=\/wp\/v2\/users\/1"}],"replies":[{"embeddable":true,"href":"https:\/\/radiorevelacionfm.cl\/index.php?rest_route=%2Fwp%2Fv2%2Fcomments&post=47182"}],"version-history":[{"count":2,"href":"https:\/\/radiorevelacionfm.cl\/index.php?rest_route=\/wp\/v2\/posts\/47182\/revisions"}],"predecessor-version":[{"id":47189,"href":"https:\/\/radiorevelacionfm.cl\/index.php?rest_route=\/wp\/v2\/posts\/47182\/revisions\/47189"}],"wp:featuredmedia":[{"embeddable":true,"href":"https:\/\/radiorevelacionfm.cl\/index.php?rest_route=\/wp\/v2\/media\/47183"}],"wp:attachment":[{"href":"https:\/\/radiorevelacionfm.cl\/index.php?rest_route=%2Fwp%2Fv2%2Fmedia&parent=47182"}],"wp:term":[{"taxonomy":"category","embeddable":true,"href":"https:\/\/radiorevelacionfm.cl\/index.php?rest_route=%2Fwp%2Fv2%2Fcategories&post=47182"},{"taxonomy":"post_tag","embeddable":true,"href":"https:\/\/radiorevelacionfm.cl\/index.php?rest_route=%2Fwp%2Fv2%2Ftags&post=47182"}],"curies":[{"name":"wp","href":"https:\/\/api.w.org\/{rel}","templated":true}]}}