{"id":47179,"date":"2024-10-17T20:59:13","date_gmt":"2024-10-17T23:59:13","guid":{"rendered":"https:\/\/radiorevelacionfm.cl\/?p=47179"},"modified":"2024-10-17T20:59:46","modified_gmt":"2024-10-17T23:59:46","slug":"senador-sandoval-insta-al-gobierno-a-definir-como-enfrentara-tecnica-y-financieramente-la-pavimentacion-de-la-carretera-austral","status":"publish","type":"post","link":"https:\/\/radiorevelacionfm.cl\/?p=47179","title":{"rendered":"Sandoval insta al Gobierno a definir c\u00f3mo enfrentar\u00e1 t\u00e9cnica y financieramente la pavimentaci\u00f3n de la Carretera Austral"},"content":{"rendered":"<div class=\"flex_column av_one_full  flex_column_div av-zero-column-padding first  avia-builder-el-0  el_before_av_one_full  avia-builder-el-first  \" style='border-radius:0px; '><div  class='avia-image-container  av-styling-    avia-builder-el-1  avia-builder-el-no-sibling  avia-align-center '  itemprop=\"image\" itemscope=\"itemscope\" itemtype=\"https:\/\/schema.org\/ImageObject\"  ><div class='avia-image-container-inner'><div class='avia-image-overlay-wrap'><img decoding=\"async\" class='wp-image-47180 avia-img-lazy-loading-not-47180 avia_image' src=\"https:\/\/radiorevelacionfm.cl\/wp-content\/uploads\/2024\/10\/senador-sandoval-en-subcomisiOn-mixta-presupuesto-mop-1_optimized.jpg\" alt='' title='senador-sandoval-en-subcomisi\u00d3n-mixta-presupuesto-mop-(1)_optimized' height=\"600\" width=\"800\"  itemprop=\"thumbnailUrl\" srcset=\"https:\/\/radiorevelacionfm.cl\/wp-content\/uploads\/2024\/10\/senador-sandoval-en-subcomisiOn-mixta-presupuesto-mop-1_optimized.jpg 800w, https:\/\/radiorevelacionfm.cl\/wp-content\/uploads\/2024\/10\/senador-sandoval-en-subcomisiOn-mixta-presupuesto-mop-1_optimized-300x225.jpg 300w, https:\/\/radiorevelacionfm.cl\/wp-content\/uploads\/2024\/10\/senador-sandoval-en-subcomisiOn-mixta-presupuesto-mop-1_optimized-768x576.jpg 768w, https:\/\/radiorevelacionfm.cl\/wp-content\/uploads\/2024\/10\/senador-sandoval-en-subcomisiOn-mixta-presupuesto-mop-1_optimized-705x529.jpg 705w, https:\/\/radiorevelacionfm.cl\/wp-content\/uploads\/2024\/10\/senador-sandoval-en-subcomisiOn-mixta-presupuesto-mop-1_optimized-450x338.jpg 450w, https:\/\/radiorevelacionfm.cl\/wp-content\/uploads\/2024\/10\/senador-sandoval-en-subcomisiOn-mixta-presupuesto-mop-1_optimized-600x450.jpg 600w\" sizes=\"(max-width: 800px) 100vw, 800px\" \/><\/div><\/div><\/div><\/div>\n<div class=\"flex_column av_one_full  flex_column_div av-zero-column-padding first  avia-builder-el-2  el_after_av_one_full  el_before_av_one_full  column-top-margin\" style='border-radius:0px; '><section class=\"av_textblock_section \"  itemscope=\"itemscope\" itemtype=\"https:\/\/schema.org\/BlogPosting\" itemprop=\"blogPost\" ><div class='avia_textblock  '   itemprop=\"text\" ><p style=\"text-align: center;\"><span style=\"font-size: 18pt;\"><strong>Sandoval insta al Gobierno a definir c\u00f3mo enfrentar\u00e1 t\u00e9cnica y financieramente la pavimentaci\u00f3n de la Carretera Austral <\/strong><\/span><\/p>\n<div id=\"gtx-trans\" style=\"position: absolute; left: -50px; top: 4.31534px;\">\n<div class=\"gtx-trans-icon\"><\/div>\n<\/div>\n<\/div><\/section><\/div><div class=\"flex_column av_one_full  flex_column_div av-zero-column-padding first  avia-builder-el-4  el_after_av_one_full  el_before_av_hr  column-top-margin\" style='border-radius:0px; '><section class=\"av_textblock_section \"  itemscope=\"itemscope\" itemtype=\"https:\/\/schema.org\/BlogPosting\" itemprop=\"blogPost\" ><div class='avia_textblock  '   itemprop=\"text\" ><p style=\"text-align: justify;\"><em>Esto, pues en el actual escenario, el parlamentario estima que la actual administraci\u00f3n no cumplir\u00e1 su compromiso de avanzar en 140 Km. de pavimentos de la ruta 7.<\/em><\/p>\n<p style=\"text-align: justify;\">Durante el debate en la subcomisi\u00f3n mixta de Presupuesto, donde se analiza, entre otras, la partida del Ministerio de Obras P\u00fablicas (MOP,), el senador David Sandoval reiter\u00f3 su preocupaci\u00f3n por el nulo avance que ha tenido la pavimentaci\u00f3n de la Carretera Austral durante esta administraci\u00f3n.<\/p>\n<p style=\"text-align: justify;\">\u201cEl presidente (Gabriel) Boric sin ninguna presi\u00f3n en la regi\u00f3n de Ays\u00e9n se comprometi\u00f3 que el Ministerio de Obras P\u00fablicas iba a llevar adelante la pavimentaci\u00f3n de 140 km durante su administraci\u00f3n\u201d, record\u00f3 Sandoval durante su intervenci\u00f3n, agregando que cuando un Gobierno no cumple su palabra, las responsabilidades recaen \u201cen su equipo de gesti\u00f3n, en este caso el Ministerio, la ministra y todos sus equipos para abajo\u201d.<\/p>\n<p style=\"text-align: justify;\">En ese contexto, el parlamentario dijo: \u201chay que plantearse qu\u00e9 es lo que pasa, porque de estos 140 km en esta administraci\u00f3n, en la pr\u00e1ctica, no se ha hecho ning\u00fan metro\u201d, recordando que, en materia de licitaciones, hubo una en la zona del puente Chacabuco, con una obra licitada por cerca de $21 mil millones, con un solo oferente y que superaba pr\u00e1cticamente en el doble del presupuesto oficial. \u201c\u00bfHabr\u00e1 un cambio de estrategia? Pero el compromiso de pavimentar los 140 km hoy d\u00eda no existe y el Gobierno no los va a cumplir definitivamente\u201d, remarc\u00f3.<\/p>\n<p style=\"text-align: justify;\">Con todo, el legislador record\u00f3 la responsabilidad que tiene el Estado con la ruta 7, esperando por lo mismo se puedan idear mecanismos complementarios que hagan ver la relevancia que tiene este tema para los habitantes de la zona sur austral del pa\u00eds. \u201cAs\u00ed como hemos visto que en los pr\u00f3ximos meses se ve la concesi\u00f3n de la ruta 68, el tren a Valpara\u00edso, el puente sobre el canal de Chacao, tambi\u00e9n ser\u00eda emblem\u00e1tico unir, no solo una isla, sino que una provincia, una regi\u00f3n completa y mejorar la conectividad Bimodal que tenemos actualmente\u201d, subray\u00f3.<\/p>\n<p style=\"text-align: justify;\">\u201cSer\u00eda bueno ver un mecanismo para incorporar esa variable como un objetivo de pa\u00eds, de Estado, como es la conectividad de Chile en la zona austral\u201d, concluy\u00f3.<\/p>\n<\/div><\/section><\/div><\/p>\n<div  style='height:50px' class='hr hr-invisible   avia-builder-el-6  el_after_av_one_full  el_before_av_social_share '><span class='hr-inner ' ><span class='hr-inner-style'><\/span><\/span><\/div>\n<div  class='av-social-sharing-box  avia-builder-el-7  el_after_av_hr  el_before_av_hr  '><div class='av-share-box'><h5 class='av-share-link-description av-no-toc '>Compartir esta noticia<\/h5><ul class='av-share-box-list noLightbox'><li class='av-share-link av-social-link-facebook' ><a target=\"_blank\" aria-label=\"Compartir en Facebook\" href='https:\/\/www.facebook.com\/sharer.php?u=https:\/\/radiorevelacionfm.cl\/?p=47179&#038;t=Sandoval%20insta%20al%20Gobierno%20a%20definir%20c%C3%B3mo%20enfrentar%C3%A1%20t%C3%A9cnica%20y%20financieramente%20la%20pavimentaci%C3%B3n%20de%20la%20Carretera%20Austral' aria-hidden='false' data-av_icon='\ue8f3' data-av_iconfont='entypo-fontello' title='' data-avia-related-tooltip='Compartir en Facebook' rel=\"noopener\"><span class='avia_hidden_link_text'>Compartir en Facebook<\/span><\/a><\/li><li class='av-share-link av-social-link-twitter' ><a target=\"_blank\" aria-label=\"Compartir en Twitter\" href='https:\/\/twitter.com\/share?text=Sandoval%20insta%20al%20Gobierno%20a%20definir%20c%C3%B3mo%20enfrentar%C3%A1%20t%C3%A9cnica%20y%20financieramente%20la%20pavimentaci%C3%B3n%20de%20la%20Carretera%20Austral&#038;url=https:\/\/radiorevelacionfm.cl\/?p=47179' aria-hidden='false' data-av_icon='\ue8f1' data-av_iconfont='entypo-fontello' title='' data-avia-related-tooltip='Compartir en Twitter' rel=\"noopener\"><span class='avia_hidden_link_text'>Compartir en Twitter<\/span><\/a><\/li><li class='av-share-link av-social-link-whatsapp' ><a target=\"_blank\" aria-label=\"Compartir en Whatsapp\" href='https:\/\/api.whatsapp.com\/send?text=https:\/\/radiorevelacionfm.cl\/?p=47179' aria-hidden='false' data-av_icon='\uf232' data-av_iconfont='entypo-fontello' title='' data-avia-related-tooltip='Compartir en Whatsapp' rel=\"noopener\"><span class='avia_hidden_link_text'>Compartir en Whatsapp<\/span><\/a><\/li><li class='av-share-link av-social-link-linkedin' ><a target=\"_blank\" aria-label=\"Compartir en LinkedIn\" href='https:\/\/linkedin.com\/shareArticle?mini=true&#038;title=Sandoval%20insta%20al%20Gobierno%20a%20definir%20c%C3%B3mo%20enfrentar%C3%A1%20t%C3%A9cnica%20y%20financieramente%20la%20pavimentaci%C3%B3n%20de%20la%20Carretera%20Austral&#038;url=https:\/\/radiorevelacionfm.cl\/?p=47179' aria-hidden='false' data-av_icon='\ue8fc' data-av_iconfont='entypo-fontello' title='' data-avia-related-tooltip='Compartir en LinkedIn' rel=\"noopener\"><span class='avia_hidden_link_text'>Compartir en LinkedIn<\/span><\/a><\/li><li class='av-share-link av-social-link-mail' ><a  aria-label=\"Compartir por correo\" href='mailto:?subject=Sandoval%20insta%20al%20Gobierno%20a%20definir%20c%C3%B3mo%20enfrentar%C3%A1%20t%C3%A9cnica%20y%20financieramente%20la%20pavimentaci%C3%B3n%20de%20la%20Carretera%20Austral&#038;body=https:\/\/radiorevelacionfm.cl\/?p=47179' aria-hidden='false' data-av_icon='\ue805' data-av_iconfont='entypo-fontello' title='' data-avia-related-tooltip='Compartir por correo'><span class='avia_hidden_link_text'>Compartir por correo<\/span><\/a><\/li><\/ul><\/div><\/div>\n<div  style='height:50px' class='hr hr-invisible   avia-builder-el-8  el_after_av_social_share  el_before_av_comments_list '><span class='hr-inner ' ><span class='hr-inner-style'><\/span><\/span><\/div>\n<div  class='av-buildercomment  av-blog-meta-html-info-disabled av-blog-meta-tag-disabled  '><\/div>\n","protected":false},"excerpt":{"rendered":"","protected":false},"author":1,"featured_media":47180,"comment_status":"open","ping_status":"open","sticky":false,"template":"","format":"standard","meta":{"footnotes":""},"categories":[35],"tags":[],"class_list":["post-47179","post","type-post","status-publish","format-standard","has-post-thumbnail","hentry","category-politica"],"jetpack_featured_media_url":"https:\/\/radiorevelacionfm.cl\/wp-content\/uploads\/2024\/10\/senador-sandoval-en-subcomisiOn-mixta-presupuesto-mop-1_optimized.jpg","_links":{"self":[{"href":"https:\/\/radiorevelacionfm.cl\/index.php?rest_route=\/wp\/v2\/posts\/47179","targetHints":{"allow":["GET"]}}],"collection":[{"href":"https:\/\/radiorevelacionfm.cl\/index.php?rest_route=\/wp\/v2\/posts"}],"about":[{"href":"https:\/\/radiorevelacionfm.cl\/index.php?rest_route=\/wp\/v2\/types\/post"}],"author":[{"embeddable":true,"href":"https:\/\/radiorevelacionfm.cl\/index.php?rest_route=\/wp\/v2\/users\/1"}],"replies":[{"embeddable":true,"href":"https:\/\/radiorevelacionfm.cl\/index.php?rest_route=%2Fwp%2Fv2%2Fcomments&post=47179"}],"version-history":[{"count":2,"href":"https:\/\/radiorevelacionfm.cl\/index.php?rest_route=\/wp\/v2\/posts\/47179\/revisions"}],"predecessor-version":[{"id":47216,"href":"https:\/\/radiorevelacionfm.cl\/index.php?rest_route=\/wp\/v2\/posts\/47179\/revisions\/47216"}],"wp:featuredmedia":[{"embeddable":true,"href":"https:\/\/radiorevelacionfm.cl\/index.php?rest_route=\/wp\/v2\/media\/47180"}],"wp:attachment":[{"href":"https:\/\/radiorevelacionfm.cl\/index.php?rest_route=%2Fwp%2Fv2%2Fmedia&parent=47179"}],"wp:term":[{"taxonomy":"category","embeddable":true,"href":"https:\/\/radiorevelacionfm.cl\/index.php?rest_route=%2Fwp%2Fv2%2Fcategories&post=47179"},{"taxonomy":"post_tag","embeddable":true,"href":"https:\/\/radiorevelacionfm.cl\/index.php?rest_route=%2Fwp%2Fv2%2Ftags&post=47179"}],"curies":[{"name":"wp","href":"https:\/\/api.w.org\/{rel}","templated":true}]}}