{"id":47173,"date":"2024-10-18T09:56:10","date_gmt":"2024-10-18T12:56:10","guid":{"rendered":"https:\/\/radiorevelacionfm.cl\/?p=47173"},"modified":"2024-10-18T09:56:10","modified_gmt":"2024-10-18T12:56:10","slug":"160-anos-de-la-educacion-parvularia-publica-en-chile-un-hito-clave-en-la-historia-educativa-del-pais","status":"publish","type":"post","link":"https:\/\/radiorevelacionfm.cl\/?p=47173","title":{"rendered":"160 a\u00f1os de la Educaci\u00f3n Parvularia P\u00fablica en Chile: Un hito clave en la historia educativa del pa\u00eds"},"content":{"rendered":"<div class=\"flex_column av_one_full  flex_column_div av-zero-column-padding first  avia-builder-el-0  el_before_av_one_full  avia-builder-el-first  \" style='border-radius:0px; '><div  class='avia-image-container  av-styling-    avia-builder-el-1  avia-builder-el-no-sibling  avia-align-center '  itemprop=\"image\" itemscope=\"itemscope\" itemtype=\"https:\/\/schema.org\/ImageObject\"  ><div class='avia-image-container-inner'><div class='avia-image-overlay-wrap'><img decoding=\"async\" class='wp-image-47174 avia-img-lazy-loading-not-47174 avia_image' src=\"https:\/\/radiorevelacionfm.cl\/wp-content\/uploads\/2024\/10\/ed-parvularia2-1_optimized.jpg\" alt='' title='ed-parvularia2-(1)_optimized' height=\"662\" width=\"802\"  itemprop=\"thumbnailUrl\" srcset=\"https:\/\/radiorevelacionfm.cl\/wp-content\/uploads\/2024\/10\/ed-parvularia2-1_optimized.jpg 802w, https:\/\/radiorevelacionfm.cl\/wp-content\/uploads\/2024\/10\/ed-parvularia2-1_optimized-300x248.jpg 300w, https:\/\/radiorevelacionfm.cl\/wp-content\/uploads\/2024\/10\/ed-parvularia2-1_optimized-768x634.jpg 768w, https:\/\/radiorevelacionfm.cl\/wp-content\/uploads\/2024\/10\/ed-parvularia2-1_optimized-705x582.jpg 705w, https:\/\/radiorevelacionfm.cl\/wp-content\/uploads\/2024\/10\/ed-parvularia2-1_optimized-450x371.jpg 450w, https:\/\/radiorevelacionfm.cl\/wp-content\/uploads\/2024\/10\/ed-parvularia2-1_optimized-600x495.jpg 600w\" sizes=\"(max-width: 802px) 100vw, 802px\" \/><\/div><\/div><\/div><\/div><div class=\"flex_column av_one_full  flex_column_div av-zero-column-padding first  avia-builder-el-2  el_after_av_one_full  el_before_av_one_full  column-top-margin\" style='border-radius:0px; '><section class=\"av_textblock_section \"  itemscope=\"itemscope\" itemtype=\"https:\/\/schema.org\/BlogPosting\" itemprop=\"blogPost\" ><div class='avia_textblock  '   itemprop=\"text\" ><p style=\"text-align: center;\"><strong><span style=\"font-size: 18pt;\">160 a\u00f1os de la Educaci\u00f3n Parvularia P\u00fablica en Chile: Un hito clave en la historia educativa del pa\u00eds<\/span><\/strong><\/p>\n<div id=\"gtx-trans\" style=\"position: absolute; left: -50px; top: 4.31534px;\">\n<div class=\"gtx-trans-icon\"><\/div>\n<\/div>\n<\/div><\/section><\/div><div class=\"flex_column av_one_full  flex_column_div av-zero-column-padding first  avia-builder-el-4  el_after_av_one_full  el_before_av_hr  column-top-margin\" style='border-radius:0px; '><section class=\"av_textblock_section \"  itemscope=\"itemscope\" itemtype=\"https:\/\/schema.org\/BlogPosting\" itemprop=\"blogPost\" ><div class='avia_textblock  '   itemprop=\"text\" ><p class=\"v1MsoNormal\" style=\"text-align: justify;\">Este 6 de octubre de 2024 se conmemoran los 160 a\u00f1os de la Educaci\u00f3n Parvularia P\u00fablica en Chile, un hito clave en la historia educativa del pa\u00eds. Desde la creaci\u00f3n de la primera escuela de p\u00e1rvulos en 1864, nuestro pa\u00eds ha avanzado en la valoraci\u00f3n y desarrollo de la educaci\u00f3n inicial, asegurando que ni\u00f1as y ni\u00f1os reciban una educaci\u00f3n de calidad desde sus primeros a\u00f1os de vida. En la actualidad son m\u00e1s de 731 mil ni\u00f1as y ni\u00f1os quienes asisten a niveles de educaci\u00f3n parvularia en Chile.<\/p>\n<p class=\"v1MsoNormal\" style=\"text-align: justify;\">La SEREMI de Educaci\u00f3n Isabel Garrido se\u00f1al\u00f3 que \u201cLos 160 a\u00f1os de la Educaci\u00f3n Parvularia P\u00fablica es un momento para reconocer el esfuerzo y compromiso de las comunidades educativas que, a lo largo de esta historia, han contribuido a la formaci\u00f3n de generaciones de ciudadanas y ciudadanos. Este aniversario invita no s\u00f3lo a valorar lo que hemos logrado como pa\u00eds, sino a proyectar un futuro donde la educaci\u00f3n inicial siga siendo la base de un desarrollo integral, inclusivo y equitativo para todas las ni\u00f1as y ni\u00f1os de Chile\u201d.<\/p>\n<p class=\"v1MsoNormal\" style=\"text-align: justify;\">A lo largo del mes de octubre, se llevar\u00e1n a cabo hitos regionales que buscan poner en valor el impacto de la educaci\u00f3n parvularia en la vida de generaciones de ni\u00f1as y ni\u00f1os en Chile.<\/p>\n<p class=\"v1MsoNormal\" style=\"text-align: justify;\">Isabel Garrido indic\u00f3 que en la regi\u00f3n de Ays\u00e9n, actualmente 5.431 ni\u00f1as y ni\u00f1os asisten a la educaci\u00f3n inicial p\u00fablica en 58 establecimientos; jardines infantiles y salas cunas de Junji, Fundaci\u00f3n Integra, SLEP,\u00a0 particulares pagados y tambi\u00e9n en escuelas y colegios.<\/p>\n<p class=\"v1MsoNormal\" style=\"text-align: justify;\">\u201cEn este hito de 160 a\u00f1os destacamos la participaci\u00f3n de las salas cuna, jardines infantiles y escuelas con larga trayectoria, as\u00ed como la de equipos educativos que han sido fundamentales en el desarrollo de esta historia y que han permitido generar sostenidos avances, resaltar la importancia del juego en los aprendizajes tempranos. La educaci\u00f3n parvularia es un bien colectivo, que nos pertenece a todas y todos; mientras m\u00e1s ni\u00f1as y ni\u00f1os acceden a una educaci\u00f3n de calidad, hacemos de Chile un mejor pa\u00eds para todas y todos\u201d.<\/p>\n<\/div><\/section><\/div><div  style='height:50px' class='hr hr-invisible   avia-builder-el-6  el_after_av_one_full  el_before_av_social_share '><span class='hr-inner ' ><span class='hr-inner-style'><\/span><\/span><\/div><\/p>\n<div  class='av-social-sharing-box  avia-builder-el-7  el_after_av_hr  el_before_av_hr  '><div class='av-share-box'><h5 class='av-share-link-description av-no-toc '>Compartir esta noticia<\/h5><ul class='av-share-box-list noLightbox'><li class='av-share-link av-social-link-facebook' ><a target=\"_blank\" aria-label=\"Compartir en Facebook\" href='https:\/\/www.facebook.com\/sharer.php?u=https:\/\/radiorevelacionfm.cl\/?p=47173&#038;t=160%20a%C3%B1os%20de%20la%20Educaci%C3%B3n%20Parvularia%20P%C3%BAblica%20en%20Chile%3A%20Un%20hito%20clave%20en%20la%20historia%20educativa%20del%20pa%C3%ADs' aria-hidden='false' data-av_icon='\ue8f3' data-av_iconfont='entypo-fontello' title='' data-avia-related-tooltip='Compartir en Facebook' rel=\"noopener\"><span class='avia_hidden_link_text'>Compartir en Facebook<\/span><\/a><\/li><li class='av-share-link av-social-link-twitter' ><a target=\"_blank\" aria-label=\"Compartir en Twitter\" href='https:\/\/twitter.com\/share?text=160%20a%C3%B1os%20de%20la%20Educaci%C3%B3n%20Parvularia%20P%C3%BAblica%20en%20Chile%3A%20Un%20hito%20clave%20en%20la%20historia%20educativa%20del%20pa%C3%ADs&#038;url=https:\/\/radiorevelacionfm.cl\/?p=47173' aria-hidden='false' data-av_icon='\ue8f1' data-av_iconfont='entypo-fontello' title='' data-avia-related-tooltip='Compartir en Twitter' rel=\"noopener\"><span class='avia_hidden_link_text'>Compartir en Twitter<\/span><\/a><\/li><li class='av-share-link av-social-link-whatsapp' ><a target=\"_blank\" aria-label=\"Compartir en Whatsapp\" href='https:\/\/api.whatsapp.com\/send?text=https:\/\/radiorevelacionfm.cl\/?p=47173' aria-hidden='false' data-av_icon='\uf232' data-av_iconfont='entypo-fontello' title='' data-avia-related-tooltip='Compartir en Whatsapp' rel=\"noopener\"><span class='avia_hidden_link_text'>Compartir en Whatsapp<\/span><\/a><\/li><li class='av-share-link av-social-link-linkedin' ><a target=\"_blank\" aria-label=\"Compartir en LinkedIn\" href='https:\/\/linkedin.com\/shareArticle?mini=true&#038;title=160%20a%C3%B1os%20de%20la%20Educaci%C3%B3n%20Parvularia%20P%C3%BAblica%20en%20Chile%3A%20Un%20hito%20clave%20en%20la%20historia%20educativa%20del%20pa%C3%ADs&#038;url=https:\/\/radiorevelacionfm.cl\/?p=47173' aria-hidden='false' data-av_icon='\ue8fc' data-av_iconfont='entypo-fontello' title='' data-avia-related-tooltip='Compartir en LinkedIn' rel=\"noopener\"><span class='avia_hidden_link_text'>Compartir en LinkedIn<\/span><\/a><\/li><li class='av-share-link av-social-link-mail' ><a  aria-label=\"Compartir por correo\" href='mailto:?subject=160%20a%C3%B1os%20de%20la%20Educaci%C3%B3n%20Parvularia%20P%C3%BAblica%20en%20Chile%3A%20Un%20hito%20clave%20en%20la%20historia%20educativa%20del%20pa%C3%ADs&#038;body=https:\/\/radiorevelacionfm.cl\/?p=47173' aria-hidden='false' data-av_icon='\ue805' data-av_iconfont='entypo-fontello' title='' data-avia-related-tooltip='Compartir por correo'><span class='avia_hidden_link_text'>Compartir por correo<\/span><\/a><\/li><\/ul><\/div><\/div>\n<div  style='height:50px' class='hr hr-invisible   avia-builder-el-8  el_after_av_social_share  el_before_av_comments_list '><span class='hr-inner ' ><span class='hr-inner-style'><\/span><\/span><\/div>\n<div  class='av-buildercomment  av-blog-meta-html-info-disabled av-blog-meta-tag-disabled  '><\/div>\n","protected":false},"excerpt":{"rendered":"","protected":false},"author":1,"featured_media":47174,"comment_status":"open","ping_status":"open","sticky":false,"template":"","format":"standard","meta":{"footnotes":""},"categories":[49],"tags":[],"class_list":["post-47173","post","type-post","status-publish","format-standard","has-post-thumbnail","hentry","category-educacion"],"jetpack_featured_media_url":"https:\/\/radiorevelacionfm.cl\/wp-content\/uploads\/2024\/10\/ed-parvularia2-1_optimized.jpg","_links":{"self":[{"href":"https:\/\/radiorevelacionfm.cl\/index.php?rest_route=\/wp\/v2\/posts\/47173","targetHints":{"allow":["GET"]}}],"collection":[{"href":"https:\/\/radiorevelacionfm.cl\/index.php?rest_route=\/wp\/v2\/posts"}],"about":[{"href":"https:\/\/radiorevelacionfm.cl\/index.php?rest_route=\/wp\/v2\/types\/post"}],"author":[{"embeddable":true,"href":"https:\/\/radiorevelacionfm.cl\/index.php?rest_route=\/wp\/v2\/users\/1"}],"replies":[{"embeddable":true,"href":"https:\/\/radiorevelacionfm.cl\/index.php?rest_route=%2Fwp%2Fv2%2Fcomments&post=47173"}],"version-history":[{"count":1,"href":"https:\/\/radiorevelacionfm.cl\/index.php?rest_route=\/wp\/v2\/posts\/47173\/revisions"}],"predecessor-version":[{"id":47175,"href":"https:\/\/radiorevelacionfm.cl\/index.php?rest_route=\/wp\/v2\/posts\/47173\/revisions\/47175"}],"wp:featuredmedia":[{"embeddable":true,"href":"https:\/\/radiorevelacionfm.cl\/index.php?rest_route=\/wp\/v2\/media\/47174"}],"wp:attachment":[{"href":"https:\/\/radiorevelacionfm.cl\/index.php?rest_route=%2Fwp%2Fv2%2Fmedia&parent=47173"}],"wp:term":[{"taxonomy":"category","embeddable":true,"href":"https:\/\/radiorevelacionfm.cl\/index.php?rest_route=%2Fwp%2Fv2%2Fcategories&post=47173"},{"taxonomy":"post_tag","embeddable":true,"href":"https:\/\/radiorevelacionfm.cl\/index.php?rest_route=%2Fwp%2Fv2%2Ftags&post=47173"}],"curies":[{"name":"wp","href":"https:\/\/api.w.org\/{rel}","templated":true}]}}