{"id":47166,"date":"2024-10-17T14:51:36","date_gmt":"2024-10-17T17:51:36","guid":{"rendered":"https:\/\/radiorevelacionfm.cl\/?p=47166"},"modified":"2024-10-17T14:51:36","modified_gmt":"2024-10-17T17:51:36","slug":"inauguran-nueva-oficina-de-linea-de-representacion-juridica-la-ninez-y-la-adolescencia-se-defienden-en-puerto-aysen","status":"publish","type":"post","link":"https:\/\/radiorevelacionfm.cl\/?p=47166","title":{"rendered":"Inauguran nueva oficina de l\u00ednea de representaci\u00f3n jur\u00eddica \u201cLa Ni\u00f1ez y la Adolescencia se Defienden\u201d en Puerto Ays\u00e9n"},"content":{"rendered":"<div class=\"flex_column av_one_full  flex_column_div av-zero-column-padding first  avia-builder-el-0  el_before_av_one_full  avia-builder-el-first  \" style='border-radius:0px; '><div  class='avia-image-container  av-styling-    avia-builder-el-1  avia-builder-el-no-sibling  avia-align-center '  itemprop=\"image\" itemscope=\"itemscope\" itemtype=\"https:\/\/schema.org\/ImageObject\"  ><div class='avia-image-container-inner'><div class='avia-image-overlay-wrap'><img decoding=\"async\" class='wp-image-47167 avia-img-lazy-loading-not-47167 avia_image' src=\"https:\/\/radiorevelacionfm.cl\/wp-content\/uploads\/2024\/10\/inauguracion-oficina-aysen-1-1_optimized.jpg\" alt='' title='inauguracion-oficina-aysen-1-(1)_optimized' height=\"600\" width=\"800\"  itemprop=\"thumbnailUrl\" srcset=\"https:\/\/radiorevelacionfm.cl\/wp-content\/uploads\/2024\/10\/inauguracion-oficina-aysen-1-1_optimized.jpg 800w, https:\/\/radiorevelacionfm.cl\/wp-content\/uploads\/2024\/10\/inauguracion-oficina-aysen-1-1_optimized-300x225.jpg 300w, https:\/\/radiorevelacionfm.cl\/wp-content\/uploads\/2024\/10\/inauguracion-oficina-aysen-1-1_optimized-768x576.jpg 768w, https:\/\/radiorevelacionfm.cl\/wp-content\/uploads\/2024\/10\/inauguracion-oficina-aysen-1-1_optimized-705x529.jpg 705w, https:\/\/radiorevelacionfm.cl\/wp-content\/uploads\/2024\/10\/inauguracion-oficina-aysen-1-1_optimized-450x338.jpg 450w, https:\/\/radiorevelacionfm.cl\/wp-content\/uploads\/2024\/10\/inauguracion-oficina-aysen-1-1_optimized-600x450.jpg 600w\" sizes=\"(max-width: 800px) 100vw, 800px\" \/><\/div><\/div><\/div><\/div><div class=\"flex_column av_one_full  flex_column_div av-zero-column-padding first  avia-builder-el-2  el_after_av_one_full  el_before_av_one_full  column-top-margin\" style='border-radius:0px; '><section class=\"av_textblock_section \"  itemscope=\"itemscope\" itemtype=\"https:\/\/schema.org\/BlogPosting\" itemprop=\"blogPost\" ><div class='avia_textblock  '   itemprop=\"text\" ><p style=\"text-align: center;\"><span style=\"font-size: 18pt;\"><strong>Inauguran nueva oficina de l\u00ednea de representaci\u00f3n jur\u00eddica \u201cLa Ni\u00f1ez y la Adolescencia se Defienden\u201d en Puerto Ays\u00e9n<\/strong><\/span><\/p>\n<div id=\"gtx-trans\" style=\"position: absolute; left: -50px; top: 4.31534px;\">\n<div class=\"gtx-trans-icon\"><\/div>\n<\/div>\n<\/div><\/section><\/div><div class=\"flex_column av_one_full  flex_column_div av-zero-column-padding first  avia-builder-el-4  el_after_av_one_full  el_before_av_hr  column-top-margin\" style='border-radius:0px; '><section class=\"av_textblock_section \"  itemscope=\"itemscope\" itemtype=\"https:\/\/schema.org\/BlogPosting\" itemprop=\"blogPost\" ><div class='avia_textblock  '   itemprop=\"text\" ><p style=\"text-align: justify;\">El martes reci\u00e9n pasado se llev\u00f3 a cabo la inauguraci\u00f3n de la oficina de la l\u00ednea de representaci\u00f3n jur\u00eddica \u201cLa Ni\u00f1ez y la Adolescencia se defienden\u201d en Puerto Ays\u00e9n, programa dependiente de la Corporaci\u00f3n de Asistencia Judicial y que tiene como objetivo procurar la defensa jur\u00eddica especializada de los ni\u00f1os, ni\u00f1as y adolescentes para garantizar su efectivo acceso a la justicia y el debido proceso de las causas judiciales en que se busca proteger sus derechos. Dicha actividad cont\u00f3 con la presencia del delegado Presidencial Provincial Jorge D\u00edaz, el seremi de Justicia y Derechos Humanos Samuel Navarro, la directora regional de la Corporaci\u00f3n de Asistencia Judicial Mar\u00eda Francisca Vilches, adem\u00e1s de funcionarios y funcionarias.<\/p>\n<p style=\"text-align: justify;\">Cabe mencionar que la implementaci\u00f3n de esta l\u00ednea a nivel pa\u00eds, se inici\u00f3 el 1 de septiembre del a\u00f1o 2022 con la instalaci\u00f3n de 17 centros regionales, en nuestra regi\u00f3n contamos con dos unidades, en Coyhaique que tiene cobertura en la jurisdicci\u00f3n de Chile Chico, Cochrane y Coyhaique y la actual oficina en Puerto Ays\u00e9n que cubre Puerto Ays\u00e9n y Puerto Cisnes. Este programa a nivel regional cuenta con 9 funcionarias, entre trabajadoras sociales, abogadas y asistentes administrativos, quienes tramitan m\u00e1s de 400 causas, en los cinco tribunales de la regi\u00f3n.<\/p>\n<p style=\"text-align: justify;\">Respecto a esta nueva oficina, el seremi de Justicia y Derechos Humanos Samuel Navarro Castro se\u00f1al\u00f3 que \u201chemos asistido a la inauguraci\u00f3n de la nueva oficina de la l\u00ednea \u201cLa ni\u00f1ez y la Adolescencia se Defienden\u201d en Puerto Ays\u00e9n, esto nos tiene muy contentos porque se ampl\u00eda la oferta de profesionales que tienen por misi\u00f3n atender, ser curadores, abogados representantes de los ni\u00f1os y ni\u00f1as que sufren eventualmente vulneraci\u00f3n de derechos, \u00e9sta es una importante iniciativa de esta l\u00ednea de la Corporaci\u00f3n de Asistencia Judicial porque conforme a las directrices e instrucciones del Presidente Gabriel Boric en esta materia, toda vez que las ni\u00f1eces deben ser defendidas, representadas y tener toda la protecci\u00f3n que desde el Estado podamos brindarle, en ese sentido se mejora el acceso a la justicia de este grupo etario, que van a contar con representaci\u00f3n jur\u00eddica y con atenci\u00f3n de profesionales de primer nivel que se refuercen con esta ampliaci\u00f3n y tambi\u00e9n con nuevas contrataciones que asumen su desempe\u00f1o laboral y profesional en esta oficina que se instala en la poblaci\u00f3n Pedro Aguirre Cerda\u201d.<\/p>\n<p style=\"text-align: justify;\">Mientras que el delegado provincial, Jorge D\u00edaz indic\u00f3 que \u201ccomo gobierno estamos muy contentos porque hemos inaugurado en la comuna de Ays\u00e9n la oficina de atenci\u00f3n jur\u00eddica para ni\u00f1os, ni\u00f1as y adolescentes que est\u00e9n en situaci\u00f3n de vulneraci\u00f3n de derechos o en alguna situaci\u00f3n compleja con la justicia, y por lo tanto vamos a tener un espacio exclusivo para ellos, tanto con atenci\u00f3n jur\u00eddica como social, para nuestro gobierno es muy importante que los ni\u00f1os, ni\u00f1as y adolescentes de la comuna y provincia de Ays\u00e9n tengan un espacio para ser atendidos\u201d.<\/p>\n<p style=\"text-align: justify;\">En tanto, la directora regional de la Corporaci\u00f3n de Asistencia Judicial, Mar\u00eda Francisca Vilches manifest\u00f3 que \u201cesta l\u00ednea de la Corporaci\u00f3n de Asistencia Judicial tiene por finalidad entregar representaci\u00f3n jur\u00eddica a ni\u00f1os, ni\u00f1as y adolescentes cuando ha ocurrido alguna vulneraci\u00f3n de sus derechos, y esta nueva oficina viene a garantizar la representaci\u00f3n jur\u00eddica de los ni\u00f1os, ni\u00f1as y adolescentes a trav\u00e9s de abogadas especializadas\u00a0 que se encuentran directamente ubicadas en la provincia de Ays\u00e9n, la oficina cuenta con dos curadoras, una trabajadora social y un t\u00e9cnico jur\u00eddico, as\u00ed que extendemos la invitaci\u00f3n a la comunidad a acercarse, a conocer la oficina, y a hacer las consultas que estimen convenientes y a solicitar la asesor\u00eda de profesionales que est\u00e1n listos para poder atenderlos\u201d.<\/p>\n<p style=\"text-align: justify;\">Finalmente, cabe mencionar que dichas oficinas se encuentran ubicadas en calle Eusebio Ibar #1345-A en la poblaci\u00f3n Pedro Aguirre Cerda, y su horario de atenci\u00f3n es de lunes a viernes de 08:30 a 17:30 horas.<\/p>\n<\/div><\/section><\/div><div  style='height:50px' class='hr hr-invisible   avia-builder-el-6  el_after_av_one_full  el_before_av_social_share '><span class='hr-inner ' ><span class='hr-inner-style'><\/span><\/span><\/div><\/p>\n<div  class='av-social-sharing-box  avia-builder-el-7  el_after_av_hr  el_before_av_hr  '><div class='av-share-box'><h5 class='av-share-link-description av-no-toc '>Compartir esta noticia<\/h5><ul class='av-share-box-list noLightbox'><li class='av-share-link av-social-link-facebook' ><a target=\"_blank\" aria-label=\"Compartir en Facebook\" href='https:\/\/www.facebook.com\/sharer.php?u=https:\/\/radiorevelacionfm.cl\/?p=47166&#038;t=Inauguran%20nueva%20oficina%20de%20l%C3%ADnea%20de%20representaci%C3%B3n%20jur%C3%ADdica%20%E2%80%9CLa%20Ni%C3%B1ez%20y%20la%20Adolescencia%20se%20Defienden%E2%80%9D%20en%20Puerto%20Ays%C3%A9n' aria-hidden='false' data-av_icon='\ue8f3' data-av_iconfont='entypo-fontello' title='' data-avia-related-tooltip='Compartir en Facebook' rel=\"noopener\"><span class='avia_hidden_link_text'>Compartir en Facebook<\/span><\/a><\/li><li class='av-share-link av-social-link-twitter' ><a target=\"_blank\" aria-label=\"Compartir en Twitter\" href='https:\/\/twitter.com\/share?text=Inauguran%20nueva%20oficina%20de%20l%C3%ADnea%20de%20representaci%C3%B3n%20jur%C3%ADdica%20%E2%80%9CLa%20Ni%C3%B1ez%20y%20la%20Adolescencia%20se%20Defienden%E2%80%9D%20en%20Puerto%20Ays%C3%A9n&#038;url=https:\/\/radiorevelacionfm.cl\/?p=47166' aria-hidden='false' data-av_icon='\ue8f1' data-av_iconfont='entypo-fontello' title='' data-avia-related-tooltip='Compartir en Twitter' rel=\"noopener\"><span class='avia_hidden_link_text'>Compartir en Twitter<\/span><\/a><\/li><li class='av-share-link av-social-link-whatsapp' ><a target=\"_blank\" aria-label=\"Compartir en Whatsapp\" href='https:\/\/api.whatsapp.com\/send?text=https:\/\/radiorevelacionfm.cl\/?p=47166' aria-hidden='false' data-av_icon='\uf232' data-av_iconfont='entypo-fontello' title='' data-avia-related-tooltip='Compartir en Whatsapp' rel=\"noopener\"><span class='avia_hidden_link_text'>Compartir en Whatsapp<\/span><\/a><\/li><li class='av-share-link av-social-link-linkedin' ><a target=\"_blank\" aria-label=\"Compartir en LinkedIn\" href='https:\/\/linkedin.com\/shareArticle?mini=true&#038;title=Inauguran%20nueva%20oficina%20de%20l%C3%ADnea%20de%20representaci%C3%B3n%20jur%C3%ADdica%20%E2%80%9CLa%20Ni%C3%B1ez%20y%20la%20Adolescencia%20se%20Defienden%E2%80%9D%20en%20Puerto%20Ays%C3%A9n&#038;url=https:\/\/radiorevelacionfm.cl\/?p=47166' aria-hidden='false' data-av_icon='\ue8fc' data-av_iconfont='entypo-fontello' title='' data-avia-related-tooltip='Compartir en LinkedIn' rel=\"noopener\"><span class='avia_hidden_link_text'>Compartir en LinkedIn<\/span><\/a><\/li><li class='av-share-link av-social-link-mail' ><a  aria-label=\"Compartir por correo\" href='mailto:?subject=Inauguran%20nueva%20oficina%20de%20l%C3%ADnea%20de%20representaci%C3%B3n%20jur%C3%ADdica%20%E2%80%9CLa%20Ni%C3%B1ez%20y%20la%20Adolescencia%20se%20Defienden%E2%80%9D%20en%20Puerto%20Ays%C3%A9n&#038;body=https:\/\/radiorevelacionfm.cl\/?p=47166' aria-hidden='false' data-av_icon='\ue805' data-av_iconfont='entypo-fontello' title='' data-avia-related-tooltip='Compartir por correo'><span class='avia_hidden_link_text'>Compartir por correo<\/span><\/a><\/li><\/ul><\/div><\/div>\n<div  style='height:50px' class='hr hr-invisible   avia-builder-el-8  el_after_av_social_share  el_before_av_comments_list '><span class='hr-inner ' ><span class='hr-inner-style'><\/span><\/span><\/div>\n<div  class='av-buildercomment  av-blog-meta-html-info-disabled av-blog-meta-tag-disabled  '><\/div>\n","protected":false},"excerpt":{"rendered":"","protected":false},"author":1,"featured_media":47167,"comment_status":"open","ping_status":"open","sticky":false,"template":"","format":"standard","meta":{"footnotes":""},"categories":[55],"tags":[],"class_list":["post-47166","post","type-post","status-publish","format-standard","has-post-thumbnail","hentry","category-justicia"],"jetpack_featured_media_url":"https:\/\/radiorevelacionfm.cl\/wp-content\/uploads\/2024\/10\/inauguracion-oficina-aysen-1-1_optimized.jpg","_links":{"self":[{"href":"https:\/\/radiorevelacionfm.cl\/index.php?rest_route=\/wp\/v2\/posts\/47166","targetHints":{"allow":["GET"]}}],"collection":[{"href":"https:\/\/radiorevelacionfm.cl\/index.php?rest_route=\/wp\/v2\/posts"}],"about":[{"href":"https:\/\/radiorevelacionfm.cl\/index.php?rest_route=\/wp\/v2\/types\/post"}],"author":[{"embeddable":true,"href":"https:\/\/radiorevelacionfm.cl\/index.php?rest_route=\/wp\/v2\/users\/1"}],"replies":[{"embeddable":true,"href":"https:\/\/radiorevelacionfm.cl\/index.php?rest_route=%2Fwp%2Fv2%2Fcomments&post=47166"}],"version-history":[{"count":1,"href":"https:\/\/radiorevelacionfm.cl\/index.php?rest_route=\/wp\/v2\/posts\/47166\/revisions"}],"predecessor-version":[{"id":47168,"href":"https:\/\/radiorevelacionfm.cl\/index.php?rest_route=\/wp\/v2\/posts\/47166\/revisions\/47168"}],"wp:featuredmedia":[{"embeddable":true,"href":"https:\/\/radiorevelacionfm.cl\/index.php?rest_route=\/wp\/v2\/media\/47167"}],"wp:attachment":[{"href":"https:\/\/radiorevelacionfm.cl\/index.php?rest_route=%2Fwp%2Fv2%2Fmedia&parent=47166"}],"wp:term":[{"taxonomy":"category","embeddable":true,"href":"https:\/\/radiorevelacionfm.cl\/index.php?rest_route=%2Fwp%2Fv2%2Fcategories&post=47166"},{"taxonomy":"post_tag","embeddable":true,"href":"https:\/\/radiorevelacionfm.cl\/index.php?rest_route=%2Fwp%2Fv2%2Ftags&post=47166"}],"curies":[{"name":"wp","href":"https:\/\/api.w.org\/{rel}","templated":true}]}}