{"id":47160,"date":"2024-10-17T10:17:20","date_gmt":"2024-10-17T13:17:20","guid":{"rendered":"https:\/\/radiorevelacionfm.cl\/?p=47160"},"modified":"2024-10-17T10:17:20","modified_gmt":"2024-10-17T13:17:20","slug":"presupuesto-regional-para-el-sector-vivienda-aumentaria-en-mas-de-un-24-para-el-proximo-ano","status":"publish","type":"post","link":"https:\/\/radiorevelacionfm.cl\/?p=47160","title":{"rendered":"Presupuesto regional para el sector Vivienda aumentar\u00eda en m\u00e1s de un 24% para el pr\u00f3ximo a\u00f1o"},"content":{"rendered":"<div class=\"flex_column av_one_full  flex_column_div av-zero-column-padding first  avia-builder-el-0  el_before_av_one_full  avia-builder-el-first  \" style='border-radius:0px; '><div  class='avia-image-container  av-styling-    avia-builder-el-1  avia-builder-el-no-sibling  avia-align-center '  itemprop=\"image\" itemscope=\"itemscope\" itemtype=\"https:\/\/schema.org\/ImageObject\"  ><div class='avia-image-container-inner'><div class='avia-image-overlay-wrap'><img decoding=\"async\" class='wp-image-47161 avia-img-lazy-loading-not-47161 avia_image' src=\"https:\/\/radiorevelacionfm.cl\/wp-content\/uploads\/2024\/10\/foto-archivo-105-viviendas-coyhaique-2-1_optimized-1.jpg\" alt='' title='foto-archivo-105-viviendas-coyhaique-(2)-(1)_optimized (1)' height=\"600\" width=\"1077\"  itemprop=\"thumbnailUrl\" srcset=\"https:\/\/radiorevelacionfm.cl\/wp-content\/uploads\/2024\/10\/foto-archivo-105-viviendas-coyhaique-2-1_optimized-1.jpg 1077w, https:\/\/radiorevelacionfm.cl\/wp-content\/uploads\/2024\/10\/foto-archivo-105-viviendas-coyhaique-2-1_optimized-1-300x167.jpg 300w, https:\/\/radiorevelacionfm.cl\/wp-content\/uploads\/2024\/10\/foto-archivo-105-viviendas-coyhaique-2-1_optimized-1-1030x574.jpg 1030w, https:\/\/radiorevelacionfm.cl\/wp-content\/uploads\/2024\/10\/foto-archivo-105-viviendas-coyhaique-2-1_optimized-1-768x428.jpg 768w, https:\/\/radiorevelacionfm.cl\/wp-content\/uploads\/2024\/10\/foto-archivo-105-viviendas-coyhaique-2-1_optimized-1-705x393.jpg 705w, https:\/\/radiorevelacionfm.cl\/wp-content\/uploads\/2024\/10\/foto-archivo-105-viviendas-coyhaique-2-1_optimized-1-450x251.jpg 450w, https:\/\/radiorevelacionfm.cl\/wp-content\/uploads\/2024\/10\/foto-archivo-105-viviendas-coyhaique-2-1_optimized-1-600x334.jpg 600w\" sizes=\"(max-width: 1077px) 100vw, 1077px\" \/><\/div><\/div><\/div><\/div><div class=\"flex_column av_one_full  flex_column_div av-zero-column-padding first  avia-builder-el-2  el_after_av_one_full  el_before_av_one_full  column-top-margin\" style='border-radius:0px; '><section class=\"av_textblock_section \"  itemscope=\"itemscope\" itemtype=\"https:\/\/schema.org\/BlogPosting\" itemprop=\"blogPost\" ><div class='avia_textblock  '   itemprop=\"text\" ><p style=\"text-align: center;\"><span style=\"font-size: 18pt;\"><strong>Presupuesto regional para el sector Vivienda aumentar\u00eda en m\u00e1s de un 24% para el pr\u00f3ximo a\u00f1o<\/strong><\/span><\/p>\n<div id=\"gtx-trans\" style=\"position: absolute; left: -50px; top: 4.31534px;\">\n<div class=\"gtx-trans-icon\"><\/div>\n<\/div>\n<\/div><\/section><\/div><div class=\"flex_column av_one_full  flex_column_div av-zero-column-padding first  avia-builder-el-4  el_after_av_one_full  el_before_av_hr  column-top-margin\" style='border-radius:0px; '><section class=\"av_textblock_section \"  itemscope=\"itemscope\" itemtype=\"https:\/\/schema.org\/BlogPosting\" itemprop=\"blogPost\" ><div class='avia_textblock  '   itemprop=\"text\" ><p style=\"text-align: justify;\">Un aumento del 24,7% presenta el presupuesto del sector Vivienda regional dentro de la propuesta que el Ejecutivo ingres\u00f3 recientemente al Parlamento para ser analizada y votada en la definici\u00f3n de la Ley de Presupuesto Nacional para el pr\u00f3ximo a\u00f1o.<\/p>\n<p style=\"text-align: justify;\">As\u00ed lo confirm\u00f3 la Secretaria Ministerial de Vivienda y Urbanismo, Paulina Ruz Delf\u00edn, quien record\u00f3 que para este a\u00f1o 2024 el Minvu regional cuenta con un presupuesto que supera los 90 mil millones de pesos, en tanto que la propuesta para el 2025 alcanza los 117 mil 344 millones de pesos, lo que se traduce en m\u00e1s de un 24% de aumento con respecto al presente a\u00f1o.<\/p>\n<p style=\"text-align: justify;\">Precis\u00f3 la Seremi que esto se condice plenamente con las prioridades del Gobierno del Presidente Gabriel Boric, en el sentido de dar gran relevancia al tema de la vivienda y la calidad de vida de las familias de todo el pa\u00eds.<\/p>\n<p style=\"text-align: justify;\">\u00a0En ese sentido afirm\u00f3 que no se agotar\u00e1n los esfuerzos para seguir avanzando hacia el cumplimiento de los objetivos trazados en el Plan de Emergencia Habitacional, donde a nivel nacional se espera entregar m\u00e1s de 260 mil viviendas y en la regi\u00f3n mil 293 soluciones habitacionales durante el periodo. \u201cLa propuesta del gobierno del presidente Gabriel Boric para nuestro presupuesto regional del sector Vivienda presenta un aumento que es considerable, es casi un 25%, lo que esperamos que sea confirmado por nuestros parlamentarios en la definici\u00f3n del presupuesto nacional y regional para el pr\u00f3ximo a\u00f1o. \u00a0Este mayor presupuesto que alcanza a 117 mil 344 millones de pesos, no solo nos permitir\u00eda seguir avanzando con nuestra meta del plan de emergencia habitacional, donde llevamos m\u00e1s de un 68 por ciento de cumplimiento, sino que adem\u00e1s permitir\u00eda abordar una mayor cantidad de proyectos en diferentes \u00e1reas, como son tambi\u00e9n en materia urban\u00edstica y abarcando toda la regi\u00f3n de Ays\u00e9n\u201d, indic\u00f3.<\/p>\n<p style=\"text-align: justify;\">Paulina Ruz detall\u00f3 en la propuesta de la Ley de Presupuesto enviada al Congreso Nacional se incluye un incremento considerable en lo que se refiere al Programa Habitacional Regional. En ese punto, para este a\u00f1o 2024, se contempla un presupuesto de 67 mil millones de pesos, aproximadamente, mientras que para el 2025 se proyecta alcanzar los 112 mil 919 millones de pesos, aproximadamente, cifra que representa una variaci\u00f3n del 68%. Dicho incremento se debe principalmente al aumento en los programas de Habitabilidad Rural, que pasar\u00e1n de 3 mil 800 millones de pesos, aproximadamente en 2024 a 21 mil 946 millones de pesos, aproximadamente, en 2025.<\/p>\n<p style=\"text-align: justify;\">Asimismo, los fondos destinados a la aplicaci\u00f3n del Plan de Descontaminaci\u00f3n Atmosf\u00e9rica (PDA) aumentar\u00e1n de 14 mil 197 millones de pesos, aproximadamente, en 2024 a 28 mil 140 millones de pesos, aproximadamente, en 2025.<\/p>\n<p style=\"text-align: justify;\">Finalmente, la Seremi de Vivienda Paulina Ruz valor\u00f3 la propuesta ingresada al Parlamento y manifest\u00f3 su convicci\u00f3n de que la Ley de Presupuesto para el 2025 sea aprobada en su totalidad, permitiendo hacer realidad nuevos sue\u00f1os y nuevos proyectos para las familias de nuestra regi\u00f3n de Ays\u00e9n.<\/p>\n<\/div><\/section><\/div><div  style='height:50px' class='hr hr-invisible   avia-builder-el-6  el_after_av_one_full  el_before_av_social_share '><span class='hr-inner ' ><span class='hr-inner-style'><\/span><\/span><\/div><\/p>\n<div  class='av-social-sharing-box  avia-builder-el-7  el_after_av_hr  el_before_av_hr  '><div class='av-share-box'><h5 class='av-share-link-description av-no-toc '>Compartir esta noticia<\/h5><ul class='av-share-box-list noLightbox'><li class='av-share-link av-social-link-facebook' ><a target=\"_blank\" aria-label=\"Compartir en Facebook\" href='https:\/\/www.facebook.com\/sharer.php?u=https:\/\/radiorevelacionfm.cl\/?p=47160&#038;t=Presupuesto%20regional%20para%20el%20sector%20Vivienda%20aumentar%C3%ADa%20en%20m%C3%A1s%20de%20un%2024%25%20para%20el%20pr%C3%B3ximo%20a%C3%B1o' aria-hidden='false' data-av_icon='\ue8f3' data-av_iconfont='entypo-fontello' title='' data-avia-related-tooltip='Compartir en Facebook' rel=\"noopener\"><span class='avia_hidden_link_text'>Compartir en Facebook<\/span><\/a><\/li><li class='av-share-link av-social-link-twitter' ><a target=\"_blank\" aria-label=\"Compartir en Twitter\" href='https:\/\/twitter.com\/share?text=Presupuesto%20regional%20para%20el%20sector%20Vivienda%20aumentar%C3%ADa%20en%20m%C3%A1s%20de%20un%2024%25%20para%20el%20pr%C3%B3ximo%20a%C3%B1o&#038;url=https:\/\/radiorevelacionfm.cl\/?p=47160' aria-hidden='false' data-av_icon='\ue8f1' data-av_iconfont='entypo-fontello' title='' data-avia-related-tooltip='Compartir en Twitter' rel=\"noopener\"><span class='avia_hidden_link_text'>Compartir en Twitter<\/span><\/a><\/li><li class='av-share-link av-social-link-whatsapp' ><a target=\"_blank\" aria-label=\"Compartir en Whatsapp\" href='https:\/\/api.whatsapp.com\/send?text=https:\/\/radiorevelacionfm.cl\/?p=47160' aria-hidden='false' data-av_icon='\uf232' data-av_iconfont='entypo-fontello' title='' data-avia-related-tooltip='Compartir en Whatsapp' rel=\"noopener\"><span class='avia_hidden_link_text'>Compartir en Whatsapp<\/span><\/a><\/li><li class='av-share-link av-social-link-linkedin' ><a target=\"_blank\" aria-label=\"Compartir en LinkedIn\" href='https:\/\/linkedin.com\/shareArticle?mini=true&#038;title=Presupuesto%20regional%20para%20el%20sector%20Vivienda%20aumentar%C3%ADa%20en%20m%C3%A1s%20de%20un%2024%25%20para%20el%20pr%C3%B3ximo%20a%C3%B1o&#038;url=https:\/\/radiorevelacionfm.cl\/?p=47160' aria-hidden='false' data-av_icon='\ue8fc' data-av_iconfont='entypo-fontello' title='' data-avia-related-tooltip='Compartir en LinkedIn' rel=\"noopener\"><span class='avia_hidden_link_text'>Compartir en LinkedIn<\/span><\/a><\/li><li class='av-share-link av-social-link-mail' ><a  aria-label=\"Compartir por correo\" href='mailto:?subject=Presupuesto%20regional%20para%20el%20sector%20Vivienda%20aumentar%C3%ADa%20en%20m%C3%A1s%20de%20un%2024%25%20para%20el%20pr%C3%B3ximo%20a%C3%B1o&#038;body=https:\/\/radiorevelacionfm.cl\/?p=47160' aria-hidden='false' data-av_icon='\ue805' data-av_iconfont='entypo-fontello' title='' data-avia-related-tooltip='Compartir por correo'><span class='avia_hidden_link_text'>Compartir por correo<\/span><\/a><\/li><\/ul><\/div><\/div>\n<div  style='height:50px' class='hr hr-invisible   avia-builder-el-8  el_after_av_social_share  el_before_av_comments_list '><span class='hr-inner ' ><span class='hr-inner-style'><\/span><\/span><\/div>\n<div  class='av-buildercomment  av-blog-meta-html-info-disabled av-blog-meta-tag-disabled  '><\/div>\n","protected":false},"excerpt":{"rendered":"","protected":false},"author":1,"featured_media":47161,"comment_status":"open","ping_status":"open","sticky":false,"template":"","format":"standard","meta":{"footnotes":""},"categories":[57],"tags":[],"class_list":["post-47160","post","type-post","status-publish","format-standard","has-post-thumbnail","hentry","category-vivienda"],"jetpack_featured_media_url":"https:\/\/radiorevelacionfm.cl\/wp-content\/uploads\/2024\/10\/foto-archivo-105-viviendas-coyhaique-2-1_optimized-1.jpg","_links":{"self":[{"href":"https:\/\/radiorevelacionfm.cl\/index.php?rest_route=\/wp\/v2\/posts\/47160","targetHints":{"allow":["GET"]}}],"collection":[{"href":"https:\/\/radiorevelacionfm.cl\/index.php?rest_route=\/wp\/v2\/posts"}],"about":[{"href":"https:\/\/radiorevelacionfm.cl\/index.php?rest_route=\/wp\/v2\/types\/post"}],"author":[{"embeddable":true,"href":"https:\/\/radiorevelacionfm.cl\/index.php?rest_route=\/wp\/v2\/users\/1"}],"replies":[{"embeddable":true,"href":"https:\/\/radiorevelacionfm.cl\/index.php?rest_route=%2Fwp%2Fv2%2Fcomments&post=47160"}],"version-history":[{"count":1,"href":"https:\/\/radiorevelacionfm.cl\/index.php?rest_route=\/wp\/v2\/posts\/47160\/revisions"}],"predecessor-version":[{"id":47162,"href":"https:\/\/radiorevelacionfm.cl\/index.php?rest_route=\/wp\/v2\/posts\/47160\/revisions\/47162"}],"wp:featuredmedia":[{"embeddable":true,"href":"https:\/\/radiorevelacionfm.cl\/index.php?rest_route=\/wp\/v2\/media\/47161"}],"wp:attachment":[{"href":"https:\/\/radiorevelacionfm.cl\/index.php?rest_route=%2Fwp%2Fv2%2Fmedia&parent=47160"}],"wp:term":[{"taxonomy":"category","embeddable":true,"href":"https:\/\/radiorevelacionfm.cl\/index.php?rest_route=%2Fwp%2Fv2%2Fcategories&post=47160"},{"taxonomy":"post_tag","embeddable":true,"href":"https:\/\/radiorevelacionfm.cl\/index.php?rest_route=%2Fwp%2Fv2%2Ftags&post=47160"}],"curies":[{"name":"wp","href":"https:\/\/api.w.org\/{rel}","templated":true}]}}