{"id":47157,"date":"2024-10-17T09:58:06","date_gmt":"2024-10-17T12:58:06","guid":{"rendered":"https:\/\/radiorevelacionfm.cl\/?p=47157"},"modified":"2024-10-17T09:58:06","modified_gmt":"2024-10-17T12:58:06","slug":"con-presentaciones-en-la-plaza-de-coyhaique-y-en-escuelas-de-balmaceda-y-puerto-chacabuco-se-celebro-el-dia-nacional-del-bibliomovil-en-la-region","status":"publish","type":"post","link":"https:\/\/radiorevelacionfm.cl\/?p=47157","title":{"rendered":"Con presentaciones en la plaza de Coyhaique y en escuelas de Balmaceda y Puerto Chacabuco se celebr\u00f3 el D\u00eda Nacional del Bibliom\u00f3vil en la regi\u00f3n"},"content":{"rendered":"<div class=\"flex_column av_one_full  flex_column_div av-zero-column-padding first  avia-builder-el-0  el_before_av_one_full  avia-builder-el-first  \" style='border-radius:0px; '><div  class='avia-image-container  av-styling-    avia-builder-el-1  avia-builder-el-no-sibling  avia-align-center '  itemprop=\"image\" itemscope=\"itemscope\" itemtype=\"https:\/\/schema.org\/ImageObject\"  ><div class='avia-image-container-inner'><div class='avia-image-overlay-wrap'><img decoding=\"async\" class='wp-image-47158 avia-img-lazy-loading-not-47158 avia_image' src=\"https:\/\/radiorevelacionfm.cl\/wp-content\/uploads\/2024\/10\/BBUS_Canticuentos-1.jpeg\" alt='' title='BBUS_Canticuentos (1)' height=\"605\" width=\"804\"  itemprop=\"thumbnailUrl\" srcset=\"https:\/\/radiorevelacionfm.cl\/wp-content\/uploads\/2024\/10\/BBUS_Canticuentos-1.jpeg 804w, https:\/\/radiorevelacionfm.cl\/wp-content\/uploads\/2024\/10\/BBUS_Canticuentos-1-300x226.jpeg 300w, https:\/\/radiorevelacionfm.cl\/wp-content\/uploads\/2024\/10\/BBUS_Canticuentos-1-768x578.jpeg 768w, https:\/\/radiorevelacionfm.cl\/wp-content\/uploads\/2024\/10\/BBUS_Canticuentos-1-705x531.jpeg 705w, https:\/\/radiorevelacionfm.cl\/wp-content\/uploads\/2024\/10\/BBUS_Canticuentos-1-450x339.jpeg 450w, https:\/\/radiorevelacionfm.cl\/wp-content\/uploads\/2024\/10\/BBUS_Canticuentos-1-600x451.jpeg 600w\" sizes=\"(max-width: 804px) 100vw, 804px\" \/><\/div><\/div><\/div><\/div><div class=\"flex_column av_one_full  flex_column_div av-zero-column-padding first  avia-builder-el-2  el_after_av_one_full  el_before_av_one_full  column-top-margin\" style='border-radius:0px; '><section class=\"av_textblock_section \"  itemscope=\"itemscope\" itemtype=\"https:\/\/schema.org\/BlogPosting\" itemprop=\"blogPost\" ><div class='avia_textblock  '   itemprop=\"text\" ><p style=\"text-align: center;\"><strong><span style=\"font-size: 18pt;\">Con presentaciones en la plaza de Coyhaique y en escuelas de Balmaceda y Puerto Chacabuco se celebr\u00f3 el D\u00eda Nacional del Bibliom\u00f3vil en la regi\u00f3n<\/span><\/strong><\/p>\n<div id=\"gtx-trans\" style=\"position: absolute; left: -50px; top: 4.31534px;\">\n<div class=\"gtx-trans-icon\"><\/div>\n<\/div>\n<\/div><\/section><\/div><div class=\"flex_column av_one_full  flex_column_div av-zero-column-padding first  avia-builder-el-4  el_after_av_one_full  el_before_av_hr  column-top-margin\" style='border-radius:0px; '><section class=\"av_textblock_section \"  itemscope=\"itemscope\" itemtype=\"https:\/\/schema.org\/BlogPosting\" itemprop=\"blogPost\" ><div class='avia_textblock  '   itemprop=\"text\" ><p style=\"text-align: justify;\">Cada tercer mi\u00e9rcoles de octubre se celebra en todo el pa\u00eds el D\u00eda Nacional del Bibliom\u00f3vil. Este hito se ha creado como una forma de reconocer la labor de acercamiento del libro y la lectura a trav\u00e9s de servicios bibliotecarios m\u00f3viles que permiten llegar a los sectores m\u00e1s apartados del territorio nacional, los cuales en muchos casos no cuentan con bibliotecas en sus localidades.<\/p>\n<p style=\"text-align: justify;\">En Ays\u00e9n, este servicio bibliotecario m\u00f3vil se inicia el a\u00f1o 1995 con un peque\u00f1o furg\u00f3n\u00a0 que\u00a0 visitaba a los habitantes de localidades rurales, sus escuelas \u00a0y postas. \u00a0En la actualidad esta biblioteca m\u00f3vil, conocida como Bibliob\u00fas Ays\u00e9n, depende del Servicio Nacional del Patrimonio Cultural, a trav\u00e9s de su Direcci\u00f3n Regional, cuenta con una colecci\u00f3n de libros cercana a los 5.000 ejemplares y su cobertura de atenci\u00f3n incorpora un total de 13 localidades, distribuidas en las comunas de Ays\u00e9n, Coyhaique y R\u00edo Ib\u00e1\u00f1ez. La persona responsable de los servicios que entrega esta biblioteca, es su \u00a0encargado Marcos Almonacid Rivera, qui\u00e9n realiza las labores de pr\u00e9stamo de libros, mediaci\u00f3n lectora y es tambi\u00e9n el conductor\u00a0 del Bibliob\u00fas.<\/p>\n<p style=\"text-align: justify;\">La celebraci\u00f3n del D\u00eda Nacional del Bibliom\u00f3vil ha generado una programaci\u00f3n de actividades a lo largo de todo el pa\u00eds, y en el caso de Ays\u00e9n, la celebraci\u00f3n ha estado dedicada a las y los lectores m\u00e1s peque\u00f1os, con una serie de presentaciones teatrales y de t\u00edteres, que se vinculan con el mundo de los libros. El lunes 14 de septiembre en la Escuela B\u00e1sica Jos\u00e9 Antol\u00edn Silva de Balmaceda, el Bibliob\u00fas llev\u00f3 la obra titulada \u201cEl Acorde\u00f3n Rojo de Don Melchor\u201d, basada en el libro del mismo nombre. La obra es una adaptaci\u00f3n y puesta en escena de la actriz Francisca D\u00edaz Hern\u00e1ndez. El mi\u00e9rcoles 16 de octubre fue el turno de Coyhaique, donde se instal\u00f3 el Bibliob\u00fas en plena plaza pentagonal, invitando a ni\u00f1os, ni\u00f1as y a p\u00fablico en general para que pudieran visitarlo, solicitar libros en pr\u00e9stamo, para luego disfrutar de la presentaci\u00f3n de \u201cCanticuentos\u201d\u00a0 a cargo del equipo de la Sala Infantil de la Biblioteca Regional de Ays\u00e9n, y tambi\u00e9n disfrutar de la obra de t\u00edteres \u201cMaria y Juancito\u201d, a trav\u00e9s de una adaptaci\u00f3n del titiritero Dami\u00e1n Ant\u00edguez de la compa\u00f1\u00eda Vuelo Teatro. Esta misma obra se presentar\u00e1 el d\u00eda 17 de octubre en la Escuela B\u00e1sica Almirante Simpson, de Puerto Chacabuco, establecimiento que forma parte del itinerario del Bibliob\u00fas Ays\u00e9n.<\/p>\n<p style=\"text-align: justify;\">El Bibliob\u00fas Ays\u00e9n, ad portas de cumplir 30 a\u00f1os de servicio, espera renovar prontamente su veh\u00edculo, a trav\u00e9s de fondos del Gobierno Regional de Ays\u00e9n, lo que permitir\u00e1 que esta biblioteca m\u00f3vil contin\u00fae ampliando los caminos de la lectura en la regi\u00f3n.<\/p>\n<\/div><\/section><\/div><div  style='height:50px' class='hr hr-invisible   avia-builder-el-6  el_after_av_one_full  el_before_av_social_share '><span class='hr-inner ' ><span class='hr-inner-style'><\/span><\/span><\/div><\/p>\n<div  class='av-social-sharing-box  avia-builder-el-7  el_after_av_hr  el_before_av_hr  '><div class='av-share-box'><h5 class='av-share-link-description av-no-toc '>Compartir esta noticia<\/h5><ul class='av-share-box-list noLightbox'><li class='av-share-link av-social-link-facebook' ><a target=\"_blank\" aria-label=\"Compartir en Facebook\" href='https:\/\/www.facebook.com\/sharer.php?u=https:\/\/radiorevelacionfm.cl\/?p=47157&#038;t=Con%20presentaciones%20en%20la%20plaza%20de%20Coyhaique%20y%20en%20escuelas%20de%20Balmaceda%20y%20Puerto%20Chacabuco%20se%20celebr%C3%B3%20el%20D%C3%ADa%20Nacional%20del%20Bibliom%C3%B3vil%20en%20la%20regi%C3%B3n' aria-hidden='false' data-av_icon='\ue8f3' data-av_iconfont='entypo-fontello' title='' data-avia-related-tooltip='Compartir en Facebook' rel=\"noopener\"><span class='avia_hidden_link_text'>Compartir en Facebook<\/span><\/a><\/li><li class='av-share-link av-social-link-twitter' ><a target=\"_blank\" aria-label=\"Compartir en Twitter\" href='https:\/\/twitter.com\/share?text=Con%20presentaciones%20en%20la%20plaza%20de%20Coyhaique%20y%20en%20escuelas%20de%20Balmaceda%20y%20Puerto%20Chacabuco%20se%20celebr%C3%B3%20el%20D%C3%ADa%20Nacional%20del%20Bibliom%C3%B3vil%20en%20la%20regi%C3%B3n&#038;url=https:\/\/radiorevelacionfm.cl\/?p=47157' aria-hidden='false' data-av_icon='\ue8f1' data-av_iconfont='entypo-fontello' title='' data-avia-related-tooltip='Compartir en Twitter' rel=\"noopener\"><span class='avia_hidden_link_text'>Compartir en Twitter<\/span><\/a><\/li><li class='av-share-link av-social-link-whatsapp' ><a target=\"_blank\" aria-label=\"Compartir en Whatsapp\" href='https:\/\/api.whatsapp.com\/send?text=https:\/\/radiorevelacionfm.cl\/?p=47157' aria-hidden='false' data-av_icon='\uf232' data-av_iconfont='entypo-fontello' title='' data-avia-related-tooltip='Compartir en Whatsapp' rel=\"noopener\"><span class='avia_hidden_link_text'>Compartir en Whatsapp<\/span><\/a><\/li><li class='av-share-link av-social-link-linkedin' ><a target=\"_blank\" aria-label=\"Compartir en LinkedIn\" href='https:\/\/linkedin.com\/shareArticle?mini=true&#038;title=Con%20presentaciones%20en%20la%20plaza%20de%20Coyhaique%20y%20en%20escuelas%20de%20Balmaceda%20y%20Puerto%20Chacabuco%20se%20celebr%C3%B3%20el%20D%C3%ADa%20Nacional%20del%20Bibliom%C3%B3vil%20en%20la%20regi%C3%B3n&#038;url=https:\/\/radiorevelacionfm.cl\/?p=47157' aria-hidden='false' data-av_icon='\ue8fc' data-av_iconfont='entypo-fontello' title='' data-avia-related-tooltip='Compartir en LinkedIn' rel=\"noopener\"><span class='avia_hidden_link_text'>Compartir en LinkedIn<\/span><\/a><\/li><li class='av-share-link av-social-link-mail' ><a  aria-label=\"Compartir por correo\" href='mailto:?subject=Con%20presentaciones%20en%20la%20plaza%20de%20Coyhaique%20y%20en%20escuelas%20de%20Balmaceda%20y%20Puerto%20Chacabuco%20se%20celebr%C3%B3%20el%20D%C3%ADa%20Nacional%20del%20Bibliom%C3%B3vil%20en%20la%20regi%C3%B3n&#038;body=https:\/\/radiorevelacionfm.cl\/?p=47157' aria-hidden='false' data-av_icon='\ue805' data-av_iconfont='entypo-fontello' title='' data-avia-related-tooltip='Compartir por correo'><span class='avia_hidden_link_text'>Compartir por correo<\/span><\/a><\/li><\/ul><\/div><\/div>\n<div  style='height:50px' class='hr hr-invisible   avia-builder-el-8  el_after_av_social_share  el_before_av_comments_list '><span class='hr-inner ' ><span class='hr-inner-style'><\/span><\/span><\/div>\n<div  class='av-buildercomment  av-blog-meta-html-info-disabled av-blog-meta-tag-disabled  '><\/div>\n","protected":false},"excerpt":{"rendered":"","protected":false},"author":1,"featured_media":47158,"comment_status":"open","ping_status":"open","sticky":false,"template":"","format":"standard","meta":{"footnotes":""},"categories":[52],"tags":[],"class_list":["post-47157","post","type-post","status-publish","format-standard","has-post-thumbnail","hentry","category-cultura"],"jetpack_featured_media_url":"https:\/\/radiorevelacionfm.cl\/wp-content\/uploads\/2024\/10\/BBUS_Canticuentos-1.jpeg","_links":{"self":[{"href":"https:\/\/radiorevelacionfm.cl\/index.php?rest_route=\/wp\/v2\/posts\/47157","targetHints":{"allow":["GET"]}}],"collection":[{"href":"https:\/\/radiorevelacionfm.cl\/index.php?rest_route=\/wp\/v2\/posts"}],"about":[{"href":"https:\/\/radiorevelacionfm.cl\/index.php?rest_route=\/wp\/v2\/types\/post"}],"author":[{"embeddable":true,"href":"https:\/\/radiorevelacionfm.cl\/index.php?rest_route=\/wp\/v2\/users\/1"}],"replies":[{"embeddable":true,"href":"https:\/\/radiorevelacionfm.cl\/index.php?rest_route=%2Fwp%2Fv2%2Fcomments&post=47157"}],"version-history":[{"count":1,"href":"https:\/\/radiorevelacionfm.cl\/index.php?rest_route=\/wp\/v2\/posts\/47157\/revisions"}],"predecessor-version":[{"id":47159,"href":"https:\/\/radiorevelacionfm.cl\/index.php?rest_route=\/wp\/v2\/posts\/47157\/revisions\/47159"}],"wp:featuredmedia":[{"embeddable":true,"href":"https:\/\/radiorevelacionfm.cl\/index.php?rest_route=\/wp\/v2\/media\/47158"}],"wp:attachment":[{"href":"https:\/\/radiorevelacionfm.cl\/index.php?rest_route=%2Fwp%2Fv2%2Fmedia&parent=47157"}],"wp:term":[{"taxonomy":"category","embeddable":true,"href":"https:\/\/radiorevelacionfm.cl\/index.php?rest_route=%2Fwp%2Fv2%2Fcategories&post=47157"},{"taxonomy":"post_tag","embeddable":true,"href":"https:\/\/radiorevelacionfm.cl\/index.php?rest_route=%2Fwp%2Fv2%2Ftags&post=47157"}],"curies":[{"name":"wp","href":"https:\/\/api.w.org\/{rel}","templated":true}]}}