{"id":47154,"date":"2024-10-16T20:34:20","date_gmt":"2024-10-16T23:34:20","guid":{"rendered":"https:\/\/radiorevelacionfm.cl\/?p=47154"},"modified":"2024-10-16T20:34:20","modified_gmt":"2024-10-16T23:34:20","slug":"realizan-exitoso-taller-sobre-avistamiento-de-aves-en-la-comuna-de-aysen","status":"publish","type":"post","link":"https:\/\/radiorevelacionfm.cl\/?p=47154","title":{"rendered":"Realizan exitoso taller sobre avistamiento de aves en la comuna de Ays\u00e9n"},"content":{"rendered":"<div class=\"flex_column av_one_full  flex_column_div av-zero-column-padding first  avia-builder-el-0  el_before_av_one_full  avia-builder-el-first  \" style='border-radius:0px; '><div  class='avia-image-container  av-styling-    avia-builder-el-1  avia-builder-el-no-sibling  avia-align-center '  itemprop=\"image\" itemscope=\"itemscope\" itemtype=\"https:\/\/schema.org\/ImageObject\"  ><div class='avia-image-container-inner'><div class='avia-image-overlay-wrap'><img decoding=\"async\" class='wp-image-47155 avia-img-lazy-loading-not-47155 avia_image' src=\"https:\/\/radiorevelacionfm.cl\/wp-content\/uploads\/2024\/10\/whatsapp-image-2024-10-15-at-12_optimized.19.50-pm-1.jpeg\" alt='' title='whatsapp-image-2024-10-15-at-12_optimized.19.50-pm-(1)' height=\"600\" width=\"901\"  itemprop=\"thumbnailUrl\" srcset=\"https:\/\/radiorevelacionfm.cl\/wp-content\/uploads\/2024\/10\/whatsapp-image-2024-10-15-at-12_optimized.19.50-pm-1.jpeg 901w, https:\/\/radiorevelacionfm.cl\/wp-content\/uploads\/2024\/10\/whatsapp-image-2024-10-15-at-12_optimized.19.50-pm-1-300x200.jpeg 300w, https:\/\/radiorevelacionfm.cl\/wp-content\/uploads\/2024\/10\/whatsapp-image-2024-10-15-at-12_optimized.19.50-pm-1-768x511.jpeg 768w, https:\/\/radiorevelacionfm.cl\/wp-content\/uploads\/2024\/10\/whatsapp-image-2024-10-15-at-12_optimized.19.50-pm-1-705x469.jpeg 705w, https:\/\/radiorevelacionfm.cl\/wp-content\/uploads\/2024\/10\/whatsapp-image-2024-10-15-at-12_optimized.19.50-pm-1-450x300.jpeg 450w, https:\/\/radiorevelacionfm.cl\/wp-content\/uploads\/2024\/10\/whatsapp-image-2024-10-15-at-12_optimized.19.50-pm-1-600x400.jpeg 600w\" sizes=\"(max-width: 901px) 100vw, 901px\" \/><\/div><\/div><\/div><\/div><div class=\"flex_column av_one_full  flex_column_div av-zero-column-padding first  avia-builder-el-2  el_after_av_one_full  el_before_av_one_full  column-top-margin\" style='border-radius:0px; '><section class=\"av_textblock_section \"  itemscope=\"itemscope\" itemtype=\"https:\/\/schema.org\/BlogPosting\" itemprop=\"blogPost\" ><div class='avia_textblock  '   itemprop=\"text\" ><p style=\"text-align: center;\"><strong><span style=\"font-size: 18pt;\">Realizan exitoso taller sobre avistamiento de aves en la comuna de Ays\u00e9n<\/span><\/strong><\/p>\n<div id=\"gtx-trans\" style=\"position: absolute; left: -50px; top: 4.31534px;\">\n<div class=\"gtx-trans-icon\"><\/div>\n<\/div>\n<\/div><\/section><\/div><div class=\"flex_column av_one_full  flex_column_div av-zero-column-padding first  avia-builder-el-4  el_after_av_one_full  el_before_av_hr  column-top-margin\" style='border-radius:0px; '><section class=\"av_textblock_section \"  itemscope=\"itemscope\" itemtype=\"https:\/\/schema.org\/BlogPosting\" itemprop=\"blogPost\" ><div class='avia_textblock  '   itemprop=\"text\" ><p style=\"text-align: justify;\"><em>Para esta ocasi\u00f3n fue invitado el reconocido ilustrador y observador de p\u00e1jaros Daniel Mart\u00ednez Pi\u00f1a, que present\u00f3 sus conocimientos y experiencias, adem\u00e1s de guiar a un grupo en una visita en terreno para conocer aves de la zona.<\/em><\/p>\n<p style=\"text-align: justify;\">De manera completamente gratuita y de entrada abierta a la comunidad se realiz\u00f3 un taller sobre avifauna en la Casa de la Cultura de Puerto Ays\u00e9n. Este consisti\u00f3 de dos fases, una te\u00f3rica, la cual convoc\u00f3 a m\u00e1s de cincuenta personas, y una pr\u00e1ctica donde se fue junto al experto a aplicar las t\u00e9cnicas aprendidas.<\/p>\n<p style=\"text-align: justify;\">Para esta charla, la Unidad de Turismo de la Municipalidad de Ays\u00e9n trajo a Daniel Mart\u00ednez Pi\u00f1a, un ilustrador que lleva veinte a\u00f1os trabajando en el mundo de la observaci\u00f3n y dibujo de aves, mam\u00edferos y reptiles. Cuenta con su propio sello editorial denominado \u201cMuseo Ediciones\u201d en el cual tiene cientos de ilustraciones de animales de Chile, adem\u00e1s es el autor de varios libros en el cual ha plasmado su arte y sus aprendizajes.<\/p>\n<p style=\"text-align: justify;\">Mart\u00ednez Pi\u00f1a menciona que, \u201clo principal que este curso busca es dar una introducci\u00f3n a la observaci\u00f3n de aves, \u201cc\u00f3mo desde la inexperiencia puedo adentrarme en el estudio de las aves\u201d. Entonces, dimos algunas pautas de en qu\u00e9 fijarse, qu\u00e9 atender, qu\u00e9 estudiar para poder vincularse en esta pasi\u00f3n que es la observaci\u00f3n de aves. Tambi\u00e9n hicimos una peque\u00f1a revisi\u00f3n de los p\u00e1jaros de la regi\u00f3n de Ays\u00e9n, los espec\u00edmenes que nos rodean y forman parte del paisaje, ocupan diferentes h\u00e1bitats, diferentes rangos de distribuci\u00f3n. El punto es que el observador, quien se inicia en esa b\u00fasqueda tenga su propio fin y su objetivo\u201d.<\/p>\n<p style=\"text-align: justify;\">Al d\u00eda siguiente de la charla, se realiz\u00f3 una visita guiada por varios puntos de la comuna veinte interesados a divisar aves de las zonas en Puntilla del R\u00edo Ays\u00e9n, el humedal de Ribera Sur y Bah\u00eda Acantilada. El experto en su primera visita a la zona, coment\u00f3 haber censado a un total de 94 especies, pero est\u00e1 deseoso de volver debido al \u00e9xito de la actividad y la rica diversidad de fauna que habita en nuestra regi\u00f3n.<\/p>\n<\/div><\/section><\/div><div  style='height:50px' class='hr hr-invisible   avia-builder-el-6  el_after_av_one_full  el_before_av_social_share '><span class='hr-inner ' ><span class='hr-inner-style'><\/span><\/span><\/div><\/p>\n<div  class='av-social-sharing-box  avia-builder-el-7  el_after_av_hr  el_before_av_hr  '><div class='av-share-box'><h5 class='av-share-link-description av-no-toc '>Compartir esta noticia<\/h5><ul class='av-share-box-list noLightbox'><li class='av-share-link av-social-link-facebook' ><a target=\"_blank\" aria-label=\"Compartir en Facebook\" href='https:\/\/www.facebook.com\/sharer.php?u=https:\/\/radiorevelacionfm.cl\/?p=47154&#038;t=Realizan%20exitoso%20taller%20sobre%20avistamiento%20de%20aves%20en%20la%20comuna%20de%20Ays%C3%A9n' aria-hidden='false' data-av_icon='\ue8f3' data-av_iconfont='entypo-fontello' title='' data-avia-related-tooltip='Compartir en Facebook' rel=\"noopener\"><span class='avia_hidden_link_text'>Compartir en Facebook<\/span><\/a><\/li><li class='av-share-link av-social-link-twitter' ><a target=\"_blank\" aria-label=\"Compartir en Twitter\" href='https:\/\/twitter.com\/share?text=Realizan%20exitoso%20taller%20sobre%20avistamiento%20de%20aves%20en%20la%20comuna%20de%20Ays%C3%A9n&#038;url=https:\/\/radiorevelacionfm.cl\/?p=47154' aria-hidden='false' data-av_icon='\ue8f1' data-av_iconfont='entypo-fontello' title='' data-avia-related-tooltip='Compartir en Twitter' rel=\"noopener\"><span class='avia_hidden_link_text'>Compartir en Twitter<\/span><\/a><\/li><li class='av-share-link av-social-link-whatsapp' ><a target=\"_blank\" aria-label=\"Compartir en Whatsapp\" href='https:\/\/api.whatsapp.com\/send?text=https:\/\/radiorevelacionfm.cl\/?p=47154' aria-hidden='false' data-av_icon='\uf232' data-av_iconfont='entypo-fontello' title='' data-avia-related-tooltip='Compartir en Whatsapp' rel=\"noopener\"><span class='avia_hidden_link_text'>Compartir en Whatsapp<\/span><\/a><\/li><li class='av-share-link av-social-link-linkedin' ><a target=\"_blank\" aria-label=\"Compartir en LinkedIn\" href='https:\/\/linkedin.com\/shareArticle?mini=true&#038;title=Realizan%20exitoso%20taller%20sobre%20avistamiento%20de%20aves%20en%20la%20comuna%20de%20Ays%C3%A9n&#038;url=https:\/\/radiorevelacionfm.cl\/?p=47154' aria-hidden='false' data-av_icon='\ue8fc' data-av_iconfont='entypo-fontello' title='' data-avia-related-tooltip='Compartir en LinkedIn' rel=\"noopener\"><span class='avia_hidden_link_text'>Compartir en LinkedIn<\/span><\/a><\/li><li class='av-share-link av-social-link-mail' ><a  aria-label=\"Compartir por correo\" href='mailto:?subject=Realizan%20exitoso%20taller%20sobre%20avistamiento%20de%20aves%20en%20la%20comuna%20de%20Ays%C3%A9n&#038;body=https:\/\/radiorevelacionfm.cl\/?p=47154' aria-hidden='false' data-av_icon='\ue805' data-av_iconfont='entypo-fontello' title='' data-avia-related-tooltip='Compartir por correo'><span class='avia_hidden_link_text'>Compartir por correo<\/span><\/a><\/li><\/ul><\/div><\/div>\n<div  style='height:50px' class='hr hr-invisible   avia-builder-el-8  el_after_av_social_share  el_before_av_comments_list '><span class='hr-inner ' ><span class='hr-inner-style'><\/span><\/span><\/div>\n<div  class='av-buildercomment  av-blog-meta-html-info-disabled av-blog-meta-tag-disabled  '><\/div>\n","protected":false},"excerpt":{"rendered":"","protected":false},"author":1,"featured_media":47155,"comment_status":"open","ping_status":"open","sticky":false,"template":"","format":"standard","meta":{"footnotes":""},"categories":[38],"tags":[],"class_list":["post-47154","post","type-post","status-publish","format-standard","has-post-thumbnail","hentry","category-regional"],"jetpack_featured_media_url":"https:\/\/radiorevelacionfm.cl\/wp-content\/uploads\/2024\/10\/whatsapp-image-2024-10-15-at-12_optimized.19.50-pm-1.jpeg","_links":{"self":[{"href":"https:\/\/radiorevelacionfm.cl\/index.php?rest_route=\/wp\/v2\/posts\/47154","targetHints":{"allow":["GET"]}}],"collection":[{"href":"https:\/\/radiorevelacionfm.cl\/index.php?rest_route=\/wp\/v2\/posts"}],"about":[{"href":"https:\/\/radiorevelacionfm.cl\/index.php?rest_route=\/wp\/v2\/types\/post"}],"author":[{"embeddable":true,"href":"https:\/\/radiorevelacionfm.cl\/index.php?rest_route=\/wp\/v2\/users\/1"}],"replies":[{"embeddable":true,"href":"https:\/\/radiorevelacionfm.cl\/index.php?rest_route=%2Fwp%2Fv2%2Fcomments&post=47154"}],"version-history":[{"count":1,"href":"https:\/\/radiorevelacionfm.cl\/index.php?rest_route=\/wp\/v2\/posts\/47154\/revisions"}],"predecessor-version":[{"id":47156,"href":"https:\/\/radiorevelacionfm.cl\/index.php?rest_route=\/wp\/v2\/posts\/47154\/revisions\/47156"}],"wp:featuredmedia":[{"embeddable":true,"href":"https:\/\/radiorevelacionfm.cl\/index.php?rest_route=\/wp\/v2\/media\/47155"}],"wp:attachment":[{"href":"https:\/\/radiorevelacionfm.cl\/index.php?rest_route=%2Fwp%2Fv2%2Fmedia&parent=47154"}],"wp:term":[{"taxonomy":"category","embeddable":true,"href":"https:\/\/radiorevelacionfm.cl\/index.php?rest_route=%2Fwp%2Fv2%2Fcategories&post=47154"},{"taxonomy":"post_tag","embeddable":true,"href":"https:\/\/radiorevelacionfm.cl\/index.php?rest_route=%2Fwp%2Fv2%2Ftags&post=47154"}],"curies":[{"name":"wp","href":"https:\/\/api.w.org\/{rel}","templated":true}]}}