{"id":47150,"date":"2024-10-16T18:11:38","date_gmt":"2024-10-16T21:11:38","guid":{"rendered":"https:\/\/radiorevelacionfm.cl\/?p=47150"},"modified":"2024-10-16T18:11:38","modified_gmt":"2024-10-16T21:11:38","slug":"senadora-ordenes-mostro-preocupacion-por-pacientes-trasladados-al-hospital-base-de-valdivia-que-no-recibieron-tratamiento-por-falta-de-insumos","status":"publish","type":"post","link":"https:\/\/radiorevelacionfm.cl\/?p=47150","title":{"rendered":"Senadora \u00d3rdenes mostr\u00f3 preocupaci\u00f3n por pacientes trasladados al Hospital base de Valdivia que no recibieron tratamiento por \u00abfalta de insumos\u00bb"},"content":{"rendered":"<div class=\"flex_column av_one_full  flex_column_div av-zero-column-padding first  avia-builder-el-0  el_before_av_one_full  avia-builder-el-first  \" style='border-radius:0px; '><div  class='avia-image-container  av-styling-    avia-builder-el-1  avia-builder-el-no-sibling  avia-align-center '  itemprop=\"image\" itemscope=\"itemscope\" itemtype=\"https:\/\/schema.org\/ImageObject\"  ><div class='avia-image-container-inner'><div class='avia-image-overlay-wrap'><img decoding=\"async\" class='wp-image-47151 avia-img-lazy-loading-not-47151 avia_image' src=\"https:\/\/radiorevelacionfm.cl\/wp-content\/uploads\/2024\/10\/DSC09332-1-1.jpg\" alt='' title='DSC09332 (1) (1)' height=\"600\" width=\"841\"  itemprop=\"thumbnailUrl\" srcset=\"https:\/\/radiorevelacionfm.cl\/wp-content\/uploads\/2024\/10\/DSC09332-1-1.jpg 841w, https:\/\/radiorevelacionfm.cl\/wp-content\/uploads\/2024\/10\/DSC09332-1-1-300x214.jpg 300w, https:\/\/radiorevelacionfm.cl\/wp-content\/uploads\/2024\/10\/DSC09332-1-1-768x548.jpg 768w, https:\/\/radiorevelacionfm.cl\/wp-content\/uploads\/2024\/10\/DSC09332-1-1-260x185.jpg 260w, https:\/\/radiorevelacionfm.cl\/wp-content\/uploads\/2024\/10\/DSC09332-1-1-705x503.jpg 705w, https:\/\/radiorevelacionfm.cl\/wp-content\/uploads\/2024\/10\/DSC09332-1-1-450x321.jpg 450w, https:\/\/radiorevelacionfm.cl\/wp-content\/uploads\/2024\/10\/DSC09332-1-1-600x428.jpg 600w\" sizes=\"(max-width: 841px) 100vw, 841px\" \/><\/div><\/div><\/div><\/div><div class=\"flex_column av_one_full  flex_column_div av-zero-column-padding first  avia-builder-el-2  el_after_av_one_full  el_before_av_one_full  column-top-margin\" style='border-radius:0px; '><section class=\"av_textblock_section \"  itemscope=\"itemscope\" itemtype=\"https:\/\/schema.org\/BlogPosting\" itemprop=\"blogPost\" ><div class='avia_textblock  '   itemprop=\"text\" ><p style=\"text-align: center;\"><strong><span style=\"font-size: 18pt;\">Senadora \u00d3rdenes mostr\u00f3 preocupaci\u00f3n por pacientes trasladados al Hospital base de Valdivia que no recibieron tratamiento por \u00abfalta de insumos\u00bb<\/span><\/strong><\/p>\n<div id=\"gtx-trans\" style=\"position: absolute; left: -50px; top: 4.31534px;\">\n<div class=\"gtx-trans-icon\"><\/div>\n<\/div>\n<\/div><\/section><\/div><div class=\"flex_column av_one_full  flex_column_div av-zero-column-padding first  avia-builder-el-4  el_after_av_one_full  el_before_av_hr  column-top-margin\" style='border-radius:0px; '><section class=\"av_textblock_section \"  itemscope=\"itemscope\" itemtype=\"https:\/\/schema.org\/BlogPosting\" itemprop=\"blogPost\" ><div class='avia_textblock  '   itemprop=\"text\" ><p style=\"text-align: justify;\"><span style=\"font-weight: 400;\">La senadora por la regi\u00f3n de Ays\u00e9n Ximena \u00d3rdenes Neira, dio cuenta en la Comisi\u00f3n de Salud del Senado de un evidente incumplimiento de las Garant\u00edas Expl\u00edcitas en Salud -GES-, en espec\u00edfico la garant\u00eda 82, sobre \u201cc\u00e1ncer de tiroides en personas de 15 a\u00f1os y m\u00e1s\u201d. La representante aisenina se refiri\u00f3 a una situaci\u00f3n que afecta a por lo menos 15 personas de toda la Zona Sur del pa\u00eds, a quienes desde el 7 al 11 de octubre se les suspendi\u00f3 de manera indefinida sus tratamientos.<\/span><\/p>\n<p style=\"text-align: justify;\"><span style=\"font-weight: 400;\">\u201cQuiero solicitar un oficio a trav\u00e9s de la Comisi\u00f3n de Salud del Senado, esto a ra\u00edz de la suspensi\u00f3n del tratamiento de Yodo 131 en el Hospital Base de Valdivia\u201d, intervino la parlamentaria. \u201cDesde el 7 al 11 de octubre se suspendi\u00f3 de manera indefinida el tratamiento a aproximadamente 15 personas que acudieron a ese recinto asistencial, instancias fundamentales para reducir las posibilidades de tener c\u00e9lulas cancer\u00edgenas que podr\u00edan generar nuevos focos de c\u00e1ncer. Estoy hablando de la garant\u00eda #82 del GES, sobre el c\u00e1ncer de tiroides\u201d, precis\u00f3 la senadora \u00d3rdenes.<\/span><\/p>\n<p style=\"text-align: justify;\"><span style=\"font-weight: 400;\">\u00abSon 15 personas que fueron trasladadas hasta esa ciudad, una de ellas de Coyhaique, una joven de 21 a\u00f1os\u00bb, insisti\u00f3 la parlamentaria. \u201cPrimero, quiero conocer las causas y segundo, las medidas que se van a tomar en esta materia, porque claramente hay un proceso de incertidumbre y es evidente que no se est\u00e1 cumpliendo con la garant\u00eda\u201d, se\u00f1al\u00f3 al Ejecutivo, que se encontraba en la sesi\u00f3n en torno a la presentaci\u00f3n de la ejecuci\u00f3n presupuestaria realizada por el Ministerio de Salud durante 2024.<\/span><\/p>\n<p style=\"text-align: justify;\"><span style=\"font-weight: 400;\">\u201cDesde La Araucan\u00eda a la Regi\u00f3n de Magallanes, pacientes tienen que trasladarse al Hospital de Valdivia para acceder al tratamiento de c\u00e1ncer de tiroides. Lo que ha ocurrido es que, una vez estando all\u00e1, se les ha informado a los pacientes que no recibir\u00e1n el tratamiento por falta de insumos. Nosotros hemos oficiado desde la Comisi\u00f3n de Salud, primero para conocer los antecedentes y las razones de por qu\u00e9 ocurre esta situaci\u00f3n y segundo, para saber qu\u00e9 medidas se van a tomar. Es impresentable que pacientes que estando en el lugar al cual se les ha trasladado para obtener un tratamiento no puedan acceder a \u00e9l y que reci\u00e9n ah\u00ed obtenga la negativa\u201d.<\/span><\/p>\n<p style=\"text-align: justify;\"><span style=\"font-weight: 400;\">La representante de la regi\u00f3n de Ays\u00e9n en el Senado manifest\u00f3 su preocupaci\u00f3n insistiendo en que este hospital es el centro de referencia de toda la zona sur para el tratamiento de Yodo 131, dando cuenta de lo que viven tanto los pacientes, como sus familias, cuando deben salir de sus regiones y tambi\u00e9n, de una grave situaci\u00f3n que podr\u00eda alargarse, no solo para estos 15 pacientes, si es que este centro de referencia sigue sin los insumos necesarios.<\/span><\/p>\n<\/div><\/section><\/div><div  style='height:50px' class='hr hr-invisible   avia-builder-el-6  el_after_av_one_full  el_before_av_social_share '><span class='hr-inner ' ><span class='hr-inner-style'><\/span><\/span><\/div><\/p>\n<div  class='av-social-sharing-box  avia-builder-el-7  el_after_av_hr  el_before_av_hr  '><div class='av-share-box'><h5 class='av-share-link-description av-no-toc '>Compartir esta noticia<\/h5><ul class='av-share-box-list noLightbox'><li class='av-share-link av-social-link-facebook' ><a target=\"_blank\" aria-label=\"Compartir en Facebook\" href='https:\/\/www.facebook.com\/sharer.php?u=https:\/\/radiorevelacionfm.cl\/?p=47150&#038;t=Senadora%20%C3%93rdenes%20mostr%C3%B3%20preocupaci%C3%B3n%20por%20pacientes%20trasladados%20al%20Hospital%20base%20de%20Valdivia%20que%20no%20recibieron%20tratamiento%20por%20%C2%ABfalta%20de%20insumos%C2%BB' aria-hidden='false' data-av_icon='\ue8f3' data-av_iconfont='entypo-fontello' title='' data-avia-related-tooltip='Compartir en Facebook' rel=\"noopener\"><span class='avia_hidden_link_text'>Compartir en Facebook<\/span><\/a><\/li><li class='av-share-link av-social-link-twitter' ><a target=\"_blank\" aria-label=\"Compartir en Twitter\" href='https:\/\/twitter.com\/share?text=Senadora%20%C3%93rdenes%20mostr%C3%B3%20preocupaci%C3%B3n%20por%20pacientes%20trasladados%20al%20Hospital%20base%20de%20Valdivia%20que%20no%20recibieron%20tratamiento%20por%20%C2%ABfalta%20de%20insumos%C2%BB&#038;url=https:\/\/radiorevelacionfm.cl\/?p=47150' aria-hidden='false' data-av_icon='\ue8f1' data-av_iconfont='entypo-fontello' title='' data-avia-related-tooltip='Compartir en Twitter' rel=\"noopener\"><span class='avia_hidden_link_text'>Compartir en Twitter<\/span><\/a><\/li><li class='av-share-link av-social-link-whatsapp' ><a target=\"_blank\" aria-label=\"Compartir en Whatsapp\" href='https:\/\/api.whatsapp.com\/send?text=https:\/\/radiorevelacionfm.cl\/?p=47150' aria-hidden='false' data-av_icon='\uf232' data-av_iconfont='entypo-fontello' title='' data-avia-related-tooltip='Compartir en Whatsapp' rel=\"noopener\"><span class='avia_hidden_link_text'>Compartir en Whatsapp<\/span><\/a><\/li><li class='av-share-link av-social-link-linkedin' ><a target=\"_blank\" aria-label=\"Compartir en LinkedIn\" href='https:\/\/linkedin.com\/shareArticle?mini=true&#038;title=Senadora%20%C3%93rdenes%20mostr%C3%B3%20preocupaci%C3%B3n%20por%20pacientes%20trasladados%20al%20Hospital%20base%20de%20Valdivia%20que%20no%20recibieron%20tratamiento%20por%20%C2%ABfalta%20de%20insumos%C2%BB&#038;url=https:\/\/radiorevelacionfm.cl\/?p=47150' aria-hidden='false' data-av_icon='\ue8fc' data-av_iconfont='entypo-fontello' title='' data-avia-related-tooltip='Compartir en LinkedIn' rel=\"noopener\"><span class='avia_hidden_link_text'>Compartir en LinkedIn<\/span><\/a><\/li><li class='av-share-link av-social-link-mail' ><a  aria-label=\"Compartir por correo\" href='mailto:?subject=Senadora%20%C3%93rdenes%20mostr%C3%B3%20preocupaci%C3%B3n%20por%20pacientes%20trasladados%20al%20Hospital%20base%20de%20Valdivia%20que%20no%20recibieron%20tratamiento%20por%20%C2%ABfalta%20de%20insumos%C2%BB&#038;body=https:\/\/radiorevelacionfm.cl\/?p=47150' aria-hidden='false' data-av_icon='\ue805' data-av_iconfont='entypo-fontello' title='' data-avia-related-tooltip='Compartir por correo'><span class='avia_hidden_link_text'>Compartir por correo<\/span><\/a><\/li><\/ul><\/div><\/div>\n<div  style='height:50px' class='hr hr-invisible   avia-builder-el-8  el_after_av_social_share  el_before_av_comments_list '><span class='hr-inner ' ><span class='hr-inner-style'><\/span><\/span><\/div>\n<div  class='av-buildercomment  av-blog-meta-html-info-disabled av-blog-meta-tag-disabled  '><\/div>\n","protected":false},"excerpt":{"rendered":"","protected":false},"author":1,"featured_media":47151,"comment_status":"open","ping_status":"open","sticky":false,"template":"","format":"standard","meta":{"footnotes":""},"categories":[38],"tags":[],"class_list":["post-47150","post","type-post","status-publish","format-standard","has-post-thumbnail","hentry","category-regional"],"jetpack_featured_media_url":"https:\/\/radiorevelacionfm.cl\/wp-content\/uploads\/2024\/10\/DSC09332-1-1.jpg","_links":{"self":[{"href":"https:\/\/radiorevelacionfm.cl\/index.php?rest_route=\/wp\/v2\/posts\/47150","targetHints":{"allow":["GET"]}}],"collection":[{"href":"https:\/\/radiorevelacionfm.cl\/index.php?rest_route=\/wp\/v2\/posts"}],"about":[{"href":"https:\/\/radiorevelacionfm.cl\/index.php?rest_route=\/wp\/v2\/types\/post"}],"author":[{"embeddable":true,"href":"https:\/\/radiorevelacionfm.cl\/index.php?rest_route=\/wp\/v2\/users\/1"}],"replies":[{"embeddable":true,"href":"https:\/\/radiorevelacionfm.cl\/index.php?rest_route=%2Fwp%2Fv2%2Fcomments&post=47150"}],"version-history":[{"count":1,"href":"https:\/\/radiorevelacionfm.cl\/index.php?rest_route=\/wp\/v2\/posts\/47150\/revisions"}],"predecessor-version":[{"id":47152,"href":"https:\/\/radiorevelacionfm.cl\/index.php?rest_route=\/wp\/v2\/posts\/47150\/revisions\/47152"}],"wp:featuredmedia":[{"embeddable":true,"href":"https:\/\/radiorevelacionfm.cl\/index.php?rest_route=\/wp\/v2\/media\/47151"}],"wp:attachment":[{"href":"https:\/\/radiorevelacionfm.cl\/index.php?rest_route=%2Fwp%2Fv2%2Fmedia&parent=47150"}],"wp:term":[{"taxonomy":"category","embeddable":true,"href":"https:\/\/radiorevelacionfm.cl\/index.php?rest_route=%2Fwp%2Fv2%2Fcategories&post=47150"},{"taxonomy":"post_tag","embeddable":true,"href":"https:\/\/radiorevelacionfm.cl\/index.php?rest_route=%2Fwp%2Fv2%2Ftags&post=47150"}],"curies":[{"name":"wp","href":"https:\/\/api.w.org\/{rel}","templated":true}]}}