{"id":47147,"date":"2024-10-17T09:35:17","date_gmt":"2024-10-17T12:35:17","guid":{"rendered":"https:\/\/radiorevelacionfm.cl\/?p=47147"},"modified":"2024-10-17T09:35:17","modified_gmt":"2024-10-17T12:35:17","slug":"uaysen-y-gremios-empresariales-dialogaron-sobre-el-futuro-productivo-y-sostenible-de-la-region","status":"publish","type":"post","link":"https:\/\/radiorevelacionfm.cl\/?p=47147","title":{"rendered":"UAys\u00e9n y gremios empresariales dialogaron sobre el futuro productivo y sostenible de la regi\u00f3n"},"content":{"rendered":"<div class=\"flex_column av_one_full  flex_column_div av-zero-column-padding first  avia-builder-el-0  el_before_av_one_full  avia-builder-el-first  \" style='border-radius:0px; '><div  class='avia-image-container  av-styling-    avia-builder-el-1  avia-builder-el-no-sibling  avia-align-center '  itemprop=\"image\" itemscope=\"itemscope\" itemtype=\"https:\/\/schema.org\/ImageObject\"  ><div class='avia-image-container-inner'><div class='avia-image-overlay-wrap'><img decoding=\"async\" class='wp-image-47148 avia-img-lazy-loading-not-47148 avia_image' src=\"https:\/\/radiorevelacionfm.cl\/wp-content\/uploads\/2024\/10\/dialogo306d4b61-0a80-449e-8c2c-0f751ba2e7c8-1-1.jpg\" alt='' title='dialogo306d4b61-0a80-449e-8c2c-0f751ba2e7c8 (1) (1)' height=\"600\" width=\"900\"  itemprop=\"thumbnailUrl\" srcset=\"https:\/\/radiorevelacionfm.cl\/wp-content\/uploads\/2024\/10\/dialogo306d4b61-0a80-449e-8c2c-0f751ba2e7c8-1-1.jpg 900w, https:\/\/radiorevelacionfm.cl\/wp-content\/uploads\/2024\/10\/dialogo306d4b61-0a80-449e-8c2c-0f751ba2e7c8-1-1-300x200.jpg 300w, https:\/\/radiorevelacionfm.cl\/wp-content\/uploads\/2024\/10\/dialogo306d4b61-0a80-449e-8c2c-0f751ba2e7c8-1-1-768x512.jpg 768w, https:\/\/radiorevelacionfm.cl\/wp-content\/uploads\/2024\/10\/dialogo306d4b61-0a80-449e-8c2c-0f751ba2e7c8-1-1-705x470.jpg 705w, https:\/\/radiorevelacionfm.cl\/wp-content\/uploads\/2024\/10\/dialogo306d4b61-0a80-449e-8c2c-0f751ba2e7c8-1-1-450x300.jpg 450w, https:\/\/radiorevelacionfm.cl\/wp-content\/uploads\/2024\/10\/dialogo306d4b61-0a80-449e-8c2c-0f751ba2e7c8-1-1-600x400.jpg 600w\" sizes=\"(max-width: 900px) 100vw, 900px\" \/><\/div><\/div><\/div><\/div><div class=\"flex_column av_one_full  flex_column_div av-zero-column-padding first  avia-builder-el-2  el_after_av_one_full  el_before_av_one_full  column-top-margin\" style='border-radius:0px; '><section class=\"av_textblock_section \"  itemscope=\"itemscope\" itemtype=\"https:\/\/schema.org\/BlogPosting\" itemprop=\"blogPost\" ><div class='avia_textblock  '   itemprop=\"text\" ><p style=\"text-align: center;\"><strong><span style=\"font-size: 18pt;\">UAys\u00e9n y gremios empresariales dialogaron sobre el futuro productivo y sostenible de la regi\u00f3n <\/span><\/strong><\/p>\n<div id=\"gtx-trans\" style=\"position: absolute; left: -50px; top: 4.31534px;\">\n<div class=\"gtx-trans-icon\"><\/div>\n<\/div>\n<\/div><\/section><\/div><div class=\"flex_column av_one_full  flex_column_div av-zero-column-padding first  avia-builder-el-4  el_after_av_one_full  el_before_av_hr  column-top-margin\" style='border-radius:0px; '><section class=\"av_textblock_section \"  itemscope=\"itemscope\" itemtype=\"https:\/\/schema.org\/BlogPosting\" itemprop=\"blogPost\" ><div class='avia_textblock  '   itemprop=\"text\" ><p dir=\"ltr\" style=\"text-align: justify;\">En el Campus Lillo 2 de la Universidad de Ays\u00e9n, se realiz\u00f3 por primera vez el conversatorio \u00abC\u00f3mo se Prepara la Regi\u00f3n para su Futuro\u00bb, un espacio de di\u00e1logo organizado en conjunto por la C\u00e1mara de Comercio de Coyhaique y la Universidad de Ays\u00e9n. Este evento reuni\u00f3 a representantes de la academia y destacados l\u00edderes gremiales de nivel nacional y regional.<\/p>\n<p dir=\"ltr\" style=\"text-align: justify;\">Entre los participantes, estuvieron Ricardo Mewes, presidente de la Confederaci\u00f3n de la Producci\u00f3n y del Comercio (CPC), y Jos\u00e9 Pakomio, presidente de la C\u00e1mara Nacional del Comercio (CNC), quienes subrayaron la importancia de fomentar una colaboraci\u00f3n cercana entre la academia y el sector productivo para el desarrollo sostenible del pa\u00eds y sus regiones.<\/p>\n<p dir=\"ltr\" style=\"text-align: justify;\">Ricardo Mewes valor\u00f3 la instancia de di\u00e1logo en la Universidad de Ays\u00e9n\u00a0 con representantes de la academia, gremios del comercio y turismo y\u00a0 autoridades. \u00abCreo que es important\u00edsimo convocar a la universidad, a las autoridades pol\u00edticas, a los gremios tambi\u00e9n de la regi\u00f3n para conversar lo que est\u00e1 pasando en Ays\u00e9n. Esta conversaci\u00f3n que se ha generado entre la universidad, los CFT y la empresa es vital, por lo menos desde nuestro punto de vista; que estemos conversando del desarrollo productivo en la regi\u00f3n, de c\u00f3mo podemos avanzar tambi\u00e9n m\u00e1s r\u00e1pido, c\u00f3mo podemos, desde nuestro rol, apoyar este desarrollo productivo y eso es lo esencial que quer\u00edamos escuchar a los actores principales que son ustedes aqu\u00ed en la regi\u00f3n. Nosotros venimos a escuchar, a apoyar, para ver c\u00f3mo podemos, de alguna manera, llevarnos estas inquietudes y ayudar entonces, de esa manera, a un mejor desarrollo de la regi\u00f3n. Por lo tanto, me parece a m\u00ed que fue una tremenda instancia de conversaci\u00f3n, de conocer tambi\u00e9n qu\u00e9 es lo que est\u00e1 pasando en materia educacional en la regi\u00f3n, tanto en las universidades como en los CFT, para entonces hacernos un panorama lo m\u00e1s amplio posible y, en ese sentido, yo quedo muy contento de esta reuni\u00f3n\u00bb, expres\u00f3 el presidente de la CPC.<\/p>\n<p dir=\"ltr\" style=\"text-align: justify;\">Por su parte, Juan Pablo Prieto Cox, administrador provisional de la UAys\u00e9n, expres\u00f3 su satisfacci\u00f3n por esta in\u00e9dita instancia y manifest\u00f3 que la universidad seguir\u00e1 promoviendo este tipo de encuentros para fortalecer el v\u00ednculo con actores nacionales y regionales. \u00abEn conjunto discutimos, presentamos los desarrollos que tenemos, la formaci\u00f3n de personas, los desarrollos que hemos llevado adelante la educaci\u00f3n superior en esta regi\u00f3n, su historia, y tambi\u00e9n conocimos la versi\u00f3n de los empresarios en torno a esta relaci\u00f3n virtuosa entre la academia y la empresa, la necesidad del di\u00e1logo permanente y continuo entre ellas, la necesidad de conocernos m\u00e1s profundamente de manera que podamos atender sus necesidades, tanto de formaci\u00f3n de personas, de perfiles profesionales, es decir, de qu\u00e9 tipo profesionales y en qu\u00e9 \u00e1rea nosotros deber\u00edamos profundizar nuestros trabajos, como cu\u00e1les son las necesidades tambi\u00e9n de transferencia tecnol\u00f3gica, de desarrollo, y cu\u00e1les son los desaf\u00edos que las empresas enfrenten donde la educaci\u00f3n superior puede tener un importante rol. As\u00ed que estamos felices, creo que esto es algo que quisi\u00e9ramos repetir, hacerlo tambi\u00e9n de forma regular, especialmente con los empresarios de esta regi\u00f3n, de manera que podamos ir avanzando en dibujar una relaci\u00f3n mucho m\u00e1s estrecha entre dos \u00e1reas muy relevantes para el desarrollo de la regi\u00f3n, tanto en t\u00e9rminos productivos como humanos\u00bb, coment\u00f3 Prieto.<\/p>\n<p dir=\"ltr\" style=\"text-align: justify;\">Por su parte, Jos\u00e9 Pakomio, presidente de la C\u00e1mara Nacional del Comercio (CNC),\u00a0 se\u00f1al\u00f3 que este espacio de conversaci\u00f3n tan importante en las regiones \u00abno dejan de asombrarme, nos vamos con muy buenas noticias y tambi\u00e9n hoy d\u00eda con varios desaf\u00edos respecto a la vinculaci\u00f3n que tenemos que seguir robusteciendo entre la academia y el sector privado. La verdad es que es interesante conocer los esfuerzos que se vienen haciendo hace muchos a\u00f1os respecto a la transferencia tecnol\u00f3gica, respecto de hoy d\u00eda avanzar sobre problemas que aquejan a la regi\u00f3n. Creo que ha sido un espacio virtuoso tambi\u00e9n en donde hemos podido conectar respecto a los desaf\u00edos que cada uno de los sectores productivos tambi\u00e9n tiene en la regi\u00f3n\u00bb, enfatiz\u00f3.<\/p>\n<p dir=\"ltr\" style=\"text-align: justify;\">A su vez, H\u00e9ctor Canales, presidente del directorio del CIEP, manifest\u00f3 que cree que se est\u00e1n produciendo cosas muy importantes en nuestra regi\u00f3n. \u00aba ra\u00edz de la visita del m\u00e1ximo l\u00edder empresarial de Chile con el presidente de la C\u00e1mara Nacional de Comercio, hemos terminado hoy d\u00eda una reuni\u00f3n que es in\u00e9dita para reunir a toda la academia regional junto con nuestro Centro de Investigaci\u00f3n adem\u00e1s, digamos, para exponerles c\u00f3mo nos preparamos para el desarrollo tan necesario y urgente que deba tener Ays\u00e9n. Hemos tenido un intercambio interesante de cada una de las exposiciones que han hecho los rectores, directores y han tomado notas de todos nuestros dirigentes empresariales para que den a conocer que la regi\u00f3n de Ays\u00e9n se est\u00e1 preparando para su desarrollo. Es importante contar con la opini\u00f3n de ellos, puesto que ellos est\u00e1n en los principales medios nacionales e internacionales normalmente as\u00ed que esto ha sido un \u00e9xito, dicho por ellos mismos, y agradecer a la Universidad de Ays\u00e9n que nos acogi\u00f3 ac\u00e1 y nos permiti\u00f3 reunirnos\u00bb.<\/p>\n<p dir=\"ltr\" style=\"text-align: justify;\">En el evento tambi\u00e9n participaron el Delegado Presidencial Regional, Rodrigo Araya; Mario Brito, de la Universidad Austral; V\u00edctor Hugo \u00c1lvarez, rector del CFT Estatal de Ays\u00e9n; Patrice Van de Maele, de INACAP Coyhaique; Gerard Olivar, director ejecutivo del CIEP; y H\u00e9ctor Canales, presidente del directorio del CIEP, entre otros.<\/p>\n<p dir=\"ltr\" style=\"text-align: justify;\">Finalmente, la Universidad de Ays\u00e9n agradeci\u00f3 la colaboraci\u00f3n de la C\u00e1mara de Comercio de Coyhaique y su presidenta, Daissy Mondelo, en la organizaci\u00f3n de este importante conversatorio.<\/p>\n<\/div><\/section><\/div><div  style='height:50px' class='hr hr-invisible   avia-builder-el-6  el_after_av_one_full  el_before_av_social_share '><span class='hr-inner ' ><span class='hr-inner-style'><\/span><\/span><\/div><\/p>\n<div  class='av-social-sharing-box  avia-builder-el-7  el_after_av_hr  el_before_av_hr  '><div class='av-share-box'><h5 class='av-share-link-description av-no-toc '>Compartir esta noticia<\/h5><ul class='av-share-box-list noLightbox'><li class='av-share-link av-social-link-facebook' ><a target=\"_blank\" aria-label=\"Compartir en Facebook\" href='https:\/\/www.facebook.com\/sharer.php?u=https:\/\/radiorevelacionfm.cl\/?p=47147&#038;t=UAys%C3%A9n%20y%20gremios%20empresariales%20dialogaron%20sobre%20el%20futuro%20productivo%20y%20sostenible%20de%20la%20regi%C3%B3n' aria-hidden='false' data-av_icon='\ue8f3' data-av_iconfont='entypo-fontello' title='' data-avia-related-tooltip='Compartir en Facebook' rel=\"noopener\"><span class='avia_hidden_link_text'>Compartir en Facebook<\/span><\/a><\/li><li class='av-share-link av-social-link-twitter' ><a target=\"_blank\" aria-label=\"Compartir en Twitter\" href='https:\/\/twitter.com\/share?text=UAys%C3%A9n%20y%20gremios%20empresariales%20dialogaron%20sobre%20el%20futuro%20productivo%20y%20sostenible%20de%20la%20regi%C3%B3n&#038;url=https:\/\/radiorevelacionfm.cl\/?p=47147' aria-hidden='false' data-av_icon='\ue8f1' data-av_iconfont='entypo-fontello' title='' data-avia-related-tooltip='Compartir en Twitter' rel=\"noopener\"><span class='avia_hidden_link_text'>Compartir en Twitter<\/span><\/a><\/li><li class='av-share-link av-social-link-whatsapp' ><a target=\"_blank\" aria-label=\"Compartir en Whatsapp\" href='https:\/\/api.whatsapp.com\/send?text=https:\/\/radiorevelacionfm.cl\/?p=47147' aria-hidden='false' data-av_icon='\uf232' data-av_iconfont='entypo-fontello' title='' data-avia-related-tooltip='Compartir en Whatsapp' rel=\"noopener\"><span class='avia_hidden_link_text'>Compartir en Whatsapp<\/span><\/a><\/li><li class='av-share-link av-social-link-linkedin' ><a target=\"_blank\" aria-label=\"Compartir en LinkedIn\" href='https:\/\/linkedin.com\/shareArticle?mini=true&#038;title=UAys%C3%A9n%20y%20gremios%20empresariales%20dialogaron%20sobre%20el%20futuro%20productivo%20y%20sostenible%20de%20la%20regi%C3%B3n&#038;url=https:\/\/radiorevelacionfm.cl\/?p=47147' aria-hidden='false' data-av_icon='\ue8fc' data-av_iconfont='entypo-fontello' title='' data-avia-related-tooltip='Compartir en LinkedIn' rel=\"noopener\"><span class='avia_hidden_link_text'>Compartir en LinkedIn<\/span><\/a><\/li><li class='av-share-link av-social-link-mail' ><a  aria-label=\"Compartir por correo\" href='mailto:?subject=UAys%C3%A9n%20y%20gremios%20empresariales%20dialogaron%20sobre%20el%20futuro%20productivo%20y%20sostenible%20de%20la%20regi%C3%B3n&#038;body=https:\/\/radiorevelacionfm.cl\/?p=47147' aria-hidden='false' data-av_icon='\ue805' data-av_iconfont='entypo-fontello' title='' data-avia-related-tooltip='Compartir por correo'><span class='avia_hidden_link_text'>Compartir por correo<\/span><\/a><\/li><\/ul><\/div><\/div>\n<div  style='height:50px' class='hr hr-invisible   avia-builder-el-8  el_after_av_social_share  el_before_av_comments_list '><span class='hr-inner ' ><span class='hr-inner-style'><\/span><\/span><\/div>\n<div  class='av-buildercomment  av-blog-meta-html-info-disabled av-blog-meta-tag-disabled  '><\/div>\n","protected":false},"excerpt":{"rendered":"","protected":false},"author":1,"featured_media":47148,"comment_status":"open","ping_status":"open","sticky":false,"template":"","format":"standard","meta":{"footnotes":""},"categories":[38],"tags":[],"class_list":["post-47147","post","type-post","status-publish","format-standard","has-post-thumbnail","hentry","category-regional"],"jetpack_featured_media_url":"https:\/\/radiorevelacionfm.cl\/wp-content\/uploads\/2024\/10\/dialogo306d4b61-0a80-449e-8c2c-0f751ba2e7c8-1-1.jpg","_links":{"self":[{"href":"https:\/\/radiorevelacionfm.cl\/index.php?rest_route=\/wp\/v2\/posts\/47147","targetHints":{"allow":["GET"]}}],"collection":[{"href":"https:\/\/radiorevelacionfm.cl\/index.php?rest_route=\/wp\/v2\/posts"}],"about":[{"href":"https:\/\/radiorevelacionfm.cl\/index.php?rest_route=\/wp\/v2\/types\/post"}],"author":[{"embeddable":true,"href":"https:\/\/radiorevelacionfm.cl\/index.php?rest_route=\/wp\/v2\/users\/1"}],"replies":[{"embeddable":true,"href":"https:\/\/radiorevelacionfm.cl\/index.php?rest_route=%2Fwp%2Fv2%2Fcomments&post=47147"}],"version-history":[{"count":1,"href":"https:\/\/radiorevelacionfm.cl\/index.php?rest_route=\/wp\/v2\/posts\/47147\/revisions"}],"predecessor-version":[{"id":47149,"href":"https:\/\/radiorevelacionfm.cl\/index.php?rest_route=\/wp\/v2\/posts\/47147\/revisions\/47149"}],"wp:featuredmedia":[{"embeddable":true,"href":"https:\/\/radiorevelacionfm.cl\/index.php?rest_route=\/wp\/v2\/media\/47148"}],"wp:attachment":[{"href":"https:\/\/radiorevelacionfm.cl\/index.php?rest_route=%2Fwp%2Fv2%2Fmedia&parent=47147"}],"wp:term":[{"taxonomy":"category","embeddable":true,"href":"https:\/\/radiorevelacionfm.cl\/index.php?rest_route=%2Fwp%2Fv2%2Fcategories&post=47147"},{"taxonomy":"post_tag","embeddable":true,"href":"https:\/\/radiorevelacionfm.cl\/index.php?rest_route=%2Fwp%2Fv2%2Ftags&post=47147"}],"curies":[{"name":"wp","href":"https:\/\/api.w.org\/{rel}","templated":true}]}}