{"id":47140,"date":"2024-10-16T16:48:18","date_gmt":"2024-10-16T19:48:18","guid":{"rendered":"https:\/\/radiorevelacionfm.cl\/?p=47140"},"modified":"2024-10-16T16:48:18","modified_gmt":"2024-10-16T19:48:18","slug":"mas-de-100-personas-mayores-de-coyhaique-participan-en-jornada-que-promueve-el-envejecimiento-activo","status":"publish","type":"post","link":"https:\/\/radiorevelacionfm.cl\/?p=47140","title":{"rendered":"M\u00e1s de 100 personas mayores de Coyhaique participan en jornada que promueve el envejecimiento activo"},"content":{"rendered":"<div class=\"flex_column av_one_full  flex_column_div av-zero-column-padding first  avia-builder-el-0  el_before_av_one_full  avia-builder-el-first  \" style='border-radius:0px; '><div  class='avia-image-container  av-styling-    avia-builder-el-1  avia-builder-el-no-sibling  avia-align-center '  itemprop=\"image\" itemscope=\"itemscope\" itemtype=\"https:\/\/schema.org\/ImageObject\"  ><div class='avia-image-container-inner'><div class='avia-image-overlay-wrap'><img decoding=\"async\" class='wp-image-47141 avia-img-lazy-loading-not-47141 avia_image' src=\"https:\/\/radiorevelacionfm.cl\/wp-content\/uploads\/2024\/10\/jornada-mayores2-1_optimized-1.jpeg\" alt='' title='jornada-mayores2-(1)_optimized (1)' height=\"600\" width=\"1067\"  itemprop=\"thumbnailUrl\" srcset=\"https:\/\/radiorevelacionfm.cl\/wp-content\/uploads\/2024\/10\/jornada-mayores2-1_optimized-1.jpeg 1067w, https:\/\/radiorevelacionfm.cl\/wp-content\/uploads\/2024\/10\/jornada-mayores2-1_optimized-1-300x169.jpeg 300w, https:\/\/radiorevelacionfm.cl\/wp-content\/uploads\/2024\/10\/jornada-mayores2-1_optimized-1-1030x579.jpeg 1030w, https:\/\/radiorevelacionfm.cl\/wp-content\/uploads\/2024\/10\/jornada-mayores2-1_optimized-1-768x432.jpeg 768w, https:\/\/radiorevelacionfm.cl\/wp-content\/uploads\/2024\/10\/jornada-mayores2-1_optimized-1-705x396.jpeg 705w, https:\/\/radiorevelacionfm.cl\/wp-content\/uploads\/2024\/10\/jornada-mayores2-1_optimized-1-450x253.jpeg 450w, https:\/\/radiorevelacionfm.cl\/wp-content\/uploads\/2024\/10\/jornada-mayores2-1_optimized-1-600x337.jpeg 600w\" sizes=\"(max-width: 1067px) 100vw, 1067px\" \/><\/div><\/div><\/div><\/div><div class=\"flex_column av_one_full  flex_column_div av-zero-column-padding first  avia-builder-el-2  el_after_av_one_full  el_before_av_one_full  column-top-margin\" style='border-radius:0px; '><section class=\"av_textblock_section \"  itemscope=\"itemscope\" itemtype=\"https:\/\/schema.org\/BlogPosting\" itemprop=\"blogPost\" ><div class='avia_textblock  '   itemprop=\"text\" ><p style=\"text-align: center;\"><strong><span style=\"font-size: 18pt;\">M\u00e1s de 100 personas mayores de Coyhaique participan en jornada que promueve el envejecimiento activo<\/span><\/strong><\/p>\n<div id=\"gtx-trans\" style=\"position: absolute; left: -50px; top: 4.31534px;\">\n<div class=\"gtx-trans-icon\"><\/div>\n<\/div>\n<\/div><\/section><\/div><div class=\"flex_column av_one_full  flex_column_div av-zero-column-padding first  avia-builder-el-4  el_after_av_one_full  el_before_av_hr  column-top-margin\" style='border-radius:0px; '><section class=\"av_textblock_section \"  itemscope=\"itemscope\" itemtype=\"https:\/\/schema.org\/BlogPosting\" itemprop=\"blogPost\" ><div class='avia_textblock  '   itemprop=\"text\" ><p style=\"text-align: justify;\">Una alegre jornada deportiva de Tai Chi, Danza Terapia, Pilates que se combin\u00f3 con una muestra de artesan\u00edas de diversas organizaciones, es la que disfrutaron m\u00e1s de 100 personas mayores en el Centro de Entrenamiento Regional de Coyhaique, instancia organizada por Servicio Nacional de Adulto Mayor, Senama y el Instituto Nacional de Deporte IND en el marco del mes de las personas mayores.<\/p>\n<p style=\"text-align: justify;\">A la actividad lleg\u00f3 a amenizar la tarde el Chucao Calafat\u00edn, s\u00edmbolo de los Juegos de la Araucan\u00eda que hizo bailar a los asistentes y cont\u00f3 con la presencia del Delegado Presidencial Regional, Rodrigo Araya, las Seremis de Desarrollo Social y Familia Karina Acevedo, de Deportes Eugenia Dur\u00e1n, la Coordinadora de Senama Claudia Andaur y el director regional del IND Javier Medina.<\/p>\n<p style=\"text-align: justify;\">Si bien no pudo participar de las actividades deportivas, Silvia Levic\u00e1n disfrut\u00f3 la tarde \u00abEncuentro muy bueno todo, una no sale tanto as\u00ed que, est\u00e1 bien bonita. Yo ya no puedo hacer esas actividades, aunque hago ejercicio\u00bb en una situaci\u00f3n parecida estuvo Elba Oyarce Presidenta del Taller La Esperanza \u00abme gust\u00f3 mucho, pero solamente he aplaudido y harto (risas) a nosotros nos ayuda el hecho de salir, aunque no podamos participar en esas actividades, pero una se siente con m\u00e1s \u00e1nimo\u00bb.<\/p>\n<p style=\"text-align: justify;\">Con el objetivo de promover un buen envejecer y que facilite una activa participaci\u00f3n de este grupo, el Servicio Nacional del Adulto Mayor en el marco del Programa Envejecimiento Activo est\u00e1 permanentemente fomentando la participaci\u00f3n de las personas mayores en espacios que favorezcan h\u00e1bitos de vida saludables, las relaciones sociales y la promoci\u00f3n de la salud.<\/p>\n<p style=\"text-align: justify;\">As\u00ed lo se\u00f1al\u00f3 la Coordinadora regional de Senama Claudia Andaur \u00abEsta actividad demuestra la importancia que es el envejecimiento activo, mantenerse saludable y prepararse para esta etapa de la vida. Enfrentamos el importante desaf\u00edo que es el envejecimiento que est\u00e1 experimentando la poblaci\u00f3n, se estima que nosotros vamos a llegar a un 30% de personas mayores en el a\u00f1o 2050 por lo tanto es importante que como Estado estemos preparados y como poblaci\u00f3n vayamos erradicando los prejuicios\u00bb.<\/p>\n<p style=\"text-align: justify;\">Ser inclusiva con las personas mayores, fue el mensaje de la Seremi de Desarrollo Social y Familia Karina Acevedo \u00abpudimos constatar que a trav\u00e9s de las actividades f\u00edsicas se mantienen activas, participan y se comprometen con ellos mismos. Como Ministerio estamos muy contentos con la convocatoria, llegaron m\u00e1s de 100 personas mayores a esta jornada y queremos hacer una invitaci\u00f3n a todos los servicios p\u00fablicos, privados y comunidad en general a ver a nuestras personas mayores, tanto ustedes como nosotros trabajemos en conjunto y podamos mantener esta sociedad activa, que sea inclusiva e incorpore a las personas mayores que han entregado tanto y tienen mucho m\u00e1s aportar\u00bb.<\/p>\n<p style=\"text-align: justify;\">En tanto la Seremi del Deporte Eugenia Dur\u00e1n relev\u00f3 \u00abpudimos estar entregando distintas actividades deportivas, como yoga, danza terapia, pilates y un espacio de informaci\u00f3n y una muestra de artesan\u00edas y manualidades que realizan los talleres de personas mayores. Como Ministerio e IND estamos muy contentos de poder hacer este trabajo intersectorial con Desarrollo Social a trav\u00e9s de Senama y brindar este espacio de encuentro en el deporte y la cultura que es tan relevante para tener un envejecimiento activo que es lo que queremos potenciar como gobierno\u00bb.<\/p>\n<p style=\"text-align: justify;\">La jornada activa para personas mayores organizada por Senama se vincul\u00f3 al Instituto Nacional de Deportes, a trav\u00e9s del Programa Deporte y Participaci\u00f3n Social subcomponente Personas Mayores en Movimiento.<\/p>\n<\/div><\/section><\/div><div  style='height:50px' class='hr hr-invisible   avia-builder-el-6  el_after_av_one_full  el_before_av_social_share '><span class='hr-inner ' ><span class='hr-inner-style'><\/span><\/span><\/div><\/p>\n<div  class='av-social-sharing-box  avia-builder-el-7  el_after_av_hr  el_before_av_hr  '><div class='av-share-box'><h5 class='av-share-link-description av-no-toc '>Compartir esta noticia<\/h5><ul class='av-share-box-list noLightbox'><li class='av-share-link av-social-link-facebook' ><a target=\"_blank\" aria-label=\"Compartir en Facebook\" href='https:\/\/www.facebook.com\/sharer.php?u=https:\/\/radiorevelacionfm.cl\/?p=47140&#038;t=M%C3%A1s%20de%20100%20personas%20mayores%20de%20Coyhaique%20participan%20en%20jornada%20que%20promueve%20el%20envejecimiento%20activo' aria-hidden='false' data-av_icon='\ue8f3' data-av_iconfont='entypo-fontello' title='' data-avia-related-tooltip='Compartir en Facebook' rel=\"noopener\"><span class='avia_hidden_link_text'>Compartir en Facebook<\/span><\/a><\/li><li class='av-share-link av-social-link-twitter' ><a target=\"_blank\" aria-label=\"Compartir en Twitter\" href='https:\/\/twitter.com\/share?text=M%C3%A1s%20de%20100%20personas%20mayores%20de%20Coyhaique%20participan%20en%20jornada%20que%20promueve%20el%20envejecimiento%20activo&#038;url=https:\/\/radiorevelacionfm.cl\/?p=47140' aria-hidden='false' data-av_icon='\ue8f1' data-av_iconfont='entypo-fontello' title='' data-avia-related-tooltip='Compartir en Twitter' rel=\"noopener\"><span class='avia_hidden_link_text'>Compartir en Twitter<\/span><\/a><\/li><li class='av-share-link av-social-link-whatsapp' ><a target=\"_blank\" aria-label=\"Compartir en Whatsapp\" href='https:\/\/api.whatsapp.com\/send?text=https:\/\/radiorevelacionfm.cl\/?p=47140' aria-hidden='false' data-av_icon='\uf232' data-av_iconfont='entypo-fontello' title='' data-avia-related-tooltip='Compartir en Whatsapp' rel=\"noopener\"><span class='avia_hidden_link_text'>Compartir en Whatsapp<\/span><\/a><\/li><li class='av-share-link av-social-link-linkedin' ><a target=\"_blank\" aria-label=\"Compartir en LinkedIn\" href='https:\/\/linkedin.com\/shareArticle?mini=true&#038;title=M%C3%A1s%20de%20100%20personas%20mayores%20de%20Coyhaique%20participan%20en%20jornada%20que%20promueve%20el%20envejecimiento%20activo&#038;url=https:\/\/radiorevelacionfm.cl\/?p=47140' aria-hidden='false' data-av_icon='\ue8fc' data-av_iconfont='entypo-fontello' title='' data-avia-related-tooltip='Compartir en LinkedIn' rel=\"noopener\"><span class='avia_hidden_link_text'>Compartir en LinkedIn<\/span><\/a><\/li><li class='av-share-link av-social-link-mail' ><a  aria-label=\"Compartir por correo\" href='mailto:?subject=M%C3%A1s%20de%20100%20personas%20mayores%20de%20Coyhaique%20participan%20en%20jornada%20que%20promueve%20el%20envejecimiento%20activo&#038;body=https:\/\/radiorevelacionfm.cl\/?p=47140' aria-hidden='false' data-av_icon='\ue805' data-av_iconfont='entypo-fontello' title='' data-avia-related-tooltip='Compartir por correo'><span class='avia_hidden_link_text'>Compartir por correo<\/span><\/a><\/li><\/ul><\/div><\/div>\n<div  style='height:50px' class='hr hr-invisible   avia-builder-el-8  el_after_av_social_share  el_before_av_comments_list '><span class='hr-inner ' ><span class='hr-inner-style'><\/span><\/span><\/div>\n<div  class='av-buildercomment  av-blog-meta-html-info-disabled av-blog-meta-tag-disabled  '><\/div>\n","protected":false},"excerpt":{"rendered":"","protected":false},"author":1,"featured_media":47141,"comment_status":"open","ping_status":"open","sticky":false,"template":"","format":"standard","meta":{"footnotes":""},"categories":[38],"tags":[],"class_list":["post-47140","post","type-post","status-publish","format-standard","has-post-thumbnail","hentry","category-regional"],"jetpack_featured_media_url":"https:\/\/radiorevelacionfm.cl\/wp-content\/uploads\/2024\/10\/jornada-mayores2-1_optimized-1.jpeg","_links":{"self":[{"href":"https:\/\/radiorevelacionfm.cl\/index.php?rest_route=\/wp\/v2\/posts\/47140","targetHints":{"allow":["GET"]}}],"collection":[{"href":"https:\/\/radiorevelacionfm.cl\/index.php?rest_route=\/wp\/v2\/posts"}],"about":[{"href":"https:\/\/radiorevelacionfm.cl\/index.php?rest_route=\/wp\/v2\/types\/post"}],"author":[{"embeddable":true,"href":"https:\/\/radiorevelacionfm.cl\/index.php?rest_route=\/wp\/v2\/users\/1"}],"replies":[{"embeddable":true,"href":"https:\/\/radiorevelacionfm.cl\/index.php?rest_route=%2Fwp%2Fv2%2Fcomments&post=47140"}],"version-history":[{"count":1,"href":"https:\/\/radiorevelacionfm.cl\/index.php?rest_route=\/wp\/v2\/posts\/47140\/revisions"}],"predecessor-version":[{"id":47142,"href":"https:\/\/radiorevelacionfm.cl\/index.php?rest_route=\/wp\/v2\/posts\/47140\/revisions\/47142"}],"wp:featuredmedia":[{"embeddable":true,"href":"https:\/\/radiorevelacionfm.cl\/index.php?rest_route=\/wp\/v2\/media\/47141"}],"wp:attachment":[{"href":"https:\/\/radiorevelacionfm.cl\/index.php?rest_route=%2Fwp%2Fv2%2Fmedia&parent=47140"}],"wp:term":[{"taxonomy":"category","embeddable":true,"href":"https:\/\/radiorevelacionfm.cl\/index.php?rest_route=%2Fwp%2Fv2%2Fcategories&post=47140"},{"taxonomy":"post_tag","embeddable":true,"href":"https:\/\/radiorevelacionfm.cl\/index.php?rest_route=%2Fwp%2Fv2%2Ftags&post=47140"}],"curies":[{"name":"wp","href":"https:\/\/api.w.org\/{rel}","templated":true}]}}