{"id":4714,"date":"2021-05-31T11:29:34","date_gmt":"2021-05-31T14:29:34","guid":{"rendered":"https:\/\/radiorevelacionfm.cl\/?p=4714"},"modified":"2021-05-31T11:29:34","modified_gmt":"2021-05-31T14:29:34","slug":"coaniquem-reporta-cambios-en-la-forma-en-que-se-queman-menores-durante-la-pandemia-e-inicia-su-segunda-colecta-online","status":"publish","type":"post","link":"https:\/\/radiorevelacionfm.cl\/?p=4714","title":{"rendered":"Coaniquem reporta cambios en la forma en que se queman menores durante la pandemia e inicia su segunda colecta online"},"content":{"rendered":"<div class=\"flex_column av_one_full  flex_column_div av-zero-column-padding first  avia-builder-el-0  el_before_av_one_full  avia-builder-el-first  \" style='border-radius:0px; '><div  class='avia-image-container  av-styling-    avia-builder-el-1  avia-builder-el-no-sibling  avia-align-center '  itemprop=\"image\" itemscope=\"itemscope\" itemtype=\"https:\/\/schema.org\/ImageObject\"  ><div class='avia-image-container-inner'><div class='avia-image-overlay-wrap'><img decoding=\"async\" class='wp-image-0 avia-img-lazy-loading-not-0 avia_image' src=\"https:\/\/radiorevelacionfm.cl\/wp-content\/uploads\/2021\/05\/afiche-Coyhaique-2-1-1.jpg\" alt='' title=''   itemprop=\"thumbnailUrl\"  \/><\/div><\/div><\/div><\/div><div class=\"flex_column av_one_full  flex_column_div av-zero-column-padding first  avia-builder-el-2  el_after_av_one_full  el_before_av_one_full  column-top-margin\" style='border-radius:0px; '><section class=\"av_textblock_section \"  itemscope=\"itemscope\" itemtype=\"https:\/\/schema.org\/BlogPosting\" itemprop=\"blogPost\" ><div class='avia_textblock  '   itemprop=\"text\" ><p style=\"text-align: center;\"><strong><span style=\"font-size: 18pt;\">Coaniquem reporta cambios en la forma en que se queman menores durante la pandemia e inicia su segunda colecta online<\/span><\/strong><\/p>\n<div id=\"gtx-trans\" style=\"position: absolute; left: -50px; top: 4.31534px;\">\n<div class=\"gtx-trans-icon\"><\/div>\n<\/div>\n<\/div><\/section><\/div><div class=\"flex_column av_one_full  flex_column_div av-zero-column-padding first  avia-builder-el-4  el_after_av_one_full  el_before_av_hr  column-top-margin\" style='border-radius:0px; '><section class=\"av_textblock_section \"  itemscope=\"itemscope\" itemtype=\"https:\/\/schema.org\/BlogPosting\" itemprop=\"blogPost\" ><div class='avia_textblock  '   itemprop=\"text\" ><p style=\"text-align: justify;\">La Pandemia y las restricciones de movilidad establecidas por la autoridad sanitaria, han definido cambios en las formas de vida en nuestro pa\u00eds. Es as\u00ed, como esta nueva realidad ha marcado cambios importantes en el modo en que ni\u00f1os y j\u00f3venes se queman, ante los cuales COANIQUEM llama a redoblar los esfuerzos para prevenir este tipo de lesiones.<\/p>\n<p style=\"text-align: justify;\">Seg\u00fan la instituci\u00f3n, en tiempos de Pandemia con per\u00edodos de confinamiento, se quemaron proporcionalmente m\u00e1s los ni\u00f1os menores de 5 a\u00f1os, comprob\u00e1ndose un aumento relativo de un 10 % en este grupo.\u00a0 A su vez se dio un aumento proporcional de un 18% en las quemaduras provocadas por l\u00edquidos calientes. Junto a lo anterior, pese a no ser uno de los principales agentes, se encontr\u00f3 un crecimiento en un 50% en las quemaduras en menores, producidas por la manipulaci\u00f3n de un alargador el\u00e9ctrico.<\/p>\n<p style=\"text-align: justify;\">\u201cSi bien nuestras estad\u00edsticas no han reportado un aumento global en los ni\u00f1os y j\u00f3venes con quemaduras durante la Pandemia, preocupa el aumento en los menores de 5 a\u00f1os, as\u00ed como las quemaduras por volcamiento de hervidor que provocan lesiones extensas, y un mecanismo emergente como son las asociadas a sopas instant\u00e1neas que vienen en envases muy flexibles. Tambi\u00e9n llaman la atenci\u00f3n las producidas por la manipulaci\u00f3n de alargadores por parte de los menores, un fen\u00f3meno probablemente asociado al uso de computadores, <em>tablets<\/em> y tel\u00e9fonos m\u00f3viles para las clases online\u201d, aclara el presidente y fundador de COANIQUEM, Dr. Jorge Rojas Zegers.<\/p>\n<p style=\"text-align: justify;\">La instituci\u00f3n llama a estar m\u00e1s atentos que nunca en el cuidado de los menores en el hogar y a informarse en sus redes sociales sobre \u00fatiles consejos para prevenir estas lesiones. Junto a lo anterior, COANIQUEM invita a la comunidad a sumarse a una nueva Colecta Online, para poder sostener sus campa\u00f1as de prevenci\u00f3n de quemaduras y los tratamientos gratuitos entregados a sus pacientes. Todos los interesados podr\u00e1n realizar su donaci\u00f3n con su cuenta RUT, tarjetas de cr\u00e9dito y d\u00e9bito y cuentas bancarias, entre el 27 de mayo y el 6 de junio en <a href=\"http:\/\/www.desafiocoaniquem.cl\">www.desafiocoaniquem.cl<\/a><\/p>\n<p style=\"text-align: justify;\">El aporte es fundamental para sostener nuestros <b>3 centros de rehabilitaci\u00f3n, que atienden a 8.000 ni\u00f1os cada a\u00f1o, y actualmente 18 pacientes de la regi\u00f3n de Ays\u00e9n<\/b><b>\u00a0y\u00a0100% gratis<\/b>. Incluyendo traslados, alojamiento, cirug\u00edas reconstructivas y tratamiento de rehabilitaci\u00f3n que pueden durar a\u00f1os.<\/p>\n<p style=\"text-align: justify;\">\u201cCOANIQUEM ha atendido de manera integral y gratuita a m\u00e1s de 140.000 ni\u00f1os de todo Chile en sus 42 a\u00f1os de historia. No podemos aflojar en el cuidado de los ni\u00f1os. En tiempos de Pandemia, necesitamos m\u00e1s que nunca el apoyo de todos \u00a0para continuar con esta misi\u00f3n. Invitamos a todos y a todas para que vayan a donar en nuestra p\u00e1gina <a href=\"http:\/\/www.desafiocoaniquem.cl\">www.desafiocoaniquem.cl<\/a> y se sumen a la causa de los ni\u00f1os con quemaduras\u201d, finaliza el Doctor Rojas Zegers.<\/p>\n<\/div><\/section><\/div><div  style='height:50px' class='hr hr-invisible   avia-builder-el-6  el_after_av_one_full  el_before_av_social_share '><span class='hr-inner ' ><span class='hr-inner-style'><\/span><\/span><\/div><\/p>\n<div  class='av-social-sharing-box  avia-builder-el-7  el_after_av_hr  el_before_av_hr  '><div class='av-share-box'><h5 class='av-share-link-description av-no-toc '>Compartir esta noticia<\/h5><ul class='av-share-box-list noLightbox'><li class='av-share-link av-social-link-facebook' ><a target=\"_blank\" aria-label=\"Compartir en Facebook\" href='https:\/\/www.facebook.com\/sharer.php?u=https:\/\/radiorevelacionfm.cl\/?p=4714&#038;t=Coaniquem%20reporta%20cambios%20en%20la%20forma%20en%20que%20se%20queman%20menores%20durante%20la%20pandemia%20e%20inicia%20su%20segunda%20colecta%20online' aria-hidden='false' data-av_icon='\ue8f3' data-av_iconfont='entypo-fontello' title='' data-avia-related-tooltip='Compartir en Facebook' rel=\"noopener\"><span class='avia_hidden_link_text'>Compartir en Facebook<\/span><\/a><\/li><li class='av-share-link av-social-link-twitter' ><a target=\"_blank\" aria-label=\"Compartir en Twitter\" href='https:\/\/twitter.com\/share?text=Coaniquem%20reporta%20cambios%20en%20la%20forma%20en%20que%20se%20queman%20menores%20durante%20la%20pandemia%20e%20inicia%20su%20segunda%20colecta%20online&#038;url=https:\/\/radiorevelacionfm.cl\/?p=4714' aria-hidden='false' data-av_icon='\ue8f1' data-av_iconfont='entypo-fontello' title='' data-avia-related-tooltip='Compartir en Twitter' rel=\"noopener\"><span class='avia_hidden_link_text'>Compartir en Twitter<\/span><\/a><\/li><li class='av-share-link av-social-link-whatsapp' ><a target=\"_blank\" aria-label=\"Compartir en Whatsapp\" href='https:\/\/api.whatsapp.com\/send?text=https:\/\/radiorevelacionfm.cl\/?p=4714' aria-hidden='false' data-av_icon='\uf232' data-av_iconfont='entypo-fontello' title='' data-avia-related-tooltip='Compartir en Whatsapp' rel=\"noopener\"><span class='avia_hidden_link_text'>Compartir en Whatsapp<\/span><\/a><\/li><li class='av-share-link av-social-link-linkedin' ><a target=\"_blank\" aria-label=\"Compartir en LinkedIn\" href='https:\/\/linkedin.com\/shareArticle?mini=true&#038;title=Coaniquem%20reporta%20cambios%20en%20la%20forma%20en%20que%20se%20queman%20menores%20durante%20la%20pandemia%20e%20inicia%20su%20segunda%20colecta%20online&#038;url=https:\/\/radiorevelacionfm.cl\/?p=4714' aria-hidden='false' data-av_icon='\ue8fc' data-av_iconfont='entypo-fontello' title='' data-avia-related-tooltip='Compartir en LinkedIn' rel=\"noopener\"><span class='avia_hidden_link_text'>Compartir en LinkedIn<\/span><\/a><\/li><li class='av-share-link av-social-link-mail' ><a  aria-label=\"Compartir por correo\" href='mailto:?subject=Coaniquem%20reporta%20cambios%20en%20la%20forma%20en%20que%20se%20queman%20menores%20durante%20la%20pandemia%20e%20inicia%20su%20segunda%20colecta%20online&#038;body=https:\/\/radiorevelacionfm.cl\/?p=4714' aria-hidden='false' data-av_icon='\ue805' data-av_iconfont='entypo-fontello' title='' data-avia-related-tooltip='Compartir por correo'><span class='avia_hidden_link_text'>Compartir por correo<\/span><\/a><\/li><\/ul><\/div><\/div>\n<div  style='height:50px' class='hr hr-invisible   avia-builder-el-8  el_after_av_social_share  el_before_av_comments_list '><span class='hr-inner ' ><span class='hr-inner-style'><\/span><\/span><\/div>\n<div  class='av-buildercomment  av-blog-meta-html-info-disabled av-blog-meta-tag-disabled  '><\/div>\n","protected":false},"excerpt":{"rendered":"","protected":false},"author":1,"featured_media":0,"comment_status":"open","ping_status":"open","sticky":false,"template":"","format":"standard","meta":{"footnotes":""},"categories":[38],"tags":[],"class_list":["post-4714","post","type-post","status-publish","format-standard","hentry","category-regional"],"jetpack_featured_media_url":"","_links":{"self":[{"href":"https:\/\/radiorevelacionfm.cl\/index.php?rest_route=\/wp\/v2\/posts\/4714","targetHints":{"allow":["GET"]}}],"collection":[{"href":"https:\/\/radiorevelacionfm.cl\/index.php?rest_route=\/wp\/v2\/posts"}],"about":[{"href":"https:\/\/radiorevelacionfm.cl\/index.php?rest_route=\/wp\/v2\/types\/post"}],"author":[{"embeddable":true,"href":"https:\/\/radiorevelacionfm.cl\/index.php?rest_route=\/wp\/v2\/users\/1"}],"replies":[{"embeddable":true,"href":"https:\/\/radiorevelacionfm.cl\/index.php?rest_route=%2Fwp%2Fv2%2Fcomments&post=4714"}],"version-history":[{"count":1,"href":"https:\/\/radiorevelacionfm.cl\/index.php?rest_route=\/wp\/v2\/posts\/4714\/revisions"}],"predecessor-version":[{"id":4716,"href":"https:\/\/radiorevelacionfm.cl\/index.php?rest_route=\/wp\/v2\/posts\/4714\/revisions\/4716"}],"wp:attachment":[{"href":"https:\/\/radiorevelacionfm.cl\/index.php?rest_route=%2Fwp%2Fv2%2Fmedia&parent=4714"}],"wp:term":[{"taxonomy":"category","embeddable":true,"href":"https:\/\/radiorevelacionfm.cl\/index.php?rest_route=%2Fwp%2Fv2%2Fcategories&post=4714"},{"taxonomy":"post_tag","embeddable":true,"href":"https:\/\/radiorevelacionfm.cl\/index.php?rest_route=%2Fwp%2Fv2%2Ftags&post=4714"}],"curies":[{"name":"wp","href":"https:\/\/api.w.org\/{rel}","templated":true}]}}