{"id":47137,"date":"2024-10-16T16:38:16","date_gmt":"2024-10-16T19:38:16","guid":{"rendered":"https:\/\/radiorevelacionfm.cl\/?p=47137"},"modified":"2024-10-16T16:38:16","modified_gmt":"2024-10-16T19:38:16","slug":"con-gran-exito-culmina-programa-la-aventura-del-salmon-para-proyectar-el-desarrollo-del-turismo-en-aysen","status":"publish","type":"post","link":"https:\/\/radiorevelacionfm.cl\/?p=47137","title":{"rendered":"Con gran \u00e9xito culmina programa \u00abLa aventura del Salm\u00f3n\u00bb para proyectar el desarrollo del turismo en Ays\u00e9n"},"content":{"rendered":"<div class=\"flex_column av_one_full  flex_column_div av-zero-column-padding first  avia-builder-el-0  el_before_av_one_full  avia-builder-el-first  \" style='border-radius:0px; '><div  class='avia-image-container  av-styling-    avia-builder-el-1  avia-builder-el-no-sibling  avia-align-center '  itemprop=\"image\" itemscope=\"itemscope\" itemtype=\"https:\/\/schema.org\/ImageObject\"  ><div class='avia-image-container-inner'><div class='avia-image-overlay-wrap'><img decoding=\"async\" class='wp-image-47138 avia-img-lazy-loading-not-47138 avia_image' src=\"https:\/\/radiorevelacionfm.cl\/wp-content\/uploads\/2024\/10\/aventura-del-salmon1-1_optimized.jpg\" alt='' title='aventura-del-salmon1-(1)_optimized' height=\"600\" width=\"926\"  itemprop=\"thumbnailUrl\" srcset=\"https:\/\/radiorevelacionfm.cl\/wp-content\/uploads\/2024\/10\/aventura-del-salmon1-1_optimized.jpg 926w, https:\/\/radiorevelacionfm.cl\/wp-content\/uploads\/2024\/10\/aventura-del-salmon1-1_optimized-300x194.jpg 300w, https:\/\/radiorevelacionfm.cl\/wp-content\/uploads\/2024\/10\/aventura-del-salmon1-1_optimized-768x498.jpg 768w, https:\/\/radiorevelacionfm.cl\/wp-content\/uploads\/2024\/10\/aventura-del-salmon1-1_optimized-705x457.jpg 705w, https:\/\/radiorevelacionfm.cl\/wp-content\/uploads\/2024\/10\/aventura-del-salmon1-1_optimized-450x292.jpg 450w, https:\/\/radiorevelacionfm.cl\/wp-content\/uploads\/2024\/10\/aventura-del-salmon1-1_optimized-600x389.jpg 600w\" sizes=\"(max-width: 926px) 100vw, 926px\" \/><\/div><\/div><\/div><\/div><div class=\"flex_column av_one_full  flex_column_div av-zero-column-padding first  avia-builder-el-2  el_after_av_one_full  el_before_av_one_full  column-top-margin\" style='border-radius:0px; '><section class=\"av_textblock_section \"  itemscope=\"itemscope\" itemtype=\"https:\/\/schema.org\/BlogPosting\" itemprop=\"blogPost\" ><div class='avia_textblock  '   itemprop=\"text\" ><p style=\"text-align: center;\"><strong><span style=\"font-size: 18pt;\">Con gran \u00e9xito culmina programa \u00abLa aventura del Salm\u00f3n\u00bb para proyectar el desarrollo del turismo en Ays\u00e9n<\/span><\/strong><\/p>\n<div id=\"gtx-trans\" style=\"position: absolute; left: -50px; top: 4.31534px;\">\n<div class=\"gtx-trans-icon\"><\/div>\n<\/div>\n<\/div><\/section><\/div><div class=\"flex_column av_one_full  flex_column_div av-zero-column-padding first  avia-builder-el-4  el_after_av_one_full  el_before_av_hr  column-top-margin\" style='border-radius:0px; '><section class=\"av_textblock_section \"  itemscope=\"itemscope\" itemtype=\"https:\/\/schema.org\/BlogPosting\" itemprop=\"blogPost\" ><div class='avia_textblock  '   itemprop=\"text\" ><p dir=\"ltr\" style=\"text-align: justify;\">La producci\u00f3n de salm\u00f3n representa actualmente el 26,1% del PIB regional de Ays\u00e9n, por lo que esta iniciativa se centr\u00f3 en capacitar a 31 emprendedores de los rubros gastron\u00f3mico y tur\u00edstico para darle protagonismo a este superalimento.<\/p>\n<p dir=\"ltr\" style=\"text-align: justify;\">Corfo Ays\u00e9n, el Consejo del Salm\u00f3n, junto a Servicios de capacitaci\u00f3n Bettina Lazarini, Municipalidad de Puerto Ays\u00e9n y la C\u00e1mara de Turismo de Puerto Ays\u00e9n, participaron el mi\u00e9rcoles 16 de octubre en el evento de clausura del \u00abPrograma de Difusi\u00f3n Tecnol\u00f3gica de la Aventura del Salm\u00f3n en Puerto Ays\u00e9n\u00bb, actividad lanzada en abril con el objetivo de potenciar la competitividad y la productividad de 31 empresas gastron\u00f3micas y tur\u00edsticas originarias de la regi\u00f3n.<\/p>\n<p dir=\"ltr\" style=\"text-align: justify;\">La iniciativa constituy\u00f3 un hito al unir por primera vez a la industria de la salmonicultura con el sector tur\u00edstico, en una alianza virtuosa que busca convertir a Ays\u00e9n en un destino gastron\u00f3mico y tur\u00edstico de referencia, impulsar el desarrollo econ\u00f3mico sostenible y resaltar la identidad cultural y culinaria regional mediante la introducci\u00f3n de tecnolog\u00edas innovadoras y modernas t\u00e9cnicas de preparaci\u00f3n.<\/p>\n<p dir=\"ltr\" style=\"text-align: justify;\">El evento se realiz\u00f3 en el Restaurant La Patiko de Puerto Ays\u00e9n, en el marco del d\u00eda mundial de la alimentaci\u00f3n, y cont\u00f3 con la asistencia de autoridades regionales, empresarios y emprendedores locales, quienes recibieron un reconocimiento tras la finalizaci\u00f3n del programa.<\/p>\n<p dir=\"ltr\" style=\"text-align: justify;\">Adem\u00e1s, se incluy\u00f3 la participaci\u00f3n de tres chefs invitados: Rodrigo Bara\u00f1ao, Nelson Valdevenito y Gabriel Leonart, quienes sorprendieron al p\u00fablico con platos t\u00edpicos del pa\u00eds utilizando salm\u00f3n como ingrediente principal, entre estos destacaron: pastel de choclo con pino de salm\u00f3n, hamburguesa de salm\u00f3n, wraps, bruschettas y t\u00e1rtaro. De postre, el men\u00fa incluy\u00f3 un original cupcake de salm\u00f3n.<\/p>\n<p dir=\"ltr\" style=\"text-align: justify;\"><strong>\u00abLa aventura del salm\u00f3n\u00bb: Capacitaci\u00f3n enfocada en el turismo local<\/strong><\/p>\n<p dir=\"ltr\" style=\"text-align: justify;\">Durante el desarrollo del programa, las micro y peque\u00f1as empresas que integran la cadena de valor tur\u00edstica participaron en sesiones de capacitaci\u00f3n, donde adquirieron diversas competencias, en \u00e1mbitos como nuevas tecnolog\u00edas y equipamiento, adem\u00e1s de soluciones enfocadas en la gesti\u00f3n, producci\u00f3n y operaci\u00f3n de productos tur\u00edsticos vinculados a la gastronom\u00eda.<\/p>\n<p dir=\"ltr\" style=\"text-align: justify;\">Tambi\u00e9n se concretaron talleres pr\u00e1cticos sobre operaci\u00f3n de tours complementarios para fortalecer aspectos como la hospitalidad, sostenibilidad, marketing y comercializaci\u00f3n, junto con visitas demostrativas en Santiago y el desarrollo de un plan adaptado a las demandas de los usuarios y las oportunidades que tiene Ays\u00e9n para impulsar una industria tur\u00edstica sostenible y moderna.<\/p>\n<p dir=\"ltr\" style=\"text-align: justify;\">Cabe destacar que del total de las empresas participantes de Puerto Ays\u00e9n, Puerto Cisnes, Villa Ma\u00f1ihuales y Coyhaique, un 80% de ellas no contaba con un plan estrat\u00e9gico o de absorci\u00f3n tecnol\u00f3gica previo.<\/p>\n<p dir=\"ltr\" style=\"text-align: justify;\"><strong>Salmonicultura y su aporte al PIB regional<\/strong><\/p>\n<p dir=\"ltr\" style=\"text-align: justify;\">Uno de los aspectos que originaron la creaci\u00f3n de esta iniciativa fue la necesidad de contribuir al progreso de los negocios locales y la comunidad en una industria que es clave para la regi\u00f3n: actualmente la salmonicultura representa el 26,1% del PIB regional de Ays\u00e9n, con un 90% de esa cifra correspondiente a la etapa de cultivo o fase de engorda del salm\u00f3n en agua de mar.<\/p>\n<p dir=\"ltr\" style=\"text-align: justify;\">Loreto Seguel, directora ejecutiva del Consejo del Salm\u00f3n, gremio que re\u00fane a cinco de las principales empresas productoras que operan en Chile (AquaChile, Australis Seafoods, Cermaq, Mowi y Salmones Ays\u00e9n), explic\u00f3 que la salmonicultura representa un importante motor de desarrollo y prosperidad para las personas de la zona. \u00abEstamos hablando de una industria en la que Chile es el segundo productor a nivel mundial y que se ha transformado en una de las principales actividades econ\u00f3micas para el sur austral. Por eso, esta alianza p\u00fablico privada tiene el objetivo de posicionar a Ays\u00e9n como cuna de los salmones para as\u00ed potenciar un mayor desarrollo regional y fortalecer el encadenamiento productivo que trae consigo la salmonicultura, entregando mejores oportunidades laborales, emprendimiento, capacitaci\u00f3n y bienestar en las comunidades donde opera\u00bb.<\/p>\n<p dir=\"ltr\" style=\"text-align: justify;\">\u00abLa aventura del salm\u00f3n\u00bb es tambi\u00e9n una iniciativa que pretende aportar en los desaf\u00edos que enfrenta Ays\u00e9n en materia econ\u00f3mica. Una reciente publicaci\u00f3n del Banco Central que da cuenta de PIB trimestral de cada regi\u00f3n del pa\u00eds, revel\u00f3 que la regi\u00f3n con peor desempe\u00f1o econ\u00f3mico fue Ays\u00e9n, que registr\u00f3 un -3,6%, lo que se suma al desplome de -9,7% que anot\u00f3 en los primeros tres meses de 2024, registrando 2 trimestres consecutivos de ca\u00edda del PIB durante este a\u00f1o. El resultado negativo se puede explicar en gran parte por la ca\u00edda del sector salmonicultor. Adem\u00e1s, distintos actores locales advierten una ca\u00edda en inversiones e infraestructura deficiente.<\/p>\n<p dir=\"ltr\" style=\"text-align: justify;\">\u00abTrabajar colaborativamente para generar espacios de convergencia de rubros como la salmonicultura y el turismo en Puerto Ays\u00e9n y sus alrededores, permitir\u00e1 no s\u00f3lo contribuir a la actividad econ\u00f3mica, sino que adem\u00e1s, entregar\u00e1 m\u00e1s competitividad y un sello de identidad \u00fanico a los emprendedores de la regi\u00f3n, utilizando como protagonista un producto que es un superalimento, una prote\u00edna de alta calidad, que presenta una baja huella de carbono e h\u00eddrica, y es reconocido como una pieza clave para la alimentaci\u00f3n mundial del futuro\u00bb, concluy\u00f3 Seguel.<\/p>\n<\/div><\/section><\/div><div  style='height:50px' class='hr hr-invisible   avia-builder-el-6  el_after_av_one_full  el_before_av_social_share '><span class='hr-inner ' ><span class='hr-inner-style'><\/span><\/span><\/div><\/p>\n<div  class='av-social-sharing-box  avia-builder-el-7  el_after_av_hr  el_before_av_hr  '><div class='av-share-box'><h5 class='av-share-link-description av-no-toc '>Compartir esta noticia<\/h5><ul class='av-share-box-list noLightbox'><li class='av-share-link av-social-link-facebook' ><a target=\"_blank\" aria-label=\"Compartir en Facebook\" href='https:\/\/www.facebook.com\/sharer.php?u=https:\/\/radiorevelacionfm.cl\/?p=47137&#038;t=Con%20gran%20%C3%A9xito%20culmina%20programa%20%C2%ABLa%20aventura%20del%20Salm%C3%B3n%C2%BB%20para%20proyectar%20el%20desarrollo%20del%20turismo%20en%20Ays%C3%A9n' aria-hidden='false' data-av_icon='\ue8f3' data-av_iconfont='entypo-fontello' title='' data-avia-related-tooltip='Compartir en Facebook' rel=\"noopener\"><span class='avia_hidden_link_text'>Compartir en Facebook<\/span><\/a><\/li><li class='av-share-link av-social-link-twitter' ><a target=\"_blank\" aria-label=\"Compartir en Twitter\" href='https:\/\/twitter.com\/share?text=Con%20gran%20%C3%A9xito%20culmina%20programa%20%C2%ABLa%20aventura%20del%20Salm%C3%B3n%C2%BB%20para%20proyectar%20el%20desarrollo%20del%20turismo%20en%20Ays%C3%A9n&#038;url=https:\/\/radiorevelacionfm.cl\/?p=47137' aria-hidden='false' data-av_icon='\ue8f1' data-av_iconfont='entypo-fontello' title='' data-avia-related-tooltip='Compartir en Twitter' rel=\"noopener\"><span class='avia_hidden_link_text'>Compartir en Twitter<\/span><\/a><\/li><li class='av-share-link av-social-link-whatsapp' ><a target=\"_blank\" aria-label=\"Compartir en Whatsapp\" href='https:\/\/api.whatsapp.com\/send?text=https:\/\/radiorevelacionfm.cl\/?p=47137' aria-hidden='false' data-av_icon='\uf232' data-av_iconfont='entypo-fontello' title='' data-avia-related-tooltip='Compartir en Whatsapp' rel=\"noopener\"><span class='avia_hidden_link_text'>Compartir en Whatsapp<\/span><\/a><\/li><li class='av-share-link av-social-link-linkedin' ><a target=\"_blank\" aria-label=\"Compartir en LinkedIn\" href='https:\/\/linkedin.com\/shareArticle?mini=true&#038;title=Con%20gran%20%C3%A9xito%20culmina%20programa%20%C2%ABLa%20aventura%20del%20Salm%C3%B3n%C2%BB%20para%20proyectar%20el%20desarrollo%20del%20turismo%20en%20Ays%C3%A9n&#038;url=https:\/\/radiorevelacionfm.cl\/?p=47137' aria-hidden='false' data-av_icon='\ue8fc' data-av_iconfont='entypo-fontello' title='' data-avia-related-tooltip='Compartir en LinkedIn' rel=\"noopener\"><span class='avia_hidden_link_text'>Compartir en LinkedIn<\/span><\/a><\/li><li class='av-share-link av-social-link-mail' ><a  aria-label=\"Compartir por correo\" href='mailto:?subject=Con%20gran%20%C3%A9xito%20culmina%20programa%20%C2%ABLa%20aventura%20del%20Salm%C3%B3n%C2%BB%20para%20proyectar%20el%20desarrollo%20del%20turismo%20en%20Ays%C3%A9n&#038;body=https:\/\/radiorevelacionfm.cl\/?p=47137' aria-hidden='false' data-av_icon='\ue805' data-av_iconfont='entypo-fontello' title='' data-avia-related-tooltip='Compartir por correo'><span class='avia_hidden_link_text'>Compartir por correo<\/span><\/a><\/li><\/ul><\/div><\/div>\n<div  style='height:50px' class='hr hr-invisible   avia-builder-el-8  el_after_av_social_share  el_before_av_comments_list '><span class='hr-inner ' ><span class='hr-inner-style'><\/span><\/span><\/div>\n<div  class='av-buildercomment  av-blog-meta-html-info-disabled av-blog-meta-tag-disabled  '><\/div>\n","protected":false},"excerpt":{"rendered":"","protected":false},"author":1,"featured_media":47138,"comment_status":"open","ping_status":"open","sticky":false,"template":"","format":"standard","meta":{"footnotes":""},"categories":[38],"tags":[],"class_list":["post-47137","post","type-post","status-publish","format-standard","has-post-thumbnail","hentry","category-regional"],"jetpack_featured_media_url":"https:\/\/radiorevelacionfm.cl\/wp-content\/uploads\/2024\/10\/aventura-del-salmon1-1_optimized.jpg","_links":{"self":[{"href":"https:\/\/radiorevelacionfm.cl\/index.php?rest_route=\/wp\/v2\/posts\/47137","targetHints":{"allow":["GET"]}}],"collection":[{"href":"https:\/\/radiorevelacionfm.cl\/index.php?rest_route=\/wp\/v2\/posts"}],"about":[{"href":"https:\/\/radiorevelacionfm.cl\/index.php?rest_route=\/wp\/v2\/types\/post"}],"author":[{"embeddable":true,"href":"https:\/\/radiorevelacionfm.cl\/index.php?rest_route=\/wp\/v2\/users\/1"}],"replies":[{"embeddable":true,"href":"https:\/\/radiorevelacionfm.cl\/index.php?rest_route=%2Fwp%2Fv2%2Fcomments&post=47137"}],"version-history":[{"count":1,"href":"https:\/\/radiorevelacionfm.cl\/index.php?rest_route=\/wp\/v2\/posts\/47137\/revisions"}],"predecessor-version":[{"id":47139,"href":"https:\/\/radiorevelacionfm.cl\/index.php?rest_route=\/wp\/v2\/posts\/47137\/revisions\/47139"}],"wp:featuredmedia":[{"embeddable":true,"href":"https:\/\/radiorevelacionfm.cl\/index.php?rest_route=\/wp\/v2\/media\/47138"}],"wp:attachment":[{"href":"https:\/\/radiorevelacionfm.cl\/index.php?rest_route=%2Fwp%2Fv2%2Fmedia&parent=47137"}],"wp:term":[{"taxonomy":"category","embeddable":true,"href":"https:\/\/radiorevelacionfm.cl\/index.php?rest_route=%2Fwp%2Fv2%2Fcategories&post=47137"},{"taxonomy":"post_tag","embeddable":true,"href":"https:\/\/radiorevelacionfm.cl\/index.php?rest_route=%2Fwp%2Fv2%2Ftags&post=47137"}],"curies":[{"name":"wp","href":"https:\/\/api.w.org\/{rel}","templated":true}]}}