{"id":47134,"date":"2024-10-16T11:42:44","date_gmt":"2024-10-16T14:42:44","guid":{"rendered":"https:\/\/radiorevelacionfm.cl\/?p=47134"},"modified":"2024-10-16T11:42:44","modified_gmt":"2024-10-16T14:42:44","slug":"gobierno-regional-de-aysen-fortalece-la-seguridad-ciudadana-con-la-adquisicion-de-13-vehiculos-especializados","status":"publish","type":"post","link":"https:\/\/radiorevelacionfm.cl\/?p=47134","title":{"rendered":"Gobierno Regional de Ays\u00e9n fortalece la seguridad ciudadana con la adquisici\u00f3n de 13 veh\u00edculos especializados"},"content":{"rendered":"<div class=\"flex_column av_one_full  flex_column_div av-zero-column-padding first  avia-builder-el-0  el_before_av_one_full  avia-builder-el-first  \" style='border-radius:0px; '><div  class='avia-image-container  av-styling-    avia-builder-el-1  avia-builder-el-no-sibling  avia-align-center '  itemprop=\"image\" itemscope=\"itemscope\" itemtype=\"https:\/\/schema.org\/ImageObject\"  ><div class='avia-image-container-inner'><div class='avia-image-overlay-wrap'><img decoding=\"async\" class='wp-image-47135 avia-img-lazy-loading-not-47135 avia_image' src=\"https:\/\/radiorevelacionfm.cl\/wp-content\/uploads\/2024\/10\/img-20241016-wa0026-1_optimized-1.jpg\" alt='' title='img-20241016-wa0026-(1)_optimized (1)' height=\"600\" width=\"1069\"  itemprop=\"thumbnailUrl\" srcset=\"https:\/\/radiorevelacionfm.cl\/wp-content\/uploads\/2024\/10\/img-20241016-wa0026-1_optimized-1.jpg 1069w, https:\/\/radiorevelacionfm.cl\/wp-content\/uploads\/2024\/10\/img-20241016-wa0026-1_optimized-1-300x168.jpg 300w, https:\/\/radiorevelacionfm.cl\/wp-content\/uploads\/2024\/10\/img-20241016-wa0026-1_optimized-1-1030x578.jpg 1030w, https:\/\/radiorevelacionfm.cl\/wp-content\/uploads\/2024\/10\/img-20241016-wa0026-1_optimized-1-768x431.jpg 768w, https:\/\/radiorevelacionfm.cl\/wp-content\/uploads\/2024\/10\/img-20241016-wa0026-1_optimized-1-705x396.jpg 705w, https:\/\/radiorevelacionfm.cl\/wp-content\/uploads\/2024\/10\/img-20241016-wa0026-1_optimized-1-450x253.jpg 450w, https:\/\/radiorevelacionfm.cl\/wp-content\/uploads\/2024\/10\/img-20241016-wa0026-1_optimized-1-600x337.jpg 600w\" sizes=\"(max-width: 1069px) 100vw, 1069px\" \/><\/div><\/div><\/div><\/div><div class=\"flex_column av_one_full  flex_column_div av-zero-column-padding first  avia-builder-el-2  el_after_av_one_full  el_before_av_one_full  column-top-margin\" style='border-radius:0px; '><section class=\"av_textblock_section \"  itemscope=\"itemscope\" itemtype=\"https:\/\/schema.org\/BlogPosting\" itemprop=\"blogPost\" ><div class='avia_textblock  '   itemprop=\"text\" ><p style=\"text-align: center;\"><strong><span style=\"font-size: 18pt;\">Gobierno Regional de Ays\u00e9n fortalece la seguridad ciudadana con la adquisici\u00f3n de 13 veh\u00edculos especializados<\/span><\/strong><\/p>\n<div id=\"gtx-trans\" style=\"position: absolute; left: -50px; top: 4.31534px;\">\n<div class=\"gtx-trans-icon\"><\/div>\n<\/div>\n<\/div><\/section><\/div><div class=\"flex_column av_one_full  flex_column_div av-zero-column-padding first  avia-builder-el-4  el_after_av_one_full  el_before_av_hr  column-top-margin\" style='border-radius:0px; '><section class=\"av_textblock_section \"  itemscope=\"itemscope\" itemtype=\"https:\/\/schema.org\/BlogPosting\" itemprop=\"blogPost\" ><div class='avia_textblock  '   itemprop=\"text\" ><p dir=\"ltr\" style=\"text-align: justify;\">En un esfuerzo por mejorar la seguridad ciudadana y reducir la percepci\u00f3n de inseguridad en la regi\u00f3n, el Gobierno Regional de Ays\u00e9n ha concretado la adquisici\u00f3n de 13 veh\u00edculos especializados para las comunas de Coyhaique, Ays\u00e9n, Cochrane y Cisnes.<\/p>\n<p dir=\"ltr\" style=\"text-align: justify;\">Con una inversi\u00f3n de casi $950 millones de pesos este proyecto forma parte de las acciones estrat\u00e9gicas impulsadas para complementar el trabajo de las polic\u00edas a trav\u00e9s de las oficinas de seguridad ciudadana de los municipios locales.<\/p>\n<p dir=\"ltr\" style=\"text-align: justify;\">La elevada percepci\u00f3n de inseguridad en la regi\u00f3n, causada por delitos de connotaci\u00f3n social, incivilidades y casos de violencia intrafamiliar, ha generado preocupaci\u00f3n entre las y los habitantes. En respuesta a esta situaci\u00f3n, la iniciativa busca mejorar la presencia de personal de seguridad ciudadana mediante patrullajes mixtos con el Departamento de Coordinaci\u00f3n de Seguridad Municipal y la unidad OS14 de Carabineros.<\/p>\n<p dir=\"ltr\" style=\"text-align: justify;\">El Gobernador Regional (S) Erik Adio Maldonado se\u00f1al\u00f3 que esta inversi\u00f3n refleja el compromiso del Gobierno Regional con la seguridad de la ciudadan\u00eda, al dotar a los municipios con recursos que les permitan trabajar de manera m\u00e1s efectiva en la prevenci\u00f3n de delitos.<\/p>\n<p dir=\"ltr\" style=\"text-align: justify;\">\u00abEstamos contentos despu\u00e9s de un a\u00f1o y medio de trabajo arduo entre formulaci\u00f3n, evaluaci\u00f3n y ejecuci\u00f3n de esta iniciativa, podemos dar cuenta de la llegada de 13 veh\u00edculos de seguridad comunitaria. Estos veh\u00edculos tambi\u00e9n tienen un foco en la seguridad de nuestros barrios, pero tambi\u00e9n nos invitan a un compromiso que vamos a firmar con varias instituciones con el foco puesto en tem\u00e1ticas de violencia de g\u00e9nero\u00bb.<\/p>\n<p dir=\"ltr\" style=\"text-align: justify;\">Los veh\u00edculos adquiridos corresponden al modelo Toyota Fortuner SR5 4X4 TDI, un SUV robusto y equipado con tecnolog\u00eda de punta para hacer frente a las necesidades de seguridad de la regi\u00f3n. Cada unidad cuenta con protecci\u00f3n antibal\u00edstica, parachoques frontal, balizas, sistema de c\u00e1maras CCTV m\u00f3vil y focos de seguimiento, entre otros componentes que refuerzan su capacidad operativa en situaciones cr\u00edticas.<\/p>\n<\/div><\/section><\/div><div  style='height:50px' class='hr hr-invisible   avia-builder-el-6  el_after_av_one_full  el_before_av_social_share '><span class='hr-inner ' ><span class='hr-inner-style'><\/span><\/span><\/div><\/p>\n<div  class='av-social-sharing-box  avia-builder-el-7  el_after_av_hr  el_before_av_hr  '><div class='av-share-box'><h5 class='av-share-link-description av-no-toc '>Compartir esta noticia<\/h5><ul class='av-share-box-list noLightbox'><li class='av-share-link av-social-link-facebook' ><a target=\"_blank\" aria-label=\"Compartir en Facebook\" href='https:\/\/www.facebook.com\/sharer.php?u=https:\/\/radiorevelacionfm.cl\/?p=47134&#038;t=Gobierno%20Regional%20de%20Ays%C3%A9n%20fortalece%20la%20seguridad%20ciudadana%20con%20la%20adquisici%C3%B3n%20de%2013%20veh%C3%ADculos%20especializados' aria-hidden='false' data-av_icon='\ue8f3' data-av_iconfont='entypo-fontello' title='' data-avia-related-tooltip='Compartir en Facebook' rel=\"noopener\"><span class='avia_hidden_link_text'>Compartir en Facebook<\/span><\/a><\/li><li class='av-share-link av-social-link-twitter' ><a target=\"_blank\" aria-label=\"Compartir en Twitter\" href='https:\/\/twitter.com\/share?text=Gobierno%20Regional%20de%20Ays%C3%A9n%20fortalece%20la%20seguridad%20ciudadana%20con%20la%20adquisici%C3%B3n%20de%2013%20veh%C3%ADculos%20especializados&#038;url=https:\/\/radiorevelacionfm.cl\/?p=47134' aria-hidden='false' data-av_icon='\ue8f1' data-av_iconfont='entypo-fontello' title='' data-avia-related-tooltip='Compartir en Twitter' rel=\"noopener\"><span class='avia_hidden_link_text'>Compartir en Twitter<\/span><\/a><\/li><li class='av-share-link av-social-link-whatsapp' ><a target=\"_blank\" aria-label=\"Compartir en Whatsapp\" href='https:\/\/api.whatsapp.com\/send?text=https:\/\/radiorevelacionfm.cl\/?p=47134' aria-hidden='false' data-av_icon='\uf232' data-av_iconfont='entypo-fontello' title='' data-avia-related-tooltip='Compartir en Whatsapp' rel=\"noopener\"><span class='avia_hidden_link_text'>Compartir en Whatsapp<\/span><\/a><\/li><li class='av-share-link av-social-link-linkedin' ><a target=\"_blank\" aria-label=\"Compartir en LinkedIn\" href='https:\/\/linkedin.com\/shareArticle?mini=true&#038;title=Gobierno%20Regional%20de%20Ays%C3%A9n%20fortalece%20la%20seguridad%20ciudadana%20con%20la%20adquisici%C3%B3n%20de%2013%20veh%C3%ADculos%20especializados&#038;url=https:\/\/radiorevelacionfm.cl\/?p=47134' aria-hidden='false' data-av_icon='\ue8fc' data-av_iconfont='entypo-fontello' title='' data-avia-related-tooltip='Compartir en LinkedIn' rel=\"noopener\"><span class='avia_hidden_link_text'>Compartir en LinkedIn<\/span><\/a><\/li><li class='av-share-link av-social-link-mail' ><a  aria-label=\"Compartir por correo\" href='mailto:?subject=Gobierno%20Regional%20de%20Ays%C3%A9n%20fortalece%20la%20seguridad%20ciudadana%20con%20la%20adquisici%C3%B3n%20de%2013%20veh%C3%ADculos%20especializados&#038;body=https:\/\/radiorevelacionfm.cl\/?p=47134' aria-hidden='false' data-av_icon='\ue805' data-av_iconfont='entypo-fontello' title='' data-avia-related-tooltip='Compartir por correo'><span class='avia_hidden_link_text'>Compartir por correo<\/span><\/a><\/li><\/ul><\/div><\/div>\n<div  style='height:50px' class='hr hr-invisible   avia-builder-el-8  el_after_av_social_share  el_before_av_comments_list '><span class='hr-inner ' ><span class='hr-inner-style'><\/span><\/span><\/div>\n<div  class='av-buildercomment  av-blog-meta-html-info-disabled av-blog-meta-tag-disabled  '><\/div>\n","protected":false},"excerpt":{"rendered":"","protected":false},"author":1,"featured_media":47135,"comment_status":"open","ping_status":"open","sticky":false,"template":"","format":"standard","meta":{"footnotes":""},"categories":[38],"tags":[],"class_list":["post-47134","post","type-post","status-publish","format-standard","has-post-thumbnail","hentry","category-regional"],"jetpack_featured_media_url":"https:\/\/radiorevelacionfm.cl\/wp-content\/uploads\/2024\/10\/img-20241016-wa0026-1_optimized-1.jpg","_links":{"self":[{"href":"https:\/\/radiorevelacionfm.cl\/index.php?rest_route=\/wp\/v2\/posts\/47134","targetHints":{"allow":["GET"]}}],"collection":[{"href":"https:\/\/radiorevelacionfm.cl\/index.php?rest_route=\/wp\/v2\/posts"}],"about":[{"href":"https:\/\/radiorevelacionfm.cl\/index.php?rest_route=\/wp\/v2\/types\/post"}],"author":[{"embeddable":true,"href":"https:\/\/radiorevelacionfm.cl\/index.php?rest_route=\/wp\/v2\/users\/1"}],"replies":[{"embeddable":true,"href":"https:\/\/radiorevelacionfm.cl\/index.php?rest_route=%2Fwp%2Fv2%2Fcomments&post=47134"}],"version-history":[{"count":1,"href":"https:\/\/radiorevelacionfm.cl\/index.php?rest_route=\/wp\/v2\/posts\/47134\/revisions"}],"predecessor-version":[{"id":47136,"href":"https:\/\/radiorevelacionfm.cl\/index.php?rest_route=\/wp\/v2\/posts\/47134\/revisions\/47136"}],"wp:featuredmedia":[{"embeddable":true,"href":"https:\/\/radiorevelacionfm.cl\/index.php?rest_route=\/wp\/v2\/media\/47135"}],"wp:attachment":[{"href":"https:\/\/radiorevelacionfm.cl\/index.php?rest_route=%2Fwp%2Fv2%2Fmedia&parent=47134"}],"wp:term":[{"taxonomy":"category","embeddable":true,"href":"https:\/\/radiorevelacionfm.cl\/index.php?rest_route=%2Fwp%2Fv2%2Fcategories&post=47134"},{"taxonomy":"post_tag","embeddable":true,"href":"https:\/\/radiorevelacionfm.cl\/index.php?rest_route=%2Fwp%2Fv2%2Ftags&post=47134"}],"curies":[{"name":"wp","href":"https:\/\/api.w.org\/{rel}","templated":true}]}}