{"id":47131,"date":"2024-10-16T10:59:56","date_gmt":"2024-10-16T13:59:56","guid":{"rendered":"https:\/\/radiorevelacionfm.cl\/?p=47131"},"modified":"2024-10-16T10:59:56","modified_gmt":"2024-10-16T13:59:56","slug":"mes-de-sensibilizacion-del-cancer-de-mama-conoce-los-signos-de-alarma-ante-la-enfermedad","status":"publish","type":"post","link":"https:\/\/radiorevelacionfm.cl\/?p=47131","title":{"rendered":"Mes de sensibilizaci\u00f3n del c\u00e1ncer de mama: Conoce los signos de alarma ante la enfermedad"},"content":{"rendered":"<div class=\"flex_column av_one_full  flex_column_div av-zero-column-padding first  avia-builder-el-0  el_before_av_one_full  avia-builder-el-first  \" style='border-radius:0px; '><div  class='avia-image-container  av-styling-    avia-builder-el-1  avia-builder-el-no-sibling  avia-align-center '  itemprop=\"image\" itemscope=\"itemscope\" itemtype=\"https:\/\/schema.org\/ImageObject\"  ><div class='avia-image-container-inner'><div class='avia-image-overlay-wrap'><img decoding=\"async\" class='wp-image-47132 avia-img-lazy-loading-not-47132 avia_image' src=\"https:\/\/radiorevelacionfm.cl\/wp-content\/uploads\/2024\/10\/cancer-de-mama-2-1_optimized.jpg\" alt='' title='cancer-de-mama-(2)-(1)_optimized' height=\"662\" width=\"801\"  itemprop=\"thumbnailUrl\" srcset=\"https:\/\/radiorevelacionfm.cl\/wp-content\/uploads\/2024\/10\/cancer-de-mama-2-1_optimized.jpg 801w, https:\/\/radiorevelacionfm.cl\/wp-content\/uploads\/2024\/10\/cancer-de-mama-2-1_optimized-300x248.jpg 300w, https:\/\/radiorevelacionfm.cl\/wp-content\/uploads\/2024\/10\/cancer-de-mama-2-1_optimized-768x635.jpg 768w, https:\/\/radiorevelacionfm.cl\/wp-content\/uploads\/2024\/10\/cancer-de-mama-2-1_optimized-705x583.jpg 705w, https:\/\/radiorevelacionfm.cl\/wp-content\/uploads\/2024\/10\/cancer-de-mama-2-1_optimized-450x372.jpg 450w, https:\/\/radiorevelacionfm.cl\/wp-content\/uploads\/2024\/10\/cancer-de-mama-2-1_optimized-600x496.jpg 600w\" sizes=\"(max-width: 801px) 100vw, 801px\" \/><\/div><\/div><\/div><\/div><div class=\"flex_column av_one_full  flex_column_div av-zero-column-padding first  avia-builder-el-2  el_after_av_one_full  el_before_av_one_full  column-top-margin\" style='border-radius:0px; '><section class=\"av_textblock_section \"  itemscope=\"itemscope\" itemtype=\"https:\/\/schema.org\/BlogPosting\" itemprop=\"blogPost\" ><div class='avia_textblock  '   itemprop=\"text\" ><p style=\"text-align: center;\"><span style=\"font-size: 18pt;\"><strong>Mes de sensibilizaci\u00f3n del c\u00e1ncer de mama: Conoce los signos de alarma ante la enfermedad <\/strong><\/span><\/p>\n<div id=\"gtx-trans\" style=\"position: absolute; left: -50px; top: 4.31534px;\">\n<div class=\"gtx-trans-icon\"><\/div>\n<\/div>\n<\/div><\/section><\/div><div class=\"flex_column av_one_full  flex_column_div av-zero-column-padding first  avia-builder-el-4  el_after_av_one_full  el_before_av_hr  column-top-margin\" style='border-radius:0px; '><section class=\"av_textblock_section \"  itemscope=\"itemscope\" itemtype=\"https:\/\/schema.org\/BlogPosting\" itemprop=\"blogPost\" ><div class='avia_textblock  '   itemprop=\"text\" ><p style=\"text-align: justify;\"><em>La realizaci\u00f3n de ex\u00e1menes preventivos peri\u00f3dicos y un estilo de vida saludable son parte de las recomendaciones para disminuir las probabilidades de contraer esta patolog\u00eda.<\/em><\/p>\n<p style=\"text-align: justify;\">Sin duda, el c\u00e1ncer se ha vuelto uno de los problemas de salud p\u00fablica m\u00e1s atingentes a nivel mundial, siendo el c\u00e1ncer de mama uno de los m\u00e1s frecuentes en mujeres. En efecto, durante el a\u00f1o 2023 fallecieron 12 mujeres por esta patolog\u00eda en la regi\u00f3n de Ays\u00e9n, siendo la enfermedad que cobr\u00f3 m\u00e1s vidas femeninas durante el a\u00f1o reci\u00e9n pasado.<\/p>\n<p style=\"text-align: justify;\">Actualmente el c\u00e1ncer es la principal causa de muerte en la regi\u00f3n de Ays\u00e9n, registr\u00e1ndose un total de 159 fallecimientos en el a\u00f1o 2023, correspondientes a 75 mujeres y 84 hombres, siendo los m\u00e1s frecuentes en la poblaci\u00f3n local colon, est\u00f3mago, y ves\u00edcula.<\/p>\n<p style=\"text-align: justify;\">Bajo este contexto y en el marco del \u201cMes de sensibilizaci\u00f3n del C\u00e1ncer de Mama\u201d, que se conmemora cada a\u00f1o a nivel mundial en el mes de octubre, desde el sector salud se est\u00e1 trabajando en una serie de iniciativas y estrategias que permitan no s\u00f3lo la detecci\u00f3n temprana de esta enfermedad, sino tambi\u00e9n fomentar acciones preventivas, tales como estilos de vida saludables que permitan aminorar el riesgo de contraer esta patolog\u00eda, estando siempre alerta a eventuales cambios tanto en la textura como la forma de la mama.<\/p>\n<p style=\"text-align: justify;\"><strong>SIGNOS DE ALARMA<\/strong><\/p>\n<p style=\"text-align: justify;\">\u201cAlgunas se\u00f1ales de alerta de esta enfermedad son, por ejemplo, la aparici\u00f3n de un n\u00f3dulo o bulto nuevo en la mama o en la axila; aumento del grosor de la piel o del tama\u00f1o de una parte de la mama, piel de naranja, irritaci\u00f3n, hundimiento, enrojecimiento o descamaci\u00f3n, y secreciones en la mama que no sean de origen l\u00e1cteo. Son signos de alerta que deben hacernos sospechar que algo anda mal, y en ese contexto, es importante que inmediatamente se acerquen a su centro de salud de atenci\u00f3n primaria m\u00e1s cercano, que en el caso de nuestra regi\u00f3n, son los Cecosf, Cesfam y Postas de Salud Rural\u201d, detall\u00f3 la Seremi de Salud Ays\u00e9n, Carmen Monsalve G\u00f3mez.<\/p>\n<p style=\"text-align: justify;\">La autoridad sanitaria enfatiz\u00f3 la importancia de conocer nuestro propio cuerpo y de realizar el autoexamen mamario desde temprana edad. \u201cEs recomendable que las mujeres y tambi\u00e9n los hombres desde la adolescencia sepan realizarse el autoexamen de mama, para estar alerta frente a alg\u00fan cambio en la forma o textura de la mama\u201d, sostuvo.<\/p>\n<p style=\"text-align: justify;\">En ese sentido, la Seremi de Salud hizo hincapi\u00e9 en que el c\u00e1ncer de mama est\u00e1 contenido dentro de las Garant\u00edas Expl\u00edcitas en Salud (GES), considerando procedimientos de diagn\u00f3stico, tratamiento y seguimiento.<\/p>\n<p style=\"text-align: justify;\">\u201cSe considera tambi\u00e9n la sospecha, que puede ser desde un informe de mamograf\u00eda alterado hasta una sospecha cl\u00ednica. Por eso es tan importante consultar, porque frente a los signos es muy probable que se active la sospecha y por ende la garant\u00eda GES. Es muy importante mencionar que la persona identific\u00f3 un cambio en su mama y que por eso se realiza la consulta\u201d, precis\u00f3 la autoridad sanitaria.<\/p>\n<p style=\"text-align: justify;\"><strong>PREVENCI\u00d3N<\/strong><\/p>\n<p style=\"text-align: justify;\">En lo que respecta a factores protectores, la autoridad sanitaria destac\u00f3 la importancia de un estilo de vida saludable para evitar las enfermedades no transmisibles como el c\u00e1ncer. Por ejemplo, est\u00e1 comprobado que las mujeres que realizan entre 3 y 4 horas de ejercicio a la semana tienen un 30% menos de riesgo de desarrollar c\u00e1ncer de mama.<\/p>\n<p style=\"text-align: justify;\">\u201cTambi\u00e9n debemos evitar el consumo de ciertas sustancias, como alcohol y cigarrillo. Evitar el exceso de peso, ya que tener un peso saludable disminuye el riesgo de padecer esta y otras enfermedades no transmisibles. En el caso del c\u00e1ncer de mama, es muy importante llevar al d\u00eda los controles de salud\u201d, indic\u00f3 la Seremi de Salud.<\/p>\n<p style=\"text-align: justify;\"><strong>TOMA DE MAMOGRAF\u00cdAS<\/strong><\/p>\n<p style=\"text-align: justify;\">En lo que respecta a toma de mamograf\u00edas, las mujeres entre 50 y 59 a\u00f1os no necesitan orden m\u00e9dica, pero deben acudir a su CESFAM para actualizar la solicitud de horas y su continuidad de proceso, todo esto en el contexto del Examen M\u00e9dico Preventivo.<\/p>\n<p style=\"text-align: justify;\">En ese sentido, dentro de las estrategias implementadas por el Servicio de Salud Ays\u00e9n (SSA) para optimizar la resolutividad de este examen y as\u00ed pesquisar tempranamente un eventual c\u00e1ncer, est\u00e1 el mam\u00f3grafo m\u00f3vil, que recorrer\u00e1 diversas localidades de la regi\u00f3n durante los pr\u00f3ximos meses, resolviendo m\u00e1s de 650 mamograf\u00edas en lo que queda del a\u00f1o.<\/p>\n<p style=\"text-align: justify;\">\u201cEl mam\u00f3grafo m\u00f3vil estar\u00e1 visitando distintas localidades para sacar lista de espera. Coyhaique, Balmaceda, Valle Simpson, El Blanco, Melinka, Repollal, Puerto Aguirre, Caleta Andrade y Estero Copa\u201d, precis\u00f3 Juan Pablo Bravo, director del Servicio de Salud Ays\u00e9n.<\/p>\n<p style=\"text-align: justify;\">El director del SSA destac\u00f3 que esta estrategia se suma a la implementaci\u00f3n de 6 mam\u00f3grafos en la regi\u00f3n, los que se encuentran en pleno funcionamiento en los hospitales de Coyhaique, Puerto Ays\u00e9n, Puerto Cisnes, Cochrane y en la cl\u00ednica municipal de Chile Chico, enfatizando la importancia de que las mujeres que se encuentren a la espera de este examen deben acercarse a sus respectivos establecimientos de salud para mantener sus datos actualizados, y as\u00ed dar mayor celeridad al proceso de contacto de quienes se encuentre en lista de espera.<\/p>\n<p style=\"text-align: justify;\">\u201cLas personas que est\u00e9n en lista de espera estar\u00e1n siendo contactadas por sus respectivos establecimientos de salud. Recordar tambi\u00e9n que las personas entre 50 y 59 a\u00f1os puedes hacerse este examen preventivo directamente, y las que est\u00e9n fuera de este rango etario, deben ser derivadas por su centro de atenci\u00f3n primaria m\u00e1s cercano\u201d, explic\u00f3 Juan Pablo Bravo, agregando que es importante \u201cactualizar datos y direcci\u00f3n, ya que esto nos va a permitir contactarlas de mejor manera y ser m\u00e1s resolutivos\u201d.<\/p>\n<\/div><\/section><\/div><div  style='height:50px' class='hr hr-invisible   avia-builder-el-6  el_after_av_one_full  el_before_av_social_share '><span class='hr-inner ' ><span class='hr-inner-style'><\/span><\/span><\/div><\/p>\n<div  class='av-social-sharing-box  avia-builder-el-7  el_after_av_hr  el_before_av_hr  '><div class='av-share-box'><h5 class='av-share-link-description av-no-toc '>Compartir esta noticia<\/h5><ul class='av-share-box-list noLightbox'><li class='av-share-link av-social-link-facebook' ><a target=\"_blank\" aria-label=\"Compartir en Facebook\" href='https:\/\/www.facebook.com\/sharer.php?u=https:\/\/radiorevelacionfm.cl\/?p=47131&#038;t=Mes%20de%20sensibilizaci%C3%B3n%20del%20c%C3%A1ncer%20de%20mama%3A%20Conoce%20los%20signos%20de%20alarma%20ante%20la%20enfermedad' aria-hidden='false' data-av_icon='\ue8f3' data-av_iconfont='entypo-fontello' title='' data-avia-related-tooltip='Compartir en Facebook' rel=\"noopener\"><span class='avia_hidden_link_text'>Compartir en Facebook<\/span><\/a><\/li><li class='av-share-link av-social-link-twitter' ><a target=\"_blank\" aria-label=\"Compartir en Twitter\" href='https:\/\/twitter.com\/share?text=Mes%20de%20sensibilizaci%C3%B3n%20del%20c%C3%A1ncer%20de%20mama%3A%20Conoce%20los%20signos%20de%20alarma%20ante%20la%20enfermedad&#038;url=https:\/\/radiorevelacionfm.cl\/?p=47131' aria-hidden='false' data-av_icon='\ue8f1' data-av_iconfont='entypo-fontello' title='' data-avia-related-tooltip='Compartir en Twitter' rel=\"noopener\"><span class='avia_hidden_link_text'>Compartir en Twitter<\/span><\/a><\/li><li class='av-share-link av-social-link-whatsapp' ><a target=\"_blank\" aria-label=\"Compartir en Whatsapp\" href='https:\/\/api.whatsapp.com\/send?text=https:\/\/radiorevelacionfm.cl\/?p=47131' aria-hidden='false' data-av_icon='\uf232' data-av_iconfont='entypo-fontello' title='' data-avia-related-tooltip='Compartir en Whatsapp' rel=\"noopener\"><span class='avia_hidden_link_text'>Compartir en Whatsapp<\/span><\/a><\/li><li class='av-share-link av-social-link-linkedin' ><a target=\"_blank\" aria-label=\"Compartir en LinkedIn\" href='https:\/\/linkedin.com\/shareArticle?mini=true&#038;title=Mes%20de%20sensibilizaci%C3%B3n%20del%20c%C3%A1ncer%20de%20mama%3A%20Conoce%20los%20signos%20de%20alarma%20ante%20la%20enfermedad&#038;url=https:\/\/radiorevelacionfm.cl\/?p=47131' aria-hidden='false' data-av_icon='\ue8fc' data-av_iconfont='entypo-fontello' title='' data-avia-related-tooltip='Compartir en LinkedIn' rel=\"noopener\"><span class='avia_hidden_link_text'>Compartir en LinkedIn<\/span><\/a><\/li><li class='av-share-link av-social-link-mail' ><a  aria-label=\"Compartir por correo\" href='mailto:?subject=Mes%20de%20sensibilizaci%C3%B3n%20del%20c%C3%A1ncer%20de%20mama%3A%20Conoce%20los%20signos%20de%20alarma%20ante%20la%20enfermedad&#038;body=https:\/\/radiorevelacionfm.cl\/?p=47131' aria-hidden='false' data-av_icon='\ue805' data-av_iconfont='entypo-fontello' title='' data-avia-related-tooltip='Compartir por correo'><span class='avia_hidden_link_text'>Compartir por correo<\/span><\/a><\/li><\/ul><\/div><\/div>\n<div  style='height:50px' class='hr hr-invisible   avia-builder-el-8  el_after_av_social_share  el_before_av_comments_list '><span class='hr-inner ' ><span class='hr-inner-style'><\/span><\/span><\/div>\n<div  class='av-buildercomment  av-blog-meta-html-info-disabled av-blog-meta-tag-disabled  '><\/div>\n","protected":false},"excerpt":{"rendered":"","protected":false},"author":1,"featured_media":47132,"comment_status":"open","ping_status":"open","sticky":false,"template":"","format":"standard","meta":{"footnotes":""},"categories":[46],"tags":[],"class_list":["post-47131","post","type-post","status-publish","format-standard","has-post-thumbnail","hentry","category-salud"],"jetpack_featured_media_url":"https:\/\/radiorevelacionfm.cl\/wp-content\/uploads\/2024\/10\/cancer-de-mama-2-1_optimized.jpg","_links":{"self":[{"href":"https:\/\/radiorevelacionfm.cl\/index.php?rest_route=\/wp\/v2\/posts\/47131","targetHints":{"allow":["GET"]}}],"collection":[{"href":"https:\/\/radiorevelacionfm.cl\/index.php?rest_route=\/wp\/v2\/posts"}],"about":[{"href":"https:\/\/radiorevelacionfm.cl\/index.php?rest_route=\/wp\/v2\/types\/post"}],"author":[{"embeddable":true,"href":"https:\/\/radiorevelacionfm.cl\/index.php?rest_route=\/wp\/v2\/users\/1"}],"replies":[{"embeddable":true,"href":"https:\/\/radiorevelacionfm.cl\/index.php?rest_route=%2Fwp%2Fv2%2Fcomments&post=47131"}],"version-history":[{"count":1,"href":"https:\/\/radiorevelacionfm.cl\/index.php?rest_route=\/wp\/v2\/posts\/47131\/revisions"}],"predecessor-version":[{"id":47133,"href":"https:\/\/radiorevelacionfm.cl\/index.php?rest_route=\/wp\/v2\/posts\/47131\/revisions\/47133"}],"wp:featuredmedia":[{"embeddable":true,"href":"https:\/\/radiorevelacionfm.cl\/index.php?rest_route=\/wp\/v2\/media\/47132"}],"wp:attachment":[{"href":"https:\/\/radiorevelacionfm.cl\/index.php?rest_route=%2Fwp%2Fv2%2Fmedia&parent=47131"}],"wp:term":[{"taxonomy":"category","embeddable":true,"href":"https:\/\/radiorevelacionfm.cl\/index.php?rest_route=%2Fwp%2Fv2%2Fcategories&post=47131"},{"taxonomy":"post_tag","embeddable":true,"href":"https:\/\/radiorevelacionfm.cl\/index.php?rest_route=%2Fwp%2Fv2%2Ftags&post=47131"}],"curies":[{"name":"wp","href":"https:\/\/api.w.org\/{rel}","templated":true}]}}