{"id":47128,"date":"2024-10-15T19:54:15","date_gmt":"2024-10-15T22:54:15","guid":{"rendered":"https:\/\/radiorevelacionfm.cl\/?p=47128"},"modified":"2024-10-15T19:54:15","modified_gmt":"2024-10-15T22:54:15","slug":"carabineros-de-melinka-auxilio-a-victima-y-detuvo-a-sujeto-por-femicidio-frustrado","status":"publish","type":"post","link":"https:\/\/radiorevelacionfm.cl\/?p=47128","title":{"rendered":"Carabineros de Melinka auxili\u00f3 a v\u00edctima y detuvo a sujeto por femicidio frustrado"},"content":{"rendered":"<div class=\"flex_column av_one_full  flex_column_div av-zero-column-padding first  avia-builder-el-0  el_before_av_one_full  avia-builder-el-first  \" style='border-radius:0px; '><div  class='avia-image-container  av-styling-    avia-builder-el-1  avia-builder-el-no-sibling  avia-align-center '  itemprop=\"image\" itemscope=\"itemscope\" itemtype=\"https:\/\/schema.org\/ImageObject\"  ><div class='avia-image-container-inner'><div class='avia-image-overlay-wrap'><img decoding=\"async\" class='wp-image-47129 avia-img-lazy-loading-not-47129 avia_image' src=\"https:\/\/radiorevelacionfm.cl\/wp-content\/uploads\/2024\/10\/f0da287c-6777-47a4-9d21-80908f7593e7-1_optimized.jpg\" alt='' title='f0da287c-6777-47a4-9d21-80908f7593e7-(1)_optimized' height=\"600\" width=\"866\"  itemprop=\"thumbnailUrl\" srcset=\"https:\/\/radiorevelacionfm.cl\/wp-content\/uploads\/2024\/10\/f0da287c-6777-47a4-9d21-80908f7593e7-1_optimized.jpg 866w, https:\/\/radiorevelacionfm.cl\/wp-content\/uploads\/2024\/10\/f0da287c-6777-47a4-9d21-80908f7593e7-1_optimized-300x208.jpg 300w, https:\/\/radiorevelacionfm.cl\/wp-content\/uploads\/2024\/10\/f0da287c-6777-47a4-9d21-80908f7593e7-1_optimized-768x532.jpg 768w, https:\/\/radiorevelacionfm.cl\/wp-content\/uploads\/2024\/10\/f0da287c-6777-47a4-9d21-80908f7593e7-1_optimized-705x488.jpg 705w, https:\/\/radiorevelacionfm.cl\/wp-content\/uploads\/2024\/10\/f0da287c-6777-47a4-9d21-80908f7593e7-1_optimized-450x312.jpg 450w, https:\/\/radiorevelacionfm.cl\/wp-content\/uploads\/2024\/10\/f0da287c-6777-47a4-9d21-80908f7593e7-1_optimized-600x416.jpg 600w\" sizes=\"(max-width: 866px) 100vw, 866px\" \/><\/div><\/div><\/div><\/div><div class=\"flex_column av_one_full  flex_column_div av-zero-column-padding first  avia-builder-el-2  el_after_av_one_full  el_before_av_one_full  column-top-margin\" style='border-radius:0px; '><section class=\"av_textblock_section \"  itemscope=\"itemscope\" itemtype=\"https:\/\/schema.org\/BlogPosting\" itemprop=\"blogPost\" ><div class='avia_textblock  '   itemprop=\"text\" ><p style=\"text-align: center;\"><span style=\"font-size: 18pt;\"><b><span lang=\"ES-MX\">Carabineros de Melinka auxili\u00f3 a v\u00edctima y detuvo a sujeto por femicidio frustrado<\/span><\/b><\/span><\/p>\n<div id=\"gtx-trans\" style=\"position: absolute; left: -50px; top: 4.31534px;\">\n<div class=\"gtx-trans-icon\"><\/div>\n<\/div>\n<\/div><\/section><\/div><div class=\"flex_column av_one_full  flex_column_div av-zero-column-padding first  avia-builder-el-4  el_after_av_one_full  el_before_av_hr  column-top-margin\" style='border-radius:0px; '><section class=\"av_textblock_section \"  itemscope=\"itemscope\" itemtype=\"https:\/\/schema.org\/BlogPosting\" itemprop=\"blogPost\" ><div class='avia_textblock  '   itemprop=\"text\" ><p class=\"v1gmail-MsoListParagraph\" style=\"text-align: justify;\"><em><span lang=\"ES-MX\">El sujeto -quien registra 15 reiteraciones previas- hab\u00eda arrojado aceite caliente a la mujer para posteriormente intentar atacarla con un hacha, momento en que la v\u00edctima logr\u00f3 huir en direcci\u00f3n al Ret\u00e9n donde fue auxiliada por los funcionarios.<\/span><\/em><\/p>\n<p class=\"v1MsoNormal\" style=\"text-align: justify;\"><span lang=\"ES-MX\">Diligencias aut\u00f3nomas desarrolladas por Carabineros del Ret\u00e9n Melinka, culminaron con la detenci\u00f3n de un sujeto de 29 a\u00f1os de edad por el delito de femicidio frustrado luego que este arroj\u00f3 aceite caliente al rostro de su conviviente sumado a una agresi\u00f3n con un objeto contundente que ocasion\u00f3 lesiones menos graves a la afectada, quien finalmente logr\u00f3 escapar tras un inminente ataque con hacha, huyendo hacia el Ret\u00e9n de Carabineros quienes prestaron socorro y protecci\u00f3n a la v\u00edctima.<\/span><\/p>\n<p class=\"v1MsoNormal\" style=\"text-align: justify;\"><span lang=\"ES-MX\">Seg\u00fan indic\u00f3 el Jefe de la Subcomisar\u00eda Puerto Cisnes, Teniente Ricardo Mendoza Valenzuela, una vez en el cuartel la afectada relat\u00f3 al personal los tormentos vividos en los \u00faltimos d\u00edas, siendo trasladada por Carabineros hasta el consultorio para la constataci\u00f3n de lesiones, informado de ello a la Fiscal\u00eda siendo instruidas medidas de protecci\u00f3n sumado a rondas peri\u00f3dicas por el domicilio de esta.<\/span><\/p>\n<p class=\"v1MsoNormal\" style=\"text-align: justify;\"><span lang=\"ES-MX\">No obstante, \u00aben declaraciones de la v\u00edctima -aparte de haber sido gravemente herida en su rostro con este aceite- tambi\u00e9n manifiesta que el agresor en esos momentos la hab\u00eda seguido con un hacha con clara intensi\u00f3n \u2013 y (se\u00f1alando) a viva voz- que la iba a matar\u00bb, expres\u00f3 el Oficial.<\/span><\/p>\n<p class=\"v1MsoNormal\" style=\"text-align: justify;\"><span lang=\"ES-MX\">Frente a lo anterior y en un r\u00e1pido actuar, Carabineros del Ret\u00e9n Melinka logr\u00f3 la detenci\u00f3n del imputado, pudiendo con ello salvaguardar la vida de la mujer al evitar un femicidio, antecedentes que fueron derivados a los Tribunales de Justicia.<\/span><\/p>\n<p class=\"v1MsoNormal\" style=\"text-align: justify;\"><span lang=\"ES-MX\">Asimismo, tales hechos fueron informados al SernamEG, con la finalidad de coordinar el auxilio que va a requerir la v\u00edctima, a\u00f1adi\u00f3 el Teniente Mendoza.<\/span><\/p>\n<p class=\"v1MsoNormal\" style=\"text-align: justify;\"><span lang=\"ES-MX\">El imputado registra 15 reiteraciones previas por diversos delitos, entre estos; lesiones, violencia intrafamiliar, hurtos, robos, entre otras materias relacionadas al consumo problem\u00e1tico de alcohol.<\/span><\/p>\n<p class=\"v1MsoNormal\" style=\"text-align: justify;\"><span lang=\"ES-MX\">Durante la tarde del lunes y con apoyo de la Gobernaci\u00f3n Mar\u00edtima -luego de cuatro horas de navegaci\u00f3n- Carabineros traslad\u00f3 al imputado desde Melinka a Puerto Cisnes, donde fue formalizado por el delito de femicidio frustrado, quedando sujeto a la medida cautelar prisi\u00f3n preventiva por un plazo de 60 d\u00edas fijados para el cierre de la investigaci\u00f3n.<\/span><\/p>\n<p style=\"text-align: justify;\"><span lang=\"ES-MX\">Cabe se\u00f1alar que entre enero y el 6 de octubre del presente a\u00f1o, Carabineros ha detenido a 3.656 personas por diversos delitos en la regi\u00f3n, de los cuales 284 son por delitos de violencia intrafamiliar, donde el 44% de estos registra detenciones previas por parte de Carabineros.<\/span><\/p>\n<\/div><\/section><\/div><div  style='height:50px' class='hr hr-invisible   avia-builder-el-6  el_after_av_one_full  el_before_av_social_share '><span class='hr-inner ' ><span class='hr-inner-style'><\/span><\/span><\/div><\/p>\n<div  class='av-social-sharing-box  avia-builder-el-7  el_after_av_hr  el_before_av_hr  '><div class='av-share-box'><h5 class='av-share-link-description av-no-toc '>Compartir esta noticia<\/h5><ul class='av-share-box-list noLightbox'><li class='av-share-link av-social-link-facebook' ><a target=\"_blank\" aria-label=\"Compartir en Facebook\" href='https:\/\/www.facebook.com\/sharer.php?u=https:\/\/radiorevelacionfm.cl\/?p=47128&#038;t=Carabineros%20de%20Melinka%20auxili%C3%B3%20a%20v%C3%ADctima%20y%20detuvo%20a%20sujeto%20por%20femicidio%20frustrado' aria-hidden='false' data-av_icon='\ue8f3' data-av_iconfont='entypo-fontello' title='' data-avia-related-tooltip='Compartir en Facebook' rel=\"noopener\"><span class='avia_hidden_link_text'>Compartir en Facebook<\/span><\/a><\/li><li class='av-share-link av-social-link-twitter' ><a target=\"_blank\" aria-label=\"Compartir en Twitter\" href='https:\/\/twitter.com\/share?text=Carabineros%20de%20Melinka%20auxili%C3%B3%20a%20v%C3%ADctima%20y%20detuvo%20a%20sujeto%20por%20femicidio%20frustrado&#038;url=https:\/\/radiorevelacionfm.cl\/?p=47128' aria-hidden='false' data-av_icon='\ue8f1' data-av_iconfont='entypo-fontello' title='' data-avia-related-tooltip='Compartir en Twitter' rel=\"noopener\"><span class='avia_hidden_link_text'>Compartir en Twitter<\/span><\/a><\/li><li class='av-share-link av-social-link-whatsapp' ><a target=\"_blank\" aria-label=\"Compartir en Whatsapp\" href='https:\/\/api.whatsapp.com\/send?text=https:\/\/radiorevelacionfm.cl\/?p=47128' aria-hidden='false' data-av_icon='\uf232' data-av_iconfont='entypo-fontello' title='' data-avia-related-tooltip='Compartir en Whatsapp' rel=\"noopener\"><span class='avia_hidden_link_text'>Compartir en Whatsapp<\/span><\/a><\/li><li class='av-share-link av-social-link-linkedin' ><a target=\"_blank\" aria-label=\"Compartir en LinkedIn\" href='https:\/\/linkedin.com\/shareArticle?mini=true&#038;title=Carabineros%20de%20Melinka%20auxili%C3%B3%20a%20v%C3%ADctima%20y%20detuvo%20a%20sujeto%20por%20femicidio%20frustrado&#038;url=https:\/\/radiorevelacionfm.cl\/?p=47128' aria-hidden='false' data-av_icon='\ue8fc' data-av_iconfont='entypo-fontello' title='' data-avia-related-tooltip='Compartir en LinkedIn' rel=\"noopener\"><span class='avia_hidden_link_text'>Compartir en LinkedIn<\/span><\/a><\/li><li class='av-share-link av-social-link-mail' ><a  aria-label=\"Compartir por correo\" href='mailto:?subject=Carabineros%20de%20Melinka%20auxili%C3%B3%20a%20v%C3%ADctima%20y%20detuvo%20a%20sujeto%20por%20femicidio%20frustrado&#038;body=https:\/\/radiorevelacionfm.cl\/?p=47128' aria-hidden='false' data-av_icon='\ue805' data-av_iconfont='entypo-fontello' title='' data-avia-related-tooltip='Compartir por correo'><span class='avia_hidden_link_text'>Compartir por correo<\/span><\/a><\/li><\/ul><\/div><\/div>\n<div  style='height:50px' class='hr hr-invisible   avia-builder-el-8  el_after_av_social_share  el_before_av_comments_list '><span class='hr-inner ' ><span class='hr-inner-style'><\/span><\/span><\/div>\n<div  class='av-buildercomment  av-blog-meta-html-info-disabled av-blog-meta-tag-disabled  '><\/div>\n","protected":false},"excerpt":{"rendered":"","protected":false},"author":1,"featured_media":47129,"comment_status":"open","ping_status":"open","sticky":false,"template":"","format":"standard","meta":{"footnotes":""},"categories":[36],"tags":[],"class_list":["post-47128","post","type-post","status-publish","format-standard","has-post-thumbnail","hentry","category-policial"],"jetpack_featured_media_url":"https:\/\/radiorevelacionfm.cl\/wp-content\/uploads\/2024\/10\/f0da287c-6777-47a4-9d21-80908f7593e7-1_optimized.jpg","_links":{"self":[{"href":"https:\/\/radiorevelacionfm.cl\/index.php?rest_route=\/wp\/v2\/posts\/47128","targetHints":{"allow":["GET"]}}],"collection":[{"href":"https:\/\/radiorevelacionfm.cl\/index.php?rest_route=\/wp\/v2\/posts"}],"about":[{"href":"https:\/\/radiorevelacionfm.cl\/index.php?rest_route=\/wp\/v2\/types\/post"}],"author":[{"embeddable":true,"href":"https:\/\/radiorevelacionfm.cl\/index.php?rest_route=\/wp\/v2\/users\/1"}],"replies":[{"embeddable":true,"href":"https:\/\/radiorevelacionfm.cl\/index.php?rest_route=%2Fwp%2Fv2%2Fcomments&post=47128"}],"version-history":[{"count":1,"href":"https:\/\/radiorevelacionfm.cl\/index.php?rest_route=\/wp\/v2\/posts\/47128\/revisions"}],"predecessor-version":[{"id":47130,"href":"https:\/\/radiorevelacionfm.cl\/index.php?rest_route=\/wp\/v2\/posts\/47128\/revisions\/47130"}],"wp:featuredmedia":[{"embeddable":true,"href":"https:\/\/radiorevelacionfm.cl\/index.php?rest_route=\/wp\/v2\/media\/47129"}],"wp:attachment":[{"href":"https:\/\/radiorevelacionfm.cl\/index.php?rest_route=%2Fwp%2Fv2%2Fmedia&parent=47128"}],"wp:term":[{"taxonomy":"category","embeddable":true,"href":"https:\/\/radiorevelacionfm.cl\/index.php?rest_route=%2Fwp%2Fv2%2Fcategories&post=47128"},{"taxonomy":"post_tag","embeddable":true,"href":"https:\/\/radiorevelacionfm.cl\/index.php?rest_route=%2Fwp%2Fv2%2Ftags&post=47128"}],"curies":[{"name":"wp","href":"https:\/\/api.w.org\/{rel}","templated":true}]}}