{"id":47125,"date":"2024-10-16T09:58:59","date_gmt":"2024-10-16T12:58:59","guid":{"rendered":"https:\/\/radiorevelacionfm.cl\/?p=47125"},"modified":"2024-10-16T09:58:59","modified_gmt":"2024-10-16T12:58:59","slug":"unidad-de-patologia-mamaria-del-hospital-regional-coyhaique-celebro-un-nuevo-aniversario","status":"publish","type":"post","link":"https:\/\/radiorevelacionfm.cl\/?p=47125","title":{"rendered":"Unidad de Patolog\u00eda Mamaria del Hospital Regional Coyhaique celebr\u00f3 un nuevo Aniversario"},"content":{"rendered":"<div class=\"flex_column av_one_full  flex_column_div av-zero-column-padding first  avia-builder-el-0  el_before_av_one_full  avia-builder-el-first  \" style='border-radius:0px; '><div  class='avia-image-container  av-styling-    avia-builder-el-1  avia-builder-el-no-sibling  avia-align-center '  itemprop=\"image\" itemscope=\"itemscope\" itemtype=\"https:\/\/schema.org\/ImageObject\"  ><div class='avia-image-container-inner'><div class='avia-image-overlay-wrap'><img decoding=\"async\" class='wp-image-47126 avia-img-lazy-loading-not-47126 avia_image' src=\"https:\/\/radiorevelacionfm.cl\/wp-content\/uploads\/2024\/10\/img_20241011_133341595_hdr-1_optimized-1.jpg\" alt='' title='img_20241011_133341595_hdr-(1)_optimized (1)' height=\"600\" width=\"1067\"  itemprop=\"thumbnailUrl\" srcset=\"https:\/\/radiorevelacionfm.cl\/wp-content\/uploads\/2024\/10\/img_20241011_133341595_hdr-1_optimized-1.jpg 1067w, https:\/\/radiorevelacionfm.cl\/wp-content\/uploads\/2024\/10\/img_20241011_133341595_hdr-1_optimized-1-300x169.jpg 300w, https:\/\/radiorevelacionfm.cl\/wp-content\/uploads\/2024\/10\/img_20241011_133341595_hdr-1_optimized-1-1030x579.jpg 1030w, https:\/\/radiorevelacionfm.cl\/wp-content\/uploads\/2024\/10\/img_20241011_133341595_hdr-1_optimized-1-768x432.jpg 768w, https:\/\/radiorevelacionfm.cl\/wp-content\/uploads\/2024\/10\/img_20241011_133341595_hdr-1_optimized-1-705x396.jpg 705w, https:\/\/radiorevelacionfm.cl\/wp-content\/uploads\/2024\/10\/img_20241011_133341595_hdr-1_optimized-1-450x253.jpg 450w, https:\/\/radiorevelacionfm.cl\/wp-content\/uploads\/2024\/10\/img_20241011_133341595_hdr-1_optimized-1-600x337.jpg 600w\" sizes=\"(max-width: 1067px) 100vw, 1067px\" \/><\/div><\/div><\/div><\/div><div class=\"flex_column av_one_full  flex_column_div av-zero-column-padding first  avia-builder-el-2  el_after_av_one_full  el_before_av_one_full  column-top-margin\" style='border-radius:0px; '><section class=\"av_textblock_section \"  itemscope=\"itemscope\" itemtype=\"https:\/\/schema.org\/BlogPosting\" itemprop=\"blogPost\" ><div class='avia_textblock  '   itemprop=\"text\" ><p style=\"text-align: center;\"><span style=\"font-size: 18pt;\"><strong>Unidad de Patolog\u00eda Mamaria del Hospital Regional Coyhaique celebr\u00f3 un nuevo Aniversario<\/strong><\/span><\/p>\n<div id=\"gtx-trans\" style=\"position: absolute; left: -50px; top: 4.31534px;\">\n<div class=\"gtx-trans-icon\"><\/div>\n<\/div>\n<\/div><\/section><\/div><div class=\"flex_column av_one_full  flex_column_div av-zero-column-padding first  avia-builder-el-4  el_after_av_one_full  el_before_av_hr  column-top-margin\" style='border-radius:0px; '><section class=\"av_textblock_section \"  itemscope=\"itemscope\" itemtype=\"https:\/\/schema.org\/BlogPosting\" itemprop=\"blogPost\" ><div class='avia_textblock  '   itemprop=\"text\" ><p style=\"text-align: justify;\">Con una Jornada con distintos expositores y de distintas disciplinas la Unidad de Patolog\u00eda Mamaria (UPM) del Hospital Regional Coyhaique celebr\u00f3 un nuevo aniversario.<\/p>\n<p style=\"text-align: justify;\">La UPM, fundamental en la atenci\u00f3n y tratamiento de estas enfermedades en la red asistencial aysenina, reuni\u00f3 en esta jornada a destacados especialistas en la tem\u00e1tica, en la que compartieron con los asistentes, presenciales y online, sus conocimientos sobre la detecci\u00f3n temprana, manejo, contexto y de c\u00f3mo enfrentar estas enfermedades, tambi\u00e9n con pertenencia territorial.<\/p>\n<p style=\"text-align: justify;\">La jornada abord\u00f3 temas cr\u00edticos como los avances en las t\u00e9cnicas de diagn\u00f3stico, las \u00faltimas innovaciones en tratamientos y la importancia de un enfoque integral en el cuidado de las pacientes, en la que tambi\u00e9n se enfatiz\u00f3 la necesidad de promover la detecci\u00f3n temprana, que sigue siendo clave para mejorar los resultados en el tratamiento del c\u00e1ncer de mama.<\/p>\n<p style=\"text-align: justify;\">El subdirector m\u00e9dico del HRC, Dr. Pedro Pablo Pinto, tambi\u00e9n jefe de la UPM, destac\u00f3 la jornada que sirvi\u00f3 como una instancia de fortalecer el conocimiento, la colaboraci\u00f3n y el compromiso en c\u00f3mo enfrentar los diagn\u00f3sticos y tratamiento en la red asistencial \u201ccumpli\u00f3 con los objetivos que ten\u00edamos planteados. Hubo una buena participaci\u00f3n de nuestros funcionarios y tambi\u00e9n esto se llev\u00f3 a la red a trav\u00e9s de Zoom, as\u00ed que estoy muy satisfecho los asistentes quedaron muy entusiasmados y creo yo que lo que ac\u00e1 se escuch\u00f3 y se vio se puede replicar a lo largo de la red\u201d.<\/p>\n<p style=\"text-align: justify;\">Sobre el nacimiento de la UPM, el Dr. Pinto se\u00f1al\u00f3 que se necesitaba dado el aumento de las patolog\u00edas y que \u201cse requer\u00eda tener una unidad que contara con su equipo m\u00e9dico, de matronas y de apoyo, en el que tenemos evidentemente otros profesionales que tambi\u00e9n se desempe\u00f1an en otras \u00e1reas como oncolog\u00eda, radiolog\u00eda, anatom\u00eda patol\u00f3gica y el apoyo de los kinesi\u00f3logos\u00a0 y terapia ocupacional, que son importantes porque todos estos profesionales nos permiten dar una atenci\u00f3n adecuada y de alto nivel a todos nuestros pacientes\u201d.<\/p>\n<p style=\"text-align: justify;\">Seg\u00fan datos recientes, la incidencia de esta enfermedad localmente ha ido en aumento, lo que resalta la urgencia de continuar con las campa\u00f1as de prevenci\u00f3n, lo que se\u00f1ala la Dra. Yannina Ageno que, junto a la Dra. Dayana Astorga, cirujanas de la UPM, expusieron sobre la realidad actual del c\u00e1ncer de mama \u201cSe ha visto que el c\u00e1ncer est\u00e1 aumentando en agresividad en esta regi\u00f3n y adem\u00e1s est\u00e1 disminuyendo la edad de inicio, present\u00e1ndose adem\u00e1s en pacientes muy j\u00f3venes. Lo que influye totalmente en la parte de que nuestras pacientes ya no son mujeres a\u00f1osas y que existe un desaf\u00edo en la fertilidad adem\u00e1s. Necesitamos m\u00e1s recursos en el tratamiento de ellas mismas, mucho m\u00e1s tiempo de seguimiento, medicamentos m\u00e1s costosos, lo cual podr\u00edamos evitar si es que hici\u00e9ramos mamograf\u00edas a tiempo y fu\u00e9ramos m\u00e1s cautos\u201d.<\/p>\n<p style=\"text-align: justify;\">En tanto, el Dr. Juan Manuel Donaire, Jefe de la Unidad de Patolog\u00eda Mamaria del Hospital Barros Luco, destac\u00f3 la jornada en la que dej\u00f3 algunas impresiones de lo que se puede hacer en la regi\u00f3n de Ays\u00e9n \u201ces muy importante para el desarrollo de la unidad, la formaci\u00f3n continua, la capacitaci\u00f3n del equipo m\u00e9dico, que se est\u00e1 haciendo y que tambi\u00e9n se est\u00e1 planificando para el mediano y largo plazo. Tambi\u00e9n de c\u00f3mo incorporar herramientas nuevas para mejorar resultados cosm\u00e9ticos y oncol\u00f3gicos de las pacientes. Y no es una necesidad de mayores recursos, sino fundamentalmente, del compromiso que tiene esta unidad y los miembros que pertenecen a ella, tanto m\u00e9dicos como no m\u00e9dicos, en querer hacer las cosas bien, en querer desarrollarse, en entregar los mejores resultados a las pacientes de la zona, lo que me parece muy interesante y con mucha proyecci\u00f3n en el mediano y largo plazo\u201d.<\/p>\n<\/div><\/section><\/div><div  style='height:50px' class='hr hr-invisible   avia-builder-el-6  el_after_av_one_full  el_before_av_social_share '><span class='hr-inner ' ><span class='hr-inner-style'><\/span><\/span><\/div><\/p>\n<div  class='av-social-sharing-box  avia-builder-el-7  el_after_av_hr  el_before_av_hr  '><div class='av-share-box'><h5 class='av-share-link-description av-no-toc '>Compartir esta noticia<\/h5><ul class='av-share-box-list noLightbox'><li class='av-share-link av-social-link-facebook' ><a target=\"_blank\" aria-label=\"Compartir en Facebook\" href='https:\/\/www.facebook.com\/sharer.php?u=https:\/\/radiorevelacionfm.cl\/?p=47125&#038;t=Unidad%20de%20Patolog%C3%ADa%20Mamaria%20del%20Hospital%20Regional%20Coyhaique%20celebr%C3%B3%20un%20nuevo%20Aniversario' aria-hidden='false' data-av_icon='\ue8f3' data-av_iconfont='entypo-fontello' title='' data-avia-related-tooltip='Compartir en Facebook' rel=\"noopener\"><span class='avia_hidden_link_text'>Compartir en Facebook<\/span><\/a><\/li><li class='av-share-link av-social-link-twitter' ><a target=\"_blank\" aria-label=\"Compartir en Twitter\" href='https:\/\/twitter.com\/share?text=Unidad%20de%20Patolog%C3%ADa%20Mamaria%20del%20Hospital%20Regional%20Coyhaique%20celebr%C3%B3%20un%20nuevo%20Aniversario&#038;url=https:\/\/radiorevelacionfm.cl\/?p=47125' aria-hidden='false' data-av_icon='\ue8f1' data-av_iconfont='entypo-fontello' title='' data-avia-related-tooltip='Compartir en Twitter' rel=\"noopener\"><span class='avia_hidden_link_text'>Compartir en Twitter<\/span><\/a><\/li><li class='av-share-link av-social-link-whatsapp' ><a target=\"_blank\" aria-label=\"Compartir en Whatsapp\" href='https:\/\/api.whatsapp.com\/send?text=https:\/\/radiorevelacionfm.cl\/?p=47125' aria-hidden='false' data-av_icon='\uf232' data-av_iconfont='entypo-fontello' title='' data-avia-related-tooltip='Compartir en Whatsapp' rel=\"noopener\"><span class='avia_hidden_link_text'>Compartir en Whatsapp<\/span><\/a><\/li><li class='av-share-link av-social-link-linkedin' ><a target=\"_blank\" aria-label=\"Compartir en LinkedIn\" href='https:\/\/linkedin.com\/shareArticle?mini=true&#038;title=Unidad%20de%20Patolog%C3%ADa%20Mamaria%20del%20Hospital%20Regional%20Coyhaique%20celebr%C3%B3%20un%20nuevo%20Aniversario&#038;url=https:\/\/radiorevelacionfm.cl\/?p=47125' aria-hidden='false' data-av_icon='\ue8fc' data-av_iconfont='entypo-fontello' title='' data-avia-related-tooltip='Compartir en LinkedIn' rel=\"noopener\"><span class='avia_hidden_link_text'>Compartir en LinkedIn<\/span><\/a><\/li><li class='av-share-link av-social-link-mail' ><a  aria-label=\"Compartir por correo\" href='mailto:?subject=Unidad%20de%20Patolog%C3%ADa%20Mamaria%20del%20Hospital%20Regional%20Coyhaique%20celebr%C3%B3%20un%20nuevo%20Aniversario&#038;body=https:\/\/radiorevelacionfm.cl\/?p=47125' aria-hidden='false' data-av_icon='\ue805' data-av_iconfont='entypo-fontello' title='' data-avia-related-tooltip='Compartir por correo'><span class='avia_hidden_link_text'>Compartir por correo<\/span><\/a><\/li><\/ul><\/div><\/div>\n<div  style='height:50px' class='hr hr-invisible   avia-builder-el-8  el_after_av_social_share  el_before_av_comments_list '><span class='hr-inner ' ><span class='hr-inner-style'><\/span><\/span><\/div>\n<div  class='av-buildercomment  av-blog-meta-html-info-disabled av-blog-meta-tag-disabled  '><\/div>\n","protected":false},"excerpt":{"rendered":"","protected":false},"author":1,"featured_media":47126,"comment_status":"open","ping_status":"open","sticky":false,"template":"","format":"standard","meta":{"footnotes":""},"categories":[46],"tags":[],"class_list":["post-47125","post","type-post","status-publish","format-standard","has-post-thumbnail","hentry","category-salud"],"jetpack_featured_media_url":"https:\/\/radiorevelacionfm.cl\/wp-content\/uploads\/2024\/10\/img_20241011_133341595_hdr-1_optimized-1.jpg","_links":{"self":[{"href":"https:\/\/radiorevelacionfm.cl\/index.php?rest_route=\/wp\/v2\/posts\/47125","targetHints":{"allow":["GET"]}}],"collection":[{"href":"https:\/\/radiorevelacionfm.cl\/index.php?rest_route=\/wp\/v2\/posts"}],"about":[{"href":"https:\/\/radiorevelacionfm.cl\/index.php?rest_route=\/wp\/v2\/types\/post"}],"author":[{"embeddable":true,"href":"https:\/\/radiorevelacionfm.cl\/index.php?rest_route=\/wp\/v2\/users\/1"}],"replies":[{"embeddable":true,"href":"https:\/\/radiorevelacionfm.cl\/index.php?rest_route=%2Fwp%2Fv2%2Fcomments&post=47125"}],"version-history":[{"count":1,"href":"https:\/\/radiorevelacionfm.cl\/index.php?rest_route=\/wp\/v2\/posts\/47125\/revisions"}],"predecessor-version":[{"id":47127,"href":"https:\/\/radiorevelacionfm.cl\/index.php?rest_route=\/wp\/v2\/posts\/47125\/revisions\/47127"}],"wp:featuredmedia":[{"embeddable":true,"href":"https:\/\/radiorevelacionfm.cl\/index.php?rest_route=\/wp\/v2\/media\/47126"}],"wp:attachment":[{"href":"https:\/\/radiorevelacionfm.cl\/index.php?rest_route=%2Fwp%2Fv2%2Fmedia&parent=47125"}],"wp:term":[{"taxonomy":"category","embeddable":true,"href":"https:\/\/radiorevelacionfm.cl\/index.php?rest_route=%2Fwp%2Fv2%2Fcategories&post=47125"},{"taxonomy":"post_tag","embeddable":true,"href":"https:\/\/radiorevelacionfm.cl\/index.php?rest_route=%2Fwp%2Fv2%2Ftags&post=47125"}],"curies":[{"name":"wp","href":"https:\/\/api.w.org\/{rel}","templated":true}]}}