{"id":47098,"date":"2024-10-15T15:50:21","date_gmt":"2024-10-15T18:50:21","guid":{"rendered":"https:\/\/radiorevelacionfm.cl\/?p=47098"},"modified":"2024-10-15T15:50:21","modified_gmt":"2024-10-15T18:50:21","slug":"armada-presenta-catastro-y-plan-de-navegabilidad-de-los-rios-en-aysen","status":"publish","type":"post","link":"https:\/\/radiorevelacionfm.cl\/?p=47098","title":{"rendered":"Armada presenta catastro y plan de navegabilidad de los R\u00edos en Ays\u00e9n"},"content":{"rendered":"<div class=\"flex_column av_one_full  flex_column_div av-zero-column-padding first  avia-builder-el-0  el_before_av_one_full  avia-builder-el-first  \" style='border-radius:0px; '><div  class='avia-image-container  av-styling-    avia-builder-el-1  avia-builder-el-no-sibling  avia-align-center '  itemprop=\"image\" itemscope=\"itemscope\" itemtype=\"https:\/\/schema.org\/ImageObject\"  ><div class='avia-image-container-inner'><div class='avia-image-overlay-wrap'><img decoding=\"async\" class='wp-image-47099 avia-img-lazy-loading-not-47099 avia_image' src=\"https:\/\/radiorevelacionfm.cl\/wp-content\/uploads\/2024\/10\/armada-1-1-1.jpg\" alt='' title='armada 1 (1) (1)' height=\"600\" width=\"1067\"  itemprop=\"thumbnailUrl\" srcset=\"https:\/\/radiorevelacionfm.cl\/wp-content\/uploads\/2024\/10\/armada-1-1-1.jpg 1067w, https:\/\/radiorevelacionfm.cl\/wp-content\/uploads\/2024\/10\/armada-1-1-1-300x169.jpg 300w, https:\/\/radiorevelacionfm.cl\/wp-content\/uploads\/2024\/10\/armada-1-1-1-1030x579.jpg 1030w, https:\/\/radiorevelacionfm.cl\/wp-content\/uploads\/2024\/10\/armada-1-1-1-768x432.jpg 768w, https:\/\/radiorevelacionfm.cl\/wp-content\/uploads\/2024\/10\/armada-1-1-1-705x396.jpg 705w, https:\/\/radiorevelacionfm.cl\/wp-content\/uploads\/2024\/10\/armada-1-1-1-450x253.jpg 450w, https:\/\/radiorevelacionfm.cl\/wp-content\/uploads\/2024\/10\/armada-1-1-1-600x337.jpg 600w\" sizes=\"(max-width: 1067px) 100vw, 1067px\" \/><\/div><\/div><\/div><\/div><div class=\"flex_column av_one_full  flex_column_div av-zero-column-padding first  avia-builder-el-2  el_after_av_one_full  el_before_av_one_full  column-top-margin\" style='border-radius:0px; '><section class=\"av_textblock_section \"  itemscope=\"itemscope\" itemtype=\"https:\/\/schema.org\/BlogPosting\" itemprop=\"blogPost\" ><div class='avia_textblock  '   itemprop=\"text\" ><p style=\"text-align: center;\"><strong><span style=\"font-size: 18pt;\">Armada presenta catastro y plan de navegabilidad de los R\u00edos en Ays\u00e9n<\/span><\/strong><\/p>\n<div id=\"gtx-trans\" style=\"position: absolute; left: -50px; top: 4.31534px;\">\n<div class=\"gtx-trans-icon\"><\/div>\n<\/div>\n<\/div><\/section><\/div><div class=\"flex_column av_one_full  flex_column_div av-zero-column-padding first  avia-builder-el-4  el_after_av_one_full  el_before_av_hr  column-top-margin\" style='border-radius:0px; '><section class=\"av_textblock_section \"  itemscope=\"itemscope\" itemtype=\"https:\/\/schema.org\/BlogPosting\" itemprop=\"blogPost\" ><div class='avia_textblock  '   itemprop=\"text\" ><p style=\"text-align: justify;\"><em>Durante la jornada de exposici\u00f3n en la Delegaci\u00f3n Presidencial Provincial de Ays\u00e9n, armada cuenta sobre catastro para normalizar las operaciones y generar la navegabilidad de los R\u00edos los Palos, Rio Ays\u00e9n y Aguas Muertas.<\/em><\/p>\n<p style=\"text-align: justify;\">Autoridades de la regi\u00f3n, como Delegado Presidencial Provincial de Ays\u00e9n, Seremi de Transporte y Telecomunicaciones, Seremi de Salud, DGA, Subpesca entre otros, asistieron a la reuni\u00f3n para exponer catastro realizado por la Armada en dependencias de la Delegaci\u00f3n Presidencial Provincial de Ays\u00e9n.<\/p>\n<p style=\"text-align: justify;\">Se expusieron diversos temas relacionados con la relevancia de dar operatividad a los r\u00edos de Ays\u00e9n.<\/p>\n<p style=\"text-align: justify;\">El Gobernador Mar\u00edtimo de Ays\u00e9n, Mario Besoain Fuentes, se\u00f1al\u00f3 que,\u201d esta es una gran instancia, tuvimos tiempos atr\u00e1s una conversaci\u00f3n con el Delegado Presidencial, respecto de una preocupaci\u00f3n sobre llevar a cabo el ordenamiento de nuestros r\u00edos en Ays\u00e9n, hoy nos reunimos con Seremis y Servicios p\u00fablicos donde les presentamos un catastro de estos espacios, y\u00a0 la preocupaci\u00f3n de la Armada de Chile con la finalidad de que en un futuro, nuevos proyectos puedan darle vida activa a nuestros r\u00edos y contribuir al crecimiento de la provincia y la regi\u00f3n. La operativizaci\u00f3n es posible, pero generara un largo trabajo, queremos recuperar estos cuerpos de agua con la finalidad de hacerlo sostenible, que sea amigable con el medio ambiente y con el entorno y recuperar espacios que pueden ser mejor utilizados y as\u00ed que esta recuperaci\u00f3n pueda ser disfrutada por todos los vecinos y vecinas de Ays\u00e9n\u201d.<\/p>\n<p style=\"text-align: justify;\">Por otro lado el Seremi de Transporte y Telecomunicaciones, Hans Zimmermann, cont\u00f3 que, \u201cacabamos de tener un encuentro muy relevante en lo que tiene que ver con la planificaci\u00f3n del uso de los distintos sitios portuarios o varaderos que cuenta la cuenca de los r\u00edos de Ays\u00e9n. Esta instancia con la Unidad Mar\u00edtima, la delegaci\u00f3n Presidencial, Sernapesca, Direcci\u00f3n de Obras Portuarias y a nosotros como Ministerio de Transporte nos permite poder proyectar y resguardar el uso correcto de estos sitios para la operaci\u00f3n de los servicios de conectividad. En lo que nos corresponde como ministerio nosotros debemos velar que los servicios subsidiados puedan operar de la mejor forma posible de acuerdo a los contratos establecidos aportando la conectividad con zonas aisladas, la zona m\u00e1s aislada es zona de Quitralco, Bah\u00eda Erasmo y Bah\u00eda Exploradores\u201d.<\/p>\n<p style=\"text-align: justify;\">Finalmente, el Delegado Presidencial Provincial de Ays\u00e9n, Jorge D\u00edaz Guzm\u00e1n, afirm\u00f3 que, \u201cpara nosotros como delegaci\u00f3n provincial de Ays\u00e9n, esta reuni\u00f3n fue muy fruct\u00edfera pues logramos instalar una mesa que se preocupe de todo el sector borde r\u00edo de la comuna de Ays\u00e9n; y de todos los operadores de la acu\u00edcola, de transporte y pescadores artesanales, del rio Ays\u00e9n, Rio Los palos y Aguas Muertas. Lo que vamos a generar es un instrumento de\u00a0 planificaci\u00f3n, una instancia de regularizaci\u00f3n vamos a instalar una mesa de trabajo que tiene como objetivo final la navegabilidad del Rio Ays\u00e9n y por otra la normalizaci\u00f3n de todas las operaciones que se realizan en la cuenca Ays\u00e9n, del Rio los Palos y del Sector aguas Muertas\u201d.<\/p>\n<\/div><\/section><\/div><div  style='height:50px' class='hr hr-invisible   avia-builder-el-6  el_after_av_one_full  el_before_av_social_share '><span class='hr-inner ' ><span class='hr-inner-style'><\/span><\/span><\/div><\/p>\n<div  class='av-social-sharing-box  avia-builder-el-7  el_after_av_hr  el_before_av_hr  '><div class='av-share-box'><h5 class='av-share-link-description av-no-toc '>Compartir esta noticia<\/h5><ul class='av-share-box-list noLightbox'><li class='av-share-link av-social-link-facebook' ><a target=\"_blank\" aria-label=\"Compartir en Facebook\" href='https:\/\/www.facebook.com\/sharer.php?u=https:\/\/radiorevelacionfm.cl\/?p=47098&#038;t=Armada%20presenta%20catastro%20y%20plan%20de%20navegabilidad%20de%20los%20R%C3%ADos%20en%20Ays%C3%A9n' aria-hidden='false' data-av_icon='\ue8f3' data-av_iconfont='entypo-fontello' title='' data-avia-related-tooltip='Compartir en Facebook' rel=\"noopener\"><span class='avia_hidden_link_text'>Compartir en Facebook<\/span><\/a><\/li><li class='av-share-link av-social-link-twitter' ><a target=\"_blank\" aria-label=\"Compartir en Twitter\" href='https:\/\/twitter.com\/share?text=Armada%20presenta%20catastro%20y%20plan%20de%20navegabilidad%20de%20los%20R%C3%ADos%20en%20Ays%C3%A9n&#038;url=https:\/\/radiorevelacionfm.cl\/?p=47098' aria-hidden='false' data-av_icon='\ue8f1' data-av_iconfont='entypo-fontello' title='' data-avia-related-tooltip='Compartir en Twitter' rel=\"noopener\"><span class='avia_hidden_link_text'>Compartir en Twitter<\/span><\/a><\/li><li class='av-share-link av-social-link-whatsapp' ><a target=\"_blank\" aria-label=\"Compartir en Whatsapp\" href='https:\/\/api.whatsapp.com\/send?text=https:\/\/radiorevelacionfm.cl\/?p=47098' aria-hidden='false' data-av_icon='\uf232' data-av_iconfont='entypo-fontello' title='' data-avia-related-tooltip='Compartir en Whatsapp' rel=\"noopener\"><span class='avia_hidden_link_text'>Compartir en Whatsapp<\/span><\/a><\/li><li class='av-share-link av-social-link-linkedin' ><a target=\"_blank\" aria-label=\"Compartir en LinkedIn\" href='https:\/\/linkedin.com\/shareArticle?mini=true&#038;title=Armada%20presenta%20catastro%20y%20plan%20de%20navegabilidad%20de%20los%20R%C3%ADos%20en%20Ays%C3%A9n&#038;url=https:\/\/radiorevelacionfm.cl\/?p=47098' aria-hidden='false' data-av_icon='\ue8fc' data-av_iconfont='entypo-fontello' title='' data-avia-related-tooltip='Compartir en LinkedIn' rel=\"noopener\"><span class='avia_hidden_link_text'>Compartir en LinkedIn<\/span><\/a><\/li><li class='av-share-link av-social-link-mail' ><a  aria-label=\"Compartir por correo\" href='mailto:?subject=Armada%20presenta%20catastro%20y%20plan%20de%20navegabilidad%20de%20los%20R%C3%ADos%20en%20Ays%C3%A9n&#038;body=https:\/\/radiorevelacionfm.cl\/?p=47098' aria-hidden='false' data-av_icon='\ue805' data-av_iconfont='entypo-fontello' title='' data-avia-related-tooltip='Compartir por correo'><span class='avia_hidden_link_text'>Compartir por correo<\/span><\/a><\/li><\/ul><\/div><\/div>\n<div  style='height:50px' class='hr hr-invisible   avia-builder-el-8  el_after_av_social_share  el_before_av_comments_list '><span class='hr-inner ' ><span class='hr-inner-style'><\/span><\/span><\/div>\n<div  class='av-buildercomment  av-blog-meta-html-info-disabled av-blog-meta-tag-disabled  '><\/div>\n","protected":false},"excerpt":{"rendered":"","protected":false},"author":1,"featured_media":47099,"comment_status":"open","ping_status":"open","sticky":false,"template":"","format":"standard","meta":{"footnotes":""},"categories":[38],"tags":[],"class_list":["post-47098","post","type-post","status-publish","format-standard","has-post-thumbnail","hentry","category-regional"],"jetpack_featured_media_url":"https:\/\/radiorevelacionfm.cl\/wp-content\/uploads\/2024\/10\/armada-1-1-1.jpg","_links":{"self":[{"href":"https:\/\/radiorevelacionfm.cl\/index.php?rest_route=\/wp\/v2\/posts\/47098","targetHints":{"allow":["GET"]}}],"collection":[{"href":"https:\/\/radiorevelacionfm.cl\/index.php?rest_route=\/wp\/v2\/posts"}],"about":[{"href":"https:\/\/radiorevelacionfm.cl\/index.php?rest_route=\/wp\/v2\/types\/post"}],"author":[{"embeddable":true,"href":"https:\/\/radiorevelacionfm.cl\/index.php?rest_route=\/wp\/v2\/users\/1"}],"replies":[{"embeddable":true,"href":"https:\/\/radiorevelacionfm.cl\/index.php?rest_route=%2Fwp%2Fv2%2Fcomments&post=47098"}],"version-history":[{"count":1,"href":"https:\/\/radiorevelacionfm.cl\/index.php?rest_route=\/wp\/v2\/posts\/47098\/revisions"}],"predecessor-version":[{"id":47100,"href":"https:\/\/radiorevelacionfm.cl\/index.php?rest_route=\/wp\/v2\/posts\/47098\/revisions\/47100"}],"wp:featuredmedia":[{"embeddable":true,"href":"https:\/\/radiorevelacionfm.cl\/index.php?rest_route=\/wp\/v2\/media\/47099"}],"wp:attachment":[{"href":"https:\/\/radiorevelacionfm.cl\/index.php?rest_route=%2Fwp%2Fv2%2Fmedia&parent=47098"}],"wp:term":[{"taxonomy":"category","embeddable":true,"href":"https:\/\/radiorevelacionfm.cl\/index.php?rest_route=%2Fwp%2Fv2%2Fcategories&post=47098"},{"taxonomy":"post_tag","embeddable":true,"href":"https:\/\/radiorevelacionfm.cl\/index.php?rest_route=%2Fwp%2Fv2%2Ftags&post=47098"}],"curies":[{"name":"wp","href":"https:\/\/api.w.org\/{rel}","templated":true}]}}