{"id":47096,"date":"2024-10-14T20:34:14","date_gmt":"2024-10-14T23:34:14","guid":{"rendered":"https:\/\/radiorevelacionfm.cl\/?p=47096"},"modified":"2024-10-14T20:34:14","modified_gmt":"2024-10-14T23:34:14","slug":"alcalde-de-cisnes-enfrenta-demanda-por-maltrato-y-abuso-laboral","status":"publish","type":"post","link":"https:\/\/radiorevelacionfm.cl\/?p=47096","title":{"rendered":"Alcalde de Cisnes enfrenta demanda por maltrato y abuso laboral"},"content":{"rendered":"<div class=\"flex_column av_one_full  flex_column_div av-zero-column-padding first  avia-builder-el-0  el_before_av_one_full  avia-builder-el-first  \" style='border-radius:0px; '><div  class='avia-image-container  av-styling-    avia-builder-el-1  avia-builder-el-no-sibling  avia-align-center '  itemprop=\"image\" itemscope=\"itemscope\" itemtype=\"https:\/\/schema.org\/ImageObject\"  ><div class='avia-image-container-inner'><div class='avia-image-overlay-wrap'><img decoding=\"async\" class='wp-image-41349 avia-img-lazy-loading-not-41349 avia_image' src=\"https:\/\/radiorevelacionfm.cl\/wp-content\/uploads\/2024\/04\/alcalde-cisnes-slep-1_optimized.jpg\" alt='' title='alcalde-cisnes-slep-(1)_optimized' height=\"600\" width=\"1034\"  itemprop=\"thumbnailUrl\" srcset=\"https:\/\/radiorevelacionfm.cl\/wp-content\/uploads\/2024\/04\/alcalde-cisnes-slep-1_optimized.jpg 1034w, https:\/\/radiorevelacionfm.cl\/wp-content\/uploads\/2024\/04\/alcalde-cisnes-slep-1_optimized-300x174.jpg 300w, https:\/\/radiorevelacionfm.cl\/wp-content\/uploads\/2024\/04\/alcalde-cisnes-slep-1_optimized-1030x598.jpg 1030w, https:\/\/radiorevelacionfm.cl\/wp-content\/uploads\/2024\/04\/alcalde-cisnes-slep-1_optimized-768x446.jpg 768w, https:\/\/radiorevelacionfm.cl\/wp-content\/uploads\/2024\/04\/alcalde-cisnes-slep-1_optimized-705x409.jpg 705w, https:\/\/radiorevelacionfm.cl\/wp-content\/uploads\/2024\/04\/alcalde-cisnes-slep-1_optimized-450x261.jpg 450w, https:\/\/radiorevelacionfm.cl\/wp-content\/uploads\/2024\/04\/alcalde-cisnes-slep-1_optimized-600x348.jpg 600w\" sizes=\"(max-width: 1034px) 100vw, 1034px\" \/><\/div><\/div><\/div><\/div><div class=\"flex_column av_one_full  flex_column_div av-zero-column-padding first  avia-builder-el-2  el_after_av_one_full  el_before_av_one_full  column-top-margin\" style='border-radius:0px; '><section class=\"av_textblock_section \"  itemscope=\"itemscope\" itemtype=\"https:\/\/schema.org\/BlogPosting\" itemprop=\"blogPost\" ><div class='avia_textblock  '   itemprop=\"text\" ><p style=\"text-align: center;\"><strong><span style=\"font-size: 18pt;\">Alcalde de Cisnes enfrenta demanda por maltrato y abuso laboral<\/span><\/strong><\/p>\n<div id=\"gtx-trans\" style=\"position: absolute; left: -50px; top: 4.31534px;\">\n<div class=\"gtx-trans-icon\"><\/div>\n<\/div>\n<\/div><\/section><\/div><div class=\"flex_column av_one_full  flex_column_div av-zero-column-padding first  avia-builder-el-4  el_after_av_one_full  el_before_av_hr  column-top-margin\" style='border-radius:0px; '><section class=\"av_textblock_section \"  itemscope=\"itemscope\" itemtype=\"https:\/\/schema.org\/BlogPosting\" itemprop=\"blogPost\" ><div class='avia_textblock  '   itemprop=\"text\" ><p style=\"text-align: justify;\"><em>La tranquilidad de los parajes naturales de la comuna litoral no se condice con lo que pasa al interior del gobierno local, porque &#8216;el trato cordial&#8217; entre el alcalde y el Jefe de Control se quebr\u00f3.<\/em><\/p>\n<p style=\"text-align: justify;\">El director de Control de la Municipalidad de Cisnes -Camilo Foitzick Mu\u00f1oz-, ya no toler\u00f3 m\u00e1s los abusos y acusaciones directas de &#8216;querer boicotear la gesti\u00f3n&#8217;, provenientes de jefe Comunal Francisco Roncagliolo, lo que oblig\u00f3 al funcionario a llevar su caso a la Justicia para la protecci\u00f3n de sus derechos.<\/p>\n<p style=\"text-align: justify;\">Luis Camilo Foitzick vivi\u00f3 su infancia en Puerto Cisnes, lugar al que retorn\u00f3 en el a\u00f1o 2008 luego de estudiar Derecho, siempre con la convicci\u00f3n de ser un aporte en su tierra natal. Con ese arraigo desarroll\u00f3 su pr\u00e1ctica profesional en la Corporaci\u00f3n de Asistencia Judicial de la capital comunal, la que luego dirigi\u00f3 por dos a\u00f1os, trabaj\u00f3 en la OPD y en el Poder Judicial -supliendo en el Juzgado de Polic\u00eda Local e incluso como funcionario-, adem\u00e1s de ejercer libremente la profesi\u00f3n.<\/p>\n<p style=\"text-align: justify;\">As\u00ed, en el a\u00f1o 2015, se cre\u00f3 el cargo de jefe de Control en el municipio, al que Camilo Foitzick postul\u00f3 y obtuvo la vacante, desempe\u00f1ando esta funci\u00f3n desde ese momento a la fecha \u00bfCu\u00e1les son sus tareas? Principalmente controlar la legalidad en el cumplimiento de los objetivos, planes y programas del municipio, fiscalizar el gasto municipal y velar porque las autoridades municipales cumplan el marco legal.<\/p>\n<p style=\"text-align: justify;\">\u00ab\u00bfTe comprometes conmigo y esta administraci\u00f3n?\u00bb. As\u00ed de directa fue la pregunta que al inicio de su gesti\u00f3n Francisco Roncagliolo hizo a su equipo directivo, a puertas cerradas y en donde tambi\u00e9n estaba, el que fue posteriormente su director de Administraci\u00f3n y Finanzas, \u00d3scar Catal\u00e1n Suazo.<\/p>\n<p style=\"text-align: justify;\">Foitzick relata que en esa oportunidad y \u00abcuriosamente, en una mesa redonda, Roncagliolo uno a uno fue preguntando a los directivos si se compromet\u00edan personalmente con su administraci\u00f3n, a lo que todos respond\u00edan \u00a1S\u00ed! Yo, que ve\u00eda esta escena y sent\u00eda la presi\u00f3n de lo que ocurr\u00eda, no acept\u00e9 el planteamiento del alcalde y le respond\u00ed: &#8216;Asumo el compromiso de desarrollar bien mi trabajo para la municipalidad&#8217;, por lo que me mir\u00f3 y expres\u00f3 &#8216;\u00bfEso no es lo que te estoy preguntando? &#8216; y le contest\u00e9: Eso es lo que estoy respondiendo\u00bb.<\/p>\n<p style=\"text-align: justify;\">Ah\u00ed todo comenz\u00f3 a cambiar para este abogado de 40 a\u00f1os, titulado en la Universidad Cat\u00f3lica de Temuco, porque, desde entonces no faltaron las nuevas oportunidades en las cuales Roncagliolo le ha exigido &#8216;ajustar sus tareas de fiscalizaci\u00f3n para no entrometerse en asuntos que le puedan generar conflicto&#8217;.<\/p>\n<p style=\"text-align: justify;\">El Art\u00edculo N\u00b065 de la Ley de Municipalidades establece la obligaci\u00f3n &#8216;de contar con autorizaci\u00f3n del Concejo Municipal para realizar contrataciones iguales o superiores a 500 UTM (Unidad Tributaria Mensual), o que exceden el periodo alcaldicio&#8217;. De modo que todo lo que signifique una inversi\u00f3n o gasto de m\u00e1s 33 millones de pesos debe, previamente, aprobarse por el Concejo Municipal.<\/p>\n<p style=\"text-align: justify;\">\u00a0\u00bfCu\u00e1l fue aqu\u00ed el problema? Es que aquello la administraci\u00f3n de Francisco Roncagliolo no lo estaba haciendo \u00bfQu\u00e9 molest\u00f3 al alcalde? Que su jefe de Control alertara insistentemente por la necesidad de cumplir con esta obligaci\u00f3n y que, adem\u00e1s, lo dejara por escrito a trav\u00e9s de un memor\u00e1ndum interno.<\/p>\n<p style=\"text-align: justify;\">De lo anterior, resalta el jefe de Control de la Municipalidad de Cisnes, en el mes de abril de 2023, tuvo que paralizar una contrataci\u00f3n por arriendo de generadores para la localidad de Ra\u00fal Mar\u00edn Balmaceda, requiriendo la aprobaci\u00f3n previa del Concejo Municipal, por cuanto lod montos exced\u00edan las 500 UTM.<\/p>\n<p style=\"text-align: justify;\">Luego, en diciembre de 2023, le lleg\u00f3 al jefe de Control un borrador de una licitaci\u00f3n de trato directo respecto a cuatro contratos para la construcci\u00f3n de viviendas sociales, que oscilaban entre los 49 y los 102 millones de pesos, advirtiendo que la Direcci\u00f3n de Obras Municipales no estaba considerando obtener la autorizaci\u00f3n del Concejo Municipal para las contrataciones que exced\u00edan el monto legal.<\/p>\n<p style=\"text-align: justify;\">En atenci\u00f3n a ello, y no obstante que en los a\u00f1os anteriores ya lo hab\u00eda hecho, Luis Camilo Foitzick en enero de 2024 elabor\u00f3 el memor\u00e1ndum 37-2024, y lo envi\u00f3 por correo electr\u00f3nico tanto al alcalde Roncagliolo como a los dem\u00e1s miembros de la planta directiva municipal, record\u00e1ndoles la necesidad de dar cumplimiento a las normas que hab\u00eda se\u00f1alado en innumerables ocasiones, as\u00ed como de la necesidad de informar al Concejo Municipal de todas las contrataciones de bienes, servicios y de personal en su pr\u00f3xima sesi\u00f3n.<\/p>\n<p style=\"text-align: justify;\">Este criterio nuevamente fue seguido por el alcalde en la Sesi\u00f3n N\u00b094 del Concejo Municipal, del 22 de febrero del a\u00f1o en curso, quien explic\u00f3 a los concejales que sus autorizaciones eran necesarias por lo se\u00f1alado por el jefe de Control.<\/p>\n<p style=\"text-align: justify;\">Ocurri\u00f3, sin embargo, que el d\u00eda 26 abril de este a\u00f1o, el director de Control se vio en la necesidad de reiterar lo se\u00f1alado en enero, ahora en el memor\u00e1ndum 148-2024, esto por los planteamientos que se hicieron en la Sesi\u00f3n de Concejo el d\u00eda anterior. &#8216;Pero en esta oportunidad el alcalde, con fecha 29 de abril, cuestion\u00f3 los contenidos de ese memor\u00e1ndum, lo que no hizo en el mes de enero, pese que sus contenidos resultan ser id\u00e9nticos&#8217;.<\/p>\n<p style=\"text-align: justify;\"><strong>Todo tiene un l\u00edmite<\/strong><\/p>\n<p style=\"text-align: justify;\">No obstante, este cuestionamiento no qued\u00f3 ah\u00ed, sino que en fecha 24 de mayo Roncagliolo cit\u00f3 a una reuni\u00f3n a los funcionarios directivos del Municipio, entre los que se encontraba el jefe de Control, oportunidad en la cual se desarroll\u00f3 un cuestionamiento unilateral por el alcalde a Foitzick Mu\u00f1oz, en que le reproch\u00f3 lo siguiente: \u00abDejaste la cag\u00e1 con tu memor\u00e1ndum, por lo que tuve que hacer control de da\u00f1os, as\u00ed que inici\u00e9 un sumario interno\u00bb.<\/p>\n<p style=\"text-align: justify;\">Exigi\u00e9ndole tambi\u00e9n que no trabara su gesti\u00f3n en t\u00e9rminos que \u00abt\u00fa sabes c\u00f3mo es en otras municipalidades, los directores de control los dejan solos. Yo podr\u00eda dejarte sin personal, por lo que, si quieres cuidar a tu gente, ya sabes lo que tienes que hacer (SIC)\u00bb, e indicando a todos los asistentes que \u00absi no se alinean con esta administraci\u00f3n les invito a renunciar\u00bb. Declaraciones que constan en la Tutela Laboral presentada por Luis Camilo Foitzick ante la Justicia.<\/p>\n<p style=\"text-align: justify;\">Curiosamente, esta reuni\u00f3n tuvo lugar el mismo d\u00eda que la Contralor\u00eda Regional de Ays\u00e9n resolviera que la Municipalidad de Cisnes hab\u00eda incurrido en incumplimientos graves y reiterados en el tiempo respecto a la falta de autorizaciones que debieron requerirse al Concejo y que, por ello, dicha entidad continuar\u00eda con la investigaci\u00f3n de los hechos.<\/p>\n<p style=\"text-align: justify;\">Este \u00faltimo episodio llev\u00f3 a Luis Camilo Foitzick a poner fin a lo que determin\u00f3 como \u00abun trato indigno al interior de la Municipalidad de Cisnes, por conductas que no son propias de lo que se espera de la m\u00e1s alta autoridad comunal, donde el patr\u00f3n de la relaci\u00f3n con los funcionarios debe ser siempre en un ambiente de respeto por la dignidad de todos y cada uno de sus miembros\u00bb, cuyos hechos actualmente est\u00e1n en conocimiento y tramitaci\u00f3n en el Juzgado del Trabajo, seg\u00fan consigna el medio regional Diario Divisadero.<\/p>\n<\/div><\/section><\/div><div  style='height:50px' class='hr hr-invisible   avia-builder-el-6  el_after_av_one_full  el_before_av_social_share '><span class='hr-inner ' ><span class='hr-inner-style'><\/span><\/span><\/div><\/p>\n<div  class='av-social-sharing-box  avia-builder-el-7  el_after_av_hr  el_before_av_hr  '><div class='av-share-box'><h5 class='av-share-link-description av-no-toc '>Compartir esta noticia<\/h5><ul class='av-share-box-list noLightbox'><li class='av-share-link av-social-link-facebook' ><a target=\"_blank\" aria-label=\"Compartir en Facebook\" href='https:\/\/www.facebook.com\/sharer.php?u=https:\/\/radiorevelacionfm.cl\/?p=47096&#038;t=Alcalde%20de%20Cisnes%20enfrenta%20demanda%20por%20maltrato%20y%20abuso%20laboral' aria-hidden='false' data-av_icon='\ue8f3' data-av_iconfont='entypo-fontello' title='' data-avia-related-tooltip='Compartir en Facebook' rel=\"noopener\"><span class='avia_hidden_link_text'>Compartir en Facebook<\/span><\/a><\/li><li class='av-share-link av-social-link-twitter' ><a target=\"_blank\" aria-label=\"Compartir en Twitter\" href='https:\/\/twitter.com\/share?text=Alcalde%20de%20Cisnes%20enfrenta%20demanda%20por%20maltrato%20y%20abuso%20laboral&#038;url=https:\/\/radiorevelacionfm.cl\/?p=47096' aria-hidden='false' data-av_icon='\ue8f1' data-av_iconfont='entypo-fontello' title='' data-avia-related-tooltip='Compartir en Twitter' rel=\"noopener\"><span class='avia_hidden_link_text'>Compartir en Twitter<\/span><\/a><\/li><li class='av-share-link av-social-link-whatsapp' ><a target=\"_blank\" aria-label=\"Compartir en Whatsapp\" href='https:\/\/api.whatsapp.com\/send?text=https:\/\/radiorevelacionfm.cl\/?p=47096' aria-hidden='false' data-av_icon='\uf232' data-av_iconfont='entypo-fontello' title='' data-avia-related-tooltip='Compartir en Whatsapp' rel=\"noopener\"><span class='avia_hidden_link_text'>Compartir en Whatsapp<\/span><\/a><\/li><li class='av-share-link av-social-link-linkedin' ><a target=\"_blank\" aria-label=\"Compartir en LinkedIn\" href='https:\/\/linkedin.com\/shareArticle?mini=true&#038;title=Alcalde%20de%20Cisnes%20enfrenta%20demanda%20por%20maltrato%20y%20abuso%20laboral&#038;url=https:\/\/radiorevelacionfm.cl\/?p=47096' aria-hidden='false' data-av_icon='\ue8fc' data-av_iconfont='entypo-fontello' title='' data-avia-related-tooltip='Compartir en LinkedIn' rel=\"noopener\"><span class='avia_hidden_link_text'>Compartir en LinkedIn<\/span><\/a><\/li><li class='av-share-link av-social-link-mail' ><a  aria-label=\"Compartir por correo\" href='mailto:?subject=Alcalde%20de%20Cisnes%20enfrenta%20demanda%20por%20maltrato%20y%20abuso%20laboral&#038;body=https:\/\/radiorevelacionfm.cl\/?p=47096' aria-hidden='false' data-av_icon='\ue805' data-av_iconfont='entypo-fontello' title='' data-avia-related-tooltip='Compartir por correo'><span class='avia_hidden_link_text'>Compartir por correo<\/span><\/a><\/li><\/ul><\/div><\/div>\n<div  style='height:50px' class='hr hr-invisible   avia-builder-el-8  el_after_av_social_share  el_before_av_comments_list '><span class='hr-inner ' ><span class='hr-inner-style'><\/span><\/span><\/div>\n<div  class='av-buildercomment  av-blog-meta-html-info-disabled av-blog-meta-tag-disabled  '><\/div>\n","protected":false},"excerpt":{"rendered":"","protected":false},"author":1,"featured_media":41349,"comment_status":"open","ping_status":"open","sticky":false,"template":"","format":"standard","meta":{"footnotes":""},"categories":[38],"tags":[],"class_list":["post-47096","post","type-post","status-publish","format-standard","has-post-thumbnail","hentry","category-regional"],"jetpack_featured_media_url":"https:\/\/radiorevelacionfm.cl\/wp-content\/uploads\/2024\/04\/alcalde-cisnes-slep-1_optimized.jpg","_links":{"self":[{"href":"https:\/\/radiorevelacionfm.cl\/index.php?rest_route=\/wp\/v2\/posts\/47096","targetHints":{"allow":["GET"]}}],"collection":[{"href":"https:\/\/radiorevelacionfm.cl\/index.php?rest_route=\/wp\/v2\/posts"}],"about":[{"href":"https:\/\/radiorevelacionfm.cl\/index.php?rest_route=\/wp\/v2\/types\/post"}],"author":[{"embeddable":true,"href":"https:\/\/radiorevelacionfm.cl\/index.php?rest_route=\/wp\/v2\/users\/1"}],"replies":[{"embeddable":true,"href":"https:\/\/radiorevelacionfm.cl\/index.php?rest_route=%2Fwp%2Fv2%2Fcomments&post=47096"}],"version-history":[{"count":1,"href":"https:\/\/radiorevelacionfm.cl\/index.php?rest_route=\/wp\/v2\/posts\/47096\/revisions"}],"predecessor-version":[{"id":47097,"href":"https:\/\/radiorevelacionfm.cl\/index.php?rest_route=\/wp\/v2\/posts\/47096\/revisions\/47097"}],"wp:featuredmedia":[{"embeddable":true,"href":"https:\/\/radiorevelacionfm.cl\/index.php?rest_route=\/wp\/v2\/media\/41349"}],"wp:attachment":[{"href":"https:\/\/radiorevelacionfm.cl\/index.php?rest_route=%2Fwp%2Fv2%2Fmedia&parent=47096"}],"wp:term":[{"taxonomy":"category","embeddable":true,"href":"https:\/\/radiorevelacionfm.cl\/index.php?rest_route=%2Fwp%2Fv2%2Fcategories&post=47096"},{"taxonomy":"post_tag","embeddable":true,"href":"https:\/\/radiorevelacionfm.cl\/index.php?rest_route=%2Fwp%2Fv2%2Ftags&post=47096"}],"curies":[{"name":"wp","href":"https:\/\/api.w.org\/{rel}","templated":true}]}}