{"id":47093,"date":"2024-10-15T10:52:04","date_gmt":"2024-10-15T13:52:04","guid":{"rendered":"https:\/\/radiorevelacionfm.cl\/?p=47093"},"modified":"2024-10-15T10:52:04","modified_gmt":"2024-10-15T13:52:04","slug":"carabineros-aysen-y-universidad-finis-terrae-coordinan-trabajo-colaborativo-para-desarrollar-misiones-medicas-en-apoyo-a-la-comunidad","status":"publish","type":"post","link":"https:\/\/radiorevelacionfm.cl\/?p=47093","title":{"rendered":"Carabineros Ays\u00e9n y Universidad Finis Terrae coordinan trabajo colaborativo para desarrollar misiones m\u00e9dicas en apoyo a la comunidad"},"content":{"rendered":"<div class=\"flex_column av_one_full  flex_column_div av-zero-column-padding first  avia-builder-el-0  el_before_av_one_full  avia-builder-el-first  \" style='border-radius:0px; '><div  class='avia-image-container  av-styling-    avia-builder-el-1  avia-builder-el-no-sibling  avia-align-center '  itemprop=\"image\" itemscope=\"itemscope\" itemtype=\"https:\/\/schema.org\/ImageObject\"  ><div class='avia-image-container-inner'><div class='avia-image-overlay-wrap'><img decoding=\"async\" class='wp-image-47094 avia-img-lazy-loading-not-47094 avia_image' src=\"https:\/\/radiorevelacionfm.cl\/wp-content\/uploads\/2024\/10\/1d7be3bf-26db-4188-9957-062b907894d6-1_optimized.jpg\" alt='' title='1d7be3bf-26db-4188-9957-062b907894d6-(1)_optimized' height=\"600\" width=\"800\"  itemprop=\"thumbnailUrl\" srcset=\"https:\/\/radiorevelacionfm.cl\/wp-content\/uploads\/2024\/10\/1d7be3bf-26db-4188-9957-062b907894d6-1_optimized.jpg 800w, https:\/\/radiorevelacionfm.cl\/wp-content\/uploads\/2024\/10\/1d7be3bf-26db-4188-9957-062b907894d6-1_optimized-300x225.jpg 300w, https:\/\/radiorevelacionfm.cl\/wp-content\/uploads\/2024\/10\/1d7be3bf-26db-4188-9957-062b907894d6-1_optimized-768x576.jpg 768w, https:\/\/radiorevelacionfm.cl\/wp-content\/uploads\/2024\/10\/1d7be3bf-26db-4188-9957-062b907894d6-1_optimized-705x529.jpg 705w, https:\/\/radiorevelacionfm.cl\/wp-content\/uploads\/2024\/10\/1d7be3bf-26db-4188-9957-062b907894d6-1_optimized-450x338.jpg 450w, https:\/\/radiorevelacionfm.cl\/wp-content\/uploads\/2024\/10\/1d7be3bf-26db-4188-9957-062b907894d6-1_optimized-600x450.jpg 600w\" sizes=\"(max-width: 800px) 100vw, 800px\" \/><\/div><\/div><\/div><\/div><div class=\"flex_column av_one_full  flex_column_div av-zero-column-padding first  avia-builder-el-2  el_after_av_one_full  el_before_av_one_full  column-top-margin\" style='border-radius:0px; '><section class=\"av_textblock_section \"  itemscope=\"itemscope\" itemtype=\"https:\/\/schema.org\/BlogPosting\" itemprop=\"blogPost\" ><div class='avia_textblock  '   itemprop=\"text\" ><p style=\"text-align: center;\"><strong><span style=\"font-size: 18pt;\">Carabineros Ays\u00e9n y Universidad Finis Terrae coordinan trabajo colaborativo para desarrollar misiones m\u00e9dicas en apoyo a la comunidad<\/span><\/strong><\/p>\n<div id=\"gtx-trans\" style=\"position: absolute; left: -50px; top: 4.31534px;\">\n<div class=\"gtx-trans-icon\"><\/div>\n<\/div>\n<\/div><\/section><\/div><div class=\"flex_column av_one_full  flex_column_div av-zero-column-padding first  avia-builder-el-4  el_after_av_one_full  el_before_av_hr  column-top-margin\" style='border-radius:0px; '><section class=\"av_textblock_section \"  itemscope=\"itemscope\" itemtype=\"https:\/\/schema.org\/BlogPosting\" itemprop=\"blogPost\" ><div class='avia_textblock  '   itemprop=\"text\" ><p class=\"v1gmail-MsoListParagraphCxSpFirst\" style=\"text-align: justify;\"><em><span lang=\"ES-MX\">Se trata de un trabajo en diversas \u00e1reas de salud programado para el mes de enero del a\u00f1o 2025 en localidades de la comuna de Coyhaique.<\/span><\/em><\/p>\n<p class=\"v1gmail-MsoListParagraphCxSpLast\" style=\"text-align: justify;\"><span lang=\"ES-MX\">Tanto Carabineros como los profesionales que forma esta casa de estudios superiores, est\u00e1n al servicio de la comunidad y en estrecho v\u00ednculo con el medio.<\/span><\/p>\n<p class=\"v1MsoNormal\" style=\"text-align: justify;\"><span lang=\"ES-MX\">Carabineros de la Zona Ays\u00e9n junto la Universidad Finis Terrae generan acercamiento para el desarrollo de un trabajo colaborativo orientado a brindar prestaciones m\u00e9dicas permitiendo ir en directo apoyo de comunidades en sectores rurales apartados de la regi\u00f3n.<\/span><\/p>\n<p class=\"v1MsoNormal\" style=\"text-align: justify;\"><span lang=\"ES-MX\">Motivados por un prop\u00f3sito com\u00fan de solidaridad y de poder llegar a las comunidades m\u00e1s vulnerables y m\u00e1s alejadas del territorio y en particular del trabajo colaborativo dentro de la comuna de Coyhaique, ambas Instituciones afinan los detalles para poner en marcha esta iniciativa.<\/span><\/p>\n<p class=\"v1MsoNormal\" style=\"text-align: justify;\"><span lang=\"ES-MX\">El Jefe de Zona de Carabineros Ays\u00e9n, General Patricio Santos Poblete, indic\u00f3 que la Universidad firm\u00f3 un convenio con Coyhaique, en tanto que la Instituci\u00f3n de Orden y Seguridad suscribi\u00f3 en el mes de octubre del a\u00f1o 2023 un convenio colaborativo de prevenci\u00f3n a trav\u00e9s de las estrategias OS-14 de Carabineros con el Municipio, sumado a un convenio con la Seremi de Salud.<\/span><\/p>\n<p class=\"v1MsoNormal\" style=\"text-align: justify;\"><span lang=\"ES-MX\">\u00abLa oferta solidaria que trae la Universidad, va a ejecutar misiones m\u00e9dicas en los lugares m\u00e1s apartados de la comuna de Coyhaique. Nosotros tambi\u00e9n participamos en forma relevante con esos grupos sociales porque en estos lugares la presencia del Estado se hace a trav\u00e9s de Carabineros\u00bb, expres\u00f3.<\/span><\/p>\n<p class=\"v1MsoNormal\" style=\"text-align: justify;\"><b><span lang=\"ES-MX\">Unidos por un prop\u00f3sito<\/span><\/b><\/p>\n<p class=\"v1MsoNormal\" style=\"text-align: justify;\"><span lang=\"ES-MX\">El Oficial General a\u00f1adi\u00f3 que se ha proyectado la realizaci\u00f3n de operativos c\u00edvicos completos dentro de los cuales se incorpora la oferta de la Universidad Finis Terrae en torno al \u00e1rea de la salud.<\/span><\/p>\n<p class=\"v1MsoNormal\" style=\"text-align: justify;\"><span lang=\"ES-MX\">\u00abQu\u00e9 bonito ser\u00eda que en estos lugares estuvi\u00e9ramos todos, con la Banda Instrumental, con el Modelo de Integraci\u00f3n Carabineros Comunidad (MICC), con el Municipio, con las distintas seremias -en las ofertas que puedan brindar a trav\u00e9s de los servicios que ellos lideran y sumarse este grupo de profesionales j\u00f3venes, para que se conecten con las distintas realidades de nuestro pa\u00eds, especialmente en nuestra regi\u00f3n, afecta a la adversidad del clima, a la conectividad, a las tecnolog\u00edas, para encontrarse con este mundo donde existen chilenos capaces de hacer patria, hacer soberan\u00eda y en definitiva conectar con lo que se demanda del servicio p\u00fablico y con el prop\u00f3sito m\u00e1ximo del \u00e1rea de la salud\u00bb, detall\u00f3.\u00a0\u00a0\u00a0\u00a0\u00a0\u00a0 \u00a0\u00a0\u00a0\u00a0\u00a0<\/span><\/p>\n<p class=\"v1MsoNormal\" style=\"text-align: justify;\"><span lang=\"ES-MX\">El General Santos a\u00f1adi\u00f3 que tal iniciativa que une a ambas entidades, \u00abconverge en un prop\u00f3sito com\u00fan, cu\u00e1l es, mejorar el bienestar y las condiciones para el desarrollo humano de las personas que habitan esta hermosa regi\u00f3n\u00bb.<\/span><\/p>\n<p class=\"v1MsoNormal\" style=\"text-align: justify;\"><b><span lang=\"ES-MX\">Misiones m\u00e9dicas<\/span><\/b><\/p>\n<p class=\"v1MsoNormal\" style=\"text-align: justify;\"><span lang=\"ES-MX\">La Directora de Pastoral de la Universidad Finis Terrae, Ang\u00e9lica Herrera P\u00e9rez, indic\u00f3 que a trav\u00e9s del trabajo mancomunado con Carabineros se busca generar comunidad y resignificar aspectos de la salud a trav\u00e9s de una atenci\u00f3n \u00edntegra y de calidad.<\/span><\/p>\n<p class=\"v1MsoNormal\" style=\"text-align: justify;\"><span lang=\"ES-MX\">\u00abEstamos generando este trabajo colaborativo porque Carabineros de Chile siempre est\u00e1 al servicio de la comunidad y estamos trabajando con ellos porque nos est\u00e1n apoyando en aspectos log\u00edsticos y de alcance para poder llegar mejor a la comunidad. Buscamos con esto poder realizar atenciones a domicilio, por ejemplo, a personas postradas o que tengan dificultad para acceder a los servicios de salud y -en distintos espacios- vamos a hacer talleres de promoci\u00f3n, prevenci\u00f3n y educaci\u00f3n en aspectos de salud\u00bb, indic\u00f3.<\/span><\/p>\n<p class=\"v1MsoNormal\" style=\"text-align: justify;\"><span lang=\"ES-MX\">La realizaci\u00f3n de esta iniciativa est\u00e1 prevista para el mes de enero del a\u00f1o 2025 y contempla el arribo tanto de profesionales como de estudiantes del \u00e1rea de la salud, con la finalidad de abordar de manera integral a las personas.<\/span><\/p>\n<p class=\"v1MsoNormal\" style=\"text-align: justify;\"><span lang=\"ES-MX\">Ang\u00e9lica Herrera indic\u00f3 que entre las prestaciones m\u00e9dicas destacan kinesiolog\u00eda, medicina, odontolog\u00eda, enfermer\u00eda, nutrici\u00f3n y psicolog\u00eda, las cuales ser\u00e1n llevadas a las localidades de Balmaceda, Valle Simpson, Villa Ortega, \u00d1irehuao y Coyhaique urbano.<\/span><\/p>\n<p class=\"v1MsoNormal\" style=\"text-align: justify;\"><span lang=\"ES-MX\">\u00abM\u00e1s que un operativo m\u00e9dico, buscamos que sean misiones m\u00e9dicas, que podamos tener un encuentro con las personas, generar comunidad, resignificar aspectos de la salud y poder brindar una atenci\u00f3n de calidad y, sobre todo, \u00edntegra. Como instituci\u00f3n buscamos no s\u00f3lo formar buenos profesionales, sino buenas personas, que est\u00e9n al servicio de la comunidad, que tengan una vinculaci\u00f3n con el medio\u00bb, se\u00f1al\u00f3 la Directora de Pastoral de la Universidad Finis Terrae.<\/span><\/p>\n<p class=\"v1MsoNormal\" style=\"text-align: justify;\"><b><span lang=\"ES-MX\">5 al 15 de enero<\/span><\/b><\/p>\n<p class=\"v1MsoNormal\" style=\"text-align: justify;\"><span lang=\"ES-MX\">Para Ang\u00e9lica Herrera, Carabineros es una Instituci\u00f3n clave en este trabajo colaborativo, respecto al despliegue, conocimiento del territorio y estrecho v\u00ednculo con la comunidad.<\/span><\/p>\n<p class=\"v1MsoNormal\" style=\"text-align: justify;\"><span lang=\"ES-MX\">El desarrollo de esta misi\u00f3n m\u00e9dica est\u00e1 previsto entre el 5 al 15 de enero pr\u00f3ximo, cuya distribuci\u00f3n de atenciones ser\u00e1 organizada por sectores -sobre la base del trabajo que se encuentra desarrollando una avanzada que por estos d\u00edas se encuentra en la regi\u00f3n- lo cual ser\u00e1 definido conjuntamente con las facultades o \u00e1reas de la salud de esta casa de estudios superiores. \u00a0\u00a0\u00a0<\/span><\/p>\n<p class=\"v1MsoNormal\" style=\"text-align: justify;\"><span lang=\"ES-MX\">Se trata de prestaciones gratuitas que ser\u00e1n ofertadas en m\u00f3dulos de atenci\u00f3n que ser\u00e1n instalados en los diferentes sectores, sumado a atenciones domiciliarias dirigidas especialmente a personas que por condiciones de movilidad no puedan concurrir a estos espacios.\u00a0<\/span><\/p>\n<\/div><\/section><\/div><div  style='height:50px' class='hr hr-invisible   avia-builder-el-6  el_after_av_one_full  el_before_av_social_share '><span class='hr-inner ' ><span class='hr-inner-style'><\/span><\/span><\/div><\/p>\n<div  class='av-social-sharing-box  avia-builder-el-7  el_after_av_hr  el_before_av_hr  '><div class='av-share-box'><h5 class='av-share-link-description av-no-toc '>Compartir esta noticia<\/h5><ul class='av-share-box-list noLightbox'><li class='av-share-link av-social-link-facebook' ><a target=\"_blank\" aria-label=\"Compartir en Facebook\" href='https:\/\/www.facebook.com\/sharer.php?u=https:\/\/radiorevelacionfm.cl\/?p=47093&#038;t=Carabineros%20Ays%C3%A9n%20y%20Universidad%20Finis%20Terrae%20coordinan%20trabajo%20colaborativo%20para%20desarrollar%20misiones%20m%C3%A9dicas%20en%20apoyo%20a%20la%20comunidad' aria-hidden='false' data-av_icon='\ue8f3' data-av_iconfont='entypo-fontello' title='' data-avia-related-tooltip='Compartir en Facebook' rel=\"noopener\"><span class='avia_hidden_link_text'>Compartir en Facebook<\/span><\/a><\/li><li class='av-share-link av-social-link-twitter' ><a target=\"_blank\" aria-label=\"Compartir en Twitter\" href='https:\/\/twitter.com\/share?text=Carabineros%20Ays%C3%A9n%20y%20Universidad%20Finis%20Terrae%20coordinan%20trabajo%20colaborativo%20para%20desarrollar%20misiones%20m%C3%A9dicas%20en%20apoyo%20a%20la%20comunidad&#038;url=https:\/\/radiorevelacionfm.cl\/?p=47093' aria-hidden='false' data-av_icon='\ue8f1' data-av_iconfont='entypo-fontello' title='' data-avia-related-tooltip='Compartir en Twitter' rel=\"noopener\"><span class='avia_hidden_link_text'>Compartir en Twitter<\/span><\/a><\/li><li class='av-share-link av-social-link-whatsapp' ><a target=\"_blank\" aria-label=\"Compartir en Whatsapp\" href='https:\/\/api.whatsapp.com\/send?text=https:\/\/radiorevelacionfm.cl\/?p=47093' aria-hidden='false' data-av_icon='\uf232' data-av_iconfont='entypo-fontello' title='' data-avia-related-tooltip='Compartir en Whatsapp' rel=\"noopener\"><span class='avia_hidden_link_text'>Compartir en Whatsapp<\/span><\/a><\/li><li class='av-share-link av-social-link-linkedin' ><a target=\"_blank\" aria-label=\"Compartir en LinkedIn\" href='https:\/\/linkedin.com\/shareArticle?mini=true&#038;title=Carabineros%20Ays%C3%A9n%20y%20Universidad%20Finis%20Terrae%20coordinan%20trabajo%20colaborativo%20para%20desarrollar%20misiones%20m%C3%A9dicas%20en%20apoyo%20a%20la%20comunidad&#038;url=https:\/\/radiorevelacionfm.cl\/?p=47093' aria-hidden='false' data-av_icon='\ue8fc' data-av_iconfont='entypo-fontello' title='' data-avia-related-tooltip='Compartir en LinkedIn' rel=\"noopener\"><span class='avia_hidden_link_text'>Compartir en LinkedIn<\/span><\/a><\/li><li class='av-share-link av-social-link-mail' ><a  aria-label=\"Compartir por correo\" href='mailto:?subject=Carabineros%20Ays%C3%A9n%20y%20Universidad%20Finis%20Terrae%20coordinan%20trabajo%20colaborativo%20para%20desarrollar%20misiones%20m%C3%A9dicas%20en%20apoyo%20a%20la%20comunidad&#038;body=https:\/\/radiorevelacionfm.cl\/?p=47093' aria-hidden='false' data-av_icon='\ue805' data-av_iconfont='entypo-fontello' title='' data-avia-related-tooltip='Compartir por correo'><span class='avia_hidden_link_text'>Compartir por correo<\/span><\/a><\/li><\/ul><\/div><\/div>\n<div  style='height:50px' class='hr hr-invisible   avia-builder-el-8  el_after_av_social_share  el_before_av_comments_list '><span class='hr-inner ' ><span class='hr-inner-style'><\/span><\/span><\/div>\n<div  class='av-buildercomment  av-blog-meta-html-info-disabled av-blog-meta-tag-disabled  '><\/div>\n","protected":false},"excerpt":{"rendered":"","protected":false},"author":1,"featured_media":47094,"comment_status":"open","ping_status":"open","sticky":false,"template":"","format":"standard","meta":{"footnotes":""},"categories":[38],"tags":[],"class_list":["post-47093","post","type-post","status-publish","format-standard","has-post-thumbnail","hentry","category-regional"],"jetpack_featured_media_url":"https:\/\/radiorevelacionfm.cl\/wp-content\/uploads\/2024\/10\/1d7be3bf-26db-4188-9957-062b907894d6-1_optimized.jpg","_links":{"self":[{"href":"https:\/\/radiorevelacionfm.cl\/index.php?rest_route=\/wp\/v2\/posts\/47093","targetHints":{"allow":["GET"]}}],"collection":[{"href":"https:\/\/radiorevelacionfm.cl\/index.php?rest_route=\/wp\/v2\/posts"}],"about":[{"href":"https:\/\/radiorevelacionfm.cl\/index.php?rest_route=\/wp\/v2\/types\/post"}],"author":[{"embeddable":true,"href":"https:\/\/radiorevelacionfm.cl\/index.php?rest_route=\/wp\/v2\/users\/1"}],"replies":[{"embeddable":true,"href":"https:\/\/radiorevelacionfm.cl\/index.php?rest_route=%2Fwp%2Fv2%2Fcomments&post=47093"}],"version-history":[{"count":1,"href":"https:\/\/radiorevelacionfm.cl\/index.php?rest_route=\/wp\/v2\/posts\/47093\/revisions"}],"predecessor-version":[{"id":47095,"href":"https:\/\/radiorevelacionfm.cl\/index.php?rest_route=\/wp\/v2\/posts\/47093\/revisions\/47095"}],"wp:featuredmedia":[{"embeddable":true,"href":"https:\/\/radiorevelacionfm.cl\/index.php?rest_route=\/wp\/v2\/media\/47094"}],"wp:attachment":[{"href":"https:\/\/radiorevelacionfm.cl\/index.php?rest_route=%2Fwp%2Fv2%2Fmedia&parent=47093"}],"wp:term":[{"taxonomy":"category","embeddable":true,"href":"https:\/\/radiorevelacionfm.cl\/index.php?rest_route=%2Fwp%2Fv2%2Fcategories&post=47093"},{"taxonomy":"post_tag","embeddable":true,"href":"https:\/\/radiorevelacionfm.cl\/index.php?rest_route=%2Fwp%2Fv2%2Ftags&post=47093"}],"curies":[{"name":"wp","href":"https:\/\/api.w.org\/{rel}","templated":true}]}}