{"id":47090,"date":"2024-10-15T13:05:31","date_gmt":"2024-10-15T16:05:31","guid":{"rendered":"https:\/\/radiorevelacionfm.cl\/?p=47090"},"modified":"2024-10-15T13:05:31","modified_gmt":"2024-10-15T16:05:31","slug":"rio-ibanez-se-une-a-la-campana-patagonia-ponte-las-pilas","status":"publish","type":"post","link":"https:\/\/radiorevelacionfm.cl\/?p=47090","title":{"rendered":"R\u00edo Ib\u00e1\u00f1ez se une a la campa\u00f1a \u201cPatagonia ponte las pilas\u201d"},"content":{"rendered":"<div class=\"flex_column av_one_full  flex_column_div av-zero-column-padding first  avia-builder-el-0  el_before_av_one_full  avia-builder-el-first  \" style='border-radius:0px; '><div  class='avia-image-container  av-styling-    avia-builder-el-1  avia-builder-el-no-sibling  avia-align-center '  itemprop=\"image\" itemscope=\"itemscope\" itemtype=\"https:\/\/schema.org\/ImageObject\"  ><div class='avia-image-container-inner'><div class='avia-image-overlay-wrap'><img decoding=\"async\" class='wp-image-47091 avia-img-lazy-loading-not-47091 avia_image' src=\"https:\/\/radiorevelacionfm.cl\/wp-content\/uploads\/2024\/10\/Alianza-Pilas-Ibanez2-1-1.jpeg\" alt='' title='Alianza Pilas Ib\u00e1\u00f1ez2 (1) (1)' height=\"600\" width=\"999\"  itemprop=\"thumbnailUrl\" srcset=\"https:\/\/radiorevelacionfm.cl\/wp-content\/uploads\/2024\/10\/Alianza-Pilas-Ibanez2-1-1.jpeg 999w, https:\/\/radiorevelacionfm.cl\/wp-content\/uploads\/2024\/10\/Alianza-Pilas-Ibanez2-1-1-300x180.jpeg 300w, https:\/\/radiorevelacionfm.cl\/wp-content\/uploads\/2024\/10\/Alianza-Pilas-Ibanez2-1-1-768x461.jpeg 768w, https:\/\/radiorevelacionfm.cl\/wp-content\/uploads\/2024\/10\/Alianza-Pilas-Ibanez2-1-1-705x423.jpeg 705w, https:\/\/radiorevelacionfm.cl\/wp-content\/uploads\/2024\/10\/Alianza-Pilas-Ibanez2-1-1-450x270.jpeg 450w, https:\/\/radiorevelacionfm.cl\/wp-content\/uploads\/2024\/10\/Alianza-Pilas-Ibanez2-1-1-600x360.jpeg 600w\" sizes=\"(max-width: 999px) 100vw, 999px\" \/><\/div><\/div><\/div><\/div><div class=\"flex_column av_one_full  flex_column_div av-zero-column-padding first  avia-builder-el-2  el_after_av_one_full  el_before_av_one_full  column-top-margin\" style='border-radius:0px; '><section class=\"av_textblock_section \"  itemscope=\"itemscope\" itemtype=\"https:\/\/schema.org\/BlogPosting\" itemprop=\"blogPost\" ><div class='avia_textblock  '   itemprop=\"text\" ><p style=\"text-align: center;\"><strong><span style=\"font-size: 18pt;\">R\u00edo Ib\u00e1\u00f1ez se une a la campa\u00f1a \u201cPatagonia ponte las pilas\u201d<\/span><\/strong><\/p>\n<div id=\"gtx-trans\" style=\"position: absolute; left: -50px; top: 4.31534px;\">\n<div class=\"gtx-trans-icon\"><\/div>\n<\/div>\n<\/div><\/section><\/div><div class=\"flex_column av_one_full  flex_column_div av-zero-column-padding first  avia-builder-el-4  el_after_av_one_full  el_before_av_hr  column-top-margin\" style='border-radius:0px; '><section class=\"av_textblock_section \"  itemscope=\"itemscope\" itemtype=\"https:\/\/schema.org\/BlogPosting\" itemprop=\"blogPost\" ><div class='avia_textblock  '   itemprop=\"text\" ><p style=\"text-align: justify;\"><em>La iniciativa impulsada por Edelaysen, contar\u00e1 con el apoyo de la Municipalidad de R\u00edo Ib\u00e1\u00f1ez, donde se habilitar\u00e1n puntos de almacenamiento de pilas hasta el 30 de noviembre.<\/em><\/p>\n<p style=\"text-align: justify;\">En una nueva iniciativa para fomentar el cuidado por el medio ambiente, Edelaysen ha establecido una nueva alianza estrat\u00e9gica con la Municipalidad de R\u00edo Ib\u00e1\u00f1ez en el marco de la campa\u00f1a \u201cPatagonia ponte las Pilas\u201d. Esta iniciativa, que se extiende hasta el 30 de noviembre, tiene como objetivo principal la recolecci\u00f3n de pilas en desuso, un residuo altamente contaminante y garantizar su disposici\u00f3n adecuada.<\/p>\n<p style=\"text-align: justify;\">Gracias a esta colaboraci\u00f3n, se han habilitado puntos de almacenamiento en diferentes sectores de la comuna, facilitando el acceso de la comunidad a un lugar donde depositar sus pilas de manera segura. La Municipalidad de R\u00edo Ib\u00e1\u00f1ez se suma al esfuerzo de Edelaysen para concientizar a la comunidad sobre la importancia de almacenar este tipo de residuos y proteger el entorno natural de la Patagonia.<\/p>\n<p style=\"text-align: justify;\">En ese sentido, Yasna Vera, ejecutiva de Edelaysen destac\u00f3 que: \u00abEstamos muy contentos de poder contar con el apoyo de la Municipalidad en esta campa\u00f1a tan importante para la regi\u00f3n. Invitamos a todos los vecinos de R\u00edo Ib\u00e1\u00f1ez a participar activamente y aprovechar los puntos de almacenamiento disponibles hasta el 30 de noviembre\u201d.<\/p>\n<p style=\"text-align: justify;\">Por su parte, Gerardo Alarc\u00f3n, encargado de medio ambiente de la municipalidad coment\u00f3 sobre la disposici\u00f3n de los contenedores agregando que: \u00abPara nosotros es s\u00faper importante hacer lazos con empresas privadas, nosotros estamos incentivando el reciclaje y poder contar con ustedes que tenemos el mismo objetivo sobre todo de darle un destino final a estas pilas es s\u00faper importante. Los contenedores estar\u00e1n ubicados en las dependencias de la municipalidad, as\u00ed que invitamos a todos para que puedan traer sus pilas y aportar a esta importante causa\u201d.<\/p>\n<p style=\"text-align: justify;\">La campa\u00f1a \u201cPatagonia ponte las pilas\u201d forma parte de los compromisos de Edelaysen con la sustentabilidad y el desarrollo de iniciativas que promuevan el cuidado ambiental. Con la colaboraci\u00f3n de actores locales como la Municipalidad de R\u00edo Ib\u00e1\u00f1ez, se busca extender el impacto positivo en la regi\u00f3n, haciendo un llamado a la comunidad a involucrarse y ser parte de este esfuerzo colectivo por una regi\u00f3n m\u00e1s limpia y sustentable.<\/p>\n<\/div><\/section><\/div><div  style='height:50px' class='hr hr-invisible   avia-builder-el-6  el_after_av_one_full  el_before_av_social_share '><span class='hr-inner ' ><span class='hr-inner-style'><\/span><\/span><\/div><\/p>\n<div  class='av-social-sharing-box  avia-builder-el-7  el_after_av_hr  el_before_av_hr  '><div class='av-share-box'><h5 class='av-share-link-description av-no-toc '>Compartir esta noticia<\/h5><ul class='av-share-box-list noLightbox'><li class='av-share-link av-social-link-facebook' ><a target=\"_blank\" aria-label=\"Compartir en Facebook\" href='https:\/\/www.facebook.com\/sharer.php?u=https:\/\/radiorevelacionfm.cl\/?p=47090&#038;t=R%C3%ADo%20Ib%C3%A1%C3%B1ez%20se%20une%20a%20la%20campa%C3%B1a%20%E2%80%9CPatagonia%20ponte%20las%20pilas%E2%80%9D' aria-hidden='false' data-av_icon='\ue8f3' data-av_iconfont='entypo-fontello' title='' data-avia-related-tooltip='Compartir en Facebook' rel=\"noopener\"><span class='avia_hidden_link_text'>Compartir en Facebook<\/span><\/a><\/li><li class='av-share-link av-social-link-twitter' ><a target=\"_blank\" aria-label=\"Compartir en Twitter\" href='https:\/\/twitter.com\/share?text=R%C3%ADo%20Ib%C3%A1%C3%B1ez%20se%20une%20a%20la%20campa%C3%B1a%20%E2%80%9CPatagonia%20ponte%20las%20pilas%E2%80%9D&#038;url=https:\/\/radiorevelacionfm.cl\/?p=47090' aria-hidden='false' data-av_icon='\ue8f1' data-av_iconfont='entypo-fontello' title='' data-avia-related-tooltip='Compartir en Twitter' rel=\"noopener\"><span class='avia_hidden_link_text'>Compartir en Twitter<\/span><\/a><\/li><li class='av-share-link av-social-link-whatsapp' ><a target=\"_blank\" aria-label=\"Compartir en Whatsapp\" href='https:\/\/api.whatsapp.com\/send?text=https:\/\/radiorevelacionfm.cl\/?p=47090' aria-hidden='false' data-av_icon='\uf232' data-av_iconfont='entypo-fontello' title='' data-avia-related-tooltip='Compartir en Whatsapp' rel=\"noopener\"><span class='avia_hidden_link_text'>Compartir en Whatsapp<\/span><\/a><\/li><li class='av-share-link av-social-link-linkedin' ><a target=\"_blank\" aria-label=\"Compartir en LinkedIn\" href='https:\/\/linkedin.com\/shareArticle?mini=true&#038;title=R%C3%ADo%20Ib%C3%A1%C3%B1ez%20se%20une%20a%20la%20campa%C3%B1a%20%E2%80%9CPatagonia%20ponte%20las%20pilas%E2%80%9D&#038;url=https:\/\/radiorevelacionfm.cl\/?p=47090' aria-hidden='false' data-av_icon='\ue8fc' data-av_iconfont='entypo-fontello' title='' data-avia-related-tooltip='Compartir en LinkedIn' rel=\"noopener\"><span class='avia_hidden_link_text'>Compartir en LinkedIn<\/span><\/a><\/li><li class='av-share-link av-social-link-mail' ><a  aria-label=\"Compartir por correo\" href='mailto:?subject=R%C3%ADo%20Ib%C3%A1%C3%B1ez%20se%20une%20a%20la%20campa%C3%B1a%20%E2%80%9CPatagonia%20ponte%20las%20pilas%E2%80%9D&#038;body=https:\/\/radiorevelacionfm.cl\/?p=47090' aria-hidden='false' data-av_icon='\ue805' data-av_iconfont='entypo-fontello' title='' data-avia-related-tooltip='Compartir por correo'><span class='avia_hidden_link_text'>Compartir por correo<\/span><\/a><\/li><\/ul><\/div><\/div>\n<div  style='height:50px' class='hr hr-invisible   avia-builder-el-8  el_after_av_social_share  el_before_av_comments_list '><span class='hr-inner ' ><span class='hr-inner-style'><\/span><\/span><\/div>\n<div  class='av-buildercomment  av-blog-meta-html-info-disabled av-blog-meta-tag-disabled  '><\/div>\n","protected":false},"excerpt":{"rendered":"","protected":false},"author":1,"featured_media":47091,"comment_status":"open","ping_status":"open","sticky":false,"template":"","format":"standard","meta":{"footnotes":""},"categories":[38],"tags":[],"class_list":["post-47090","post","type-post","status-publish","format-standard","has-post-thumbnail","hentry","category-regional"],"jetpack_featured_media_url":"https:\/\/radiorevelacionfm.cl\/wp-content\/uploads\/2024\/10\/Alianza-Pilas-Ibanez2-1-1.jpeg","_links":{"self":[{"href":"https:\/\/radiorevelacionfm.cl\/index.php?rest_route=\/wp\/v2\/posts\/47090","targetHints":{"allow":["GET"]}}],"collection":[{"href":"https:\/\/radiorevelacionfm.cl\/index.php?rest_route=\/wp\/v2\/posts"}],"about":[{"href":"https:\/\/radiorevelacionfm.cl\/index.php?rest_route=\/wp\/v2\/types\/post"}],"author":[{"embeddable":true,"href":"https:\/\/radiorevelacionfm.cl\/index.php?rest_route=\/wp\/v2\/users\/1"}],"replies":[{"embeddable":true,"href":"https:\/\/radiorevelacionfm.cl\/index.php?rest_route=%2Fwp%2Fv2%2Fcomments&post=47090"}],"version-history":[{"count":1,"href":"https:\/\/radiorevelacionfm.cl\/index.php?rest_route=\/wp\/v2\/posts\/47090\/revisions"}],"predecessor-version":[{"id":47092,"href":"https:\/\/radiorevelacionfm.cl\/index.php?rest_route=\/wp\/v2\/posts\/47090\/revisions\/47092"}],"wp:featuredmedia":[{"embeddable":true,"href":"https:\/\/radiorevelacionfm.cl\/index.php?rest_route=\/wp\/v2\/media\/47091"}],"wp:attachment":[{"href":"https:\/\/radiorevelacionfm.cl\/index.php?rest_route=%2Fwp%2Fv2%2Fmedia&parent=47090"}],"wp:term":[{"taxonomy":"category","embeddable":true,"href":"https:\/\/radiorevelacionfm.cl\/index.php?rest_route=%2Fwp%2Fv2%2Fcategories&post=47090"},{"taxonomy":"post_tag","embeddable":true,"href":"https:\/\/radiorevelacionfm.cl\/index.php?rest_route=%2Fwp%2Fv2%2Ftags&post=47090"}],"curies":[{"name":"wp","href":"https:\/\/api.w.org\/{rel}","templated":true}]}}