{"id":47087,"date":"2024-10-15T09:50:00","date_gmt":"2024-10-15T12:50:00","guid":{"rendered":"https:\/\/radiorevelacionfm.cl\/?p=47087"},"modified":"2024-10-15T09:50:00","modified_gmt":"2024-10-15T12:50:00","slug":"nueve-decadas-aportando-a-la-formacion-y-al-deporte-de-la-region-cumplio-el-lord-cochrane-de-aysen","status":"publish","type":"post","link":"https:\/\/radiorevelacionfm.cl\/?p=47087","title":{"rendered":"Nueve d\u00e9cadas aportando a la formaci\u00f3n y al deporte de la regi\u00f3n cumpli\u00f3 el Lord Cochrane de Ays\u00e9n"},"content":{"rendered":"<div class=\"flex_column av_one_full  flex_column_div av-zero-column-padding first  avia-builder-el-0  el_before_av_one_full  avia-builder-el-first  \" style='border-radius:0px; '><div  class='avia-image-container  av-styling-    avia-builder-el-1  avia-builder-el-no-sibling  avia-align-center '  itemprop=\"image\" itemscope=\"itemscope\" itemtype=\"https:\/\/schema.org\/ImageObject\"  ><div class='avia-image-container-inner'><div class='avia-image-overlay-wrap'><img decoding=\"async\" class='wp-image-47088 avia-img-lazy-loading-not-47088 avia_image' src=\"https:\/\/radiorevelacionfm.cl\/wp-content\/uploads\/2024\/10\/aniversario-lord-cochrane-12-1_optimized.jpg\" alt='' title='aniversario-lord-cochrane-12-(1)_optimized' height=\"600\" width=\"800\"  itemprop=\"thumbnailUrl\" srcset=\"https:\/\/radiorevelacionfm.cl\/wp-content\/uploads\/2024\/10\/aniversario-lord-cochrane-12-1_optimized.jpg 800w, https:\/\/radiorevelacionfm.cl\/wp-content\/uploads\/2024\/10\/aniversario-lord-cochrane-12-1_optimized-300x225.jpg 300w, https:\/\/radiorevelacionfm.cl\/wp-content\/uploads\/2024\/10\/aniversario-lord-cochrane-12-1_optimized-768x576.jpg 768w, https:\/\/radiorevelacionfm.cl\/wp-content\/uploads\/2024\/10\/aniversario-lord-cochrane-12-1_optimized-705x529.jpg 705w, https:\/\/radiorevelacionfm.cl\/wp-content\/uploads\/2024\/10\/aniversario-lord-cochrane-12-1_optimized-450x338.jpg 450w, https:\/\/radiorevelacionfm.cl\/wp-content\/uploads\/2024\/10\/aniversario-lord-cochrane-12-1_optimized-600x450.jpg 600w\" sizes=\"(max-width: 800px) 100vw, 800px\" \/><\/div><\/div><\/div><\/div><div class=\"flex_column av_one_full  flex_column_div av-zero-column-padding first  avia-builder-el-2  el_after_av_one_full  el_before_av_one_full  column-top-margin\" style='border-radius:0px; '><section class=\"av_textblock_section \"  itemscope=\"itemscope\" itemtype=\"https:\/\/schema.org\/BlogPosting\" itemprop=\"blogPost\" ><div class='avia_textblock  '   itemprop=\"text\" ><p style=\"text-align: center;\"><strong><span style=\"font-size: 18pt;\">Nueve d\u00e9cadas aportando a la formaci\u00f3n y al deporte de la regi\u00f3n cumpli\u00f3 el Lord Cochrane de Ays\u00e9n<\/span><\/strong><\/p>\n<div id=\"gtx-trans\" style=\"position: absolute; left: -50px; top: 4.31534px;\">\n<div class=\"gtx-trans-icon\"><\/div>\n<\/div>\n<\/div><\/section><\/div><div class=\"flex_column av_one_full  flex_column_div av-zero-column-padding first  avia-builder-el-4  el_after_av_one_full  el_before_av_hr  column-top-margin\" style='border-radius:0px; '><section class=\"av_textblock_section \"  itemscope=\"itemscope\" itemtype=\"https:\/\/schema.org\/BlogPosting\" itemprop=\"blogPost\" ><div class='avia_textblock  '   itemprop=\"text\" ><p style=\"text-align: justify;\">Con reconocimiento a sus hist\u00f3ricos socios, a quienes han llegado a entregar un aporte en la formaci\u00f3n de las nuevas generaciones, el Club Deportivo Lord Cochrane de Puerto Ays\u00e9n, celebr\u00f3 sus 90 a\u00f1os en una significativa ceremonia al interior de su sede social.<\/p>\n<p style=\"text-align: justify;\">En representaci\u00f3n del Concejo Municipal de Ays\u00e9n, estuvo en la actividad el presidente de este cuerpo colegiado, el Concejal Alejandro Soto, quien felicit\u00f3 a cada uno de los integrantes del Cochrane. \u201cLes deseo lo mejor en este aniversario, es un hito importante para la comuna y ojal\u00e1 que estos 90 a\u00f1os se dupliquen, se tripliquen y sigan creciendo como semillero en nuestra comuna\u201d.<\/p>\n<p style=\"text-align: justify;\">El presidente del Club Deportivo Lord Cochrane, V\u00edctor Quinchaleo, puso en valor los a\u00f1os que lleva este club aportando al deporte regional y relev\u00f3 los m\u00e1s importantes logros de los \u00faltimos a\u00f1os, como, la cancha de pasto sint\u00e9tico, la futura cancha techada de rayuela y las obras de mejoramiento a la sede, muy pr\u00f3ximas a comenzar, gracias a una iniciativa del Gobierno Regional.<\/p>\n<p style=\"text-align: justify;\">\u201cNuestro club fue fundado el 8 de octubre de 1934, por lo tanto, estamos desde los inicios con Puerto Ays\u00e9n, tambi\u00e9n somos uno de los pioneros en contribuir en lo social y en lo deportivo de nuestra ciudad. Hemos ido creciendo por la buena gesti\u00f3n de los dirigentes, tanto de la rayuela, como tambi\u00e9n de nuestra instituci\u00f3n central, es as\u00ed que, pronto tendremos una cancha de rayuela, hace un tiempo se inaugur\u00f3 y tenemos la cancha de futbol calle, que nos ayuda bastante en el entrenamiento. Adem\u00e1s, se encuentra en licitaci\u00f3n la conservaci\u00f3n de nuestra sede social\u201d.<\/p>\n<p style=\"text-align: justify;\">Quinchaleo, destac\u00f3 la uni\u00f3n que existe en la organizaci\u00f3n, recordando tambi\u00e9n a quienes iniciaron el trabajo en el club, aquellos que est\u00e1n delicados de salud y quienes ya no est\u00e1n pero que dejaron un legado en el Lord Cochrane. \u201cUn gran saludo a aquellas personas que trabajaron mucho por este club, para aquellas personas que no se encuentran bien de salud, un gran abrazo y estamos siempre dispuestos a recibirlos y a apoyar si es necesario. Tambi\u00e9n hay muchos, grandes socios que ya partieron y estos noventa a\u00f1os est\u00e1n dedicados para ellos y para la gente que est\u00e1 trabajando, que est\u00e1 participando, igualmente, a disfrutar estas nueve d\u00e9cadas y crecer a\u00fan m\u00e1s de lo que somos\u201d.<\/p>\n<p style=\"text-align: justify;\">La ceremonia por los 90 a\u00f1os del Club Deportivo Lord Cochrane, finaliz\u00f3 con una actividad de camarader\u00eda, donde participaron jugadores, dirigentes e integrantes hist\u00f3ricos de la organizaci\u00f3n.<\/p>\n<\/div><\/section><\/div><div  style='height:50px' class='hr hr-invisible   avia-builder-el-6  el_after_av_one_full  el_before_av_social_share '><span class='hr-inner ' ><span class='hr-inner-style'><\/span><\/span><\/div><\/p>\n<div  class='av-social-sharing-box  avia-builder-el-7  el_after_av_hr  el_before_av_hr  '><div class='av-share-box'><h5 class='av-share-link-description av-no-toc '>Compartir esta noticia<\/h5><ul class='av-share-box-list noLightbox'><li class='av-share-link av-social-link-facebook' ><a target=\"_blank\" aria-label=\"Compartir en Facebook\" href='https:\/\/www.facebook.com\/sharer.php?u=https:\/\/radiorevelacionfm.cl\/?p=47087&#038;t=Nueve%20d%C3%A9cadas%20aportando%20a%20la%20formaci%C3%B3n%20y%20al%20deporte%20de%20la%20regi%C3%B3n%20cumpli%C3%B3%20el%20Lord%20Cochrane%20de%20Ays%C3%A9n' aria-hidden='false' data-av_icon='\ue8f3' data-av_iconfont='entypo-fontello' title='' data-avia-related-tooltip='Compartir en Facebook' rel=\"noopener\"><span class='avia_hidden_link_text'>Compartir en Facebook<\/span><\/a><\/li><li class='av-share-link av-social-link-twitter' ><a target=\"_blank\" aria-label=\"Compartir en Twitter\" href='https:\/\/twitter.com\/share?text=Nueve%20d%C3%A9cadas%20aportando%20a%20la%20formaci%C3%B3n%20y%20al%20deporte%20de%20la%20regi%C3%B3n%20cumpli%C3%B3%20el%20Lord%20Cochrane%20de%20Ays%C3%A9n&#038;url=https:\/\/radiorevelacionfm.cl\/?p=47087' aria-hidden='false' data-av_icon='\ue8f1' data-av_iconfont='entypo-fontello' title='' data-avia-related-tooltip='Compartir en Twitter' rel=\"noopener\"><span class='avia_hidden_link_text'>Compartir en Twitter<\/span><\/a><\/li><li class='av-share-link av-social-link-whatsapp' ><a target=\"_blank\" aria-label=\"Compartir en Whatsapp\" href='https:\/\/api.whatsapp.com\/send?text=https:\/\/radiorevelacionfm.cl\/?p=47087' aria-hidden='false' data-av_icon='\uf232' data-av_iconfont='entypo-fontello' title='' data-avia-related-tooltip='Compartir en Whatsapp' rel=\"noopener\"><span class='avia_hidden_link_text'>Compartir en Whatsapp<\/span><\/a><\/li><li class='av-share-link av-social-link-linkedin' ><a target=\"_blank\" aria-label=\"Compartir en LinkedIn\" href='https:\/\/linkedin.com\/shareArticle?mini=true&#038;title=Nueve%20d%C3%A9cadas%20aportando%20a%20la%20formaci%C3%B3n%20y%20al%20deporte%20de%20la%20regi%C3%B3n%20cumpli%C3%B3%20el%20Lord%20Cochrane%20de%20Ays%C3%A9n&#038;url=https:\/\/radiorevelacionfm.cl\/?p=47087' aria-hidden='false' data-av_icon='\ue8fc' data-av_iconfont='entypo-fontello' title='' data-avia-related-tooltip='Compartir en LinkedIn' rel=\"noopener\"><span class='avia_hidden_link_text'>Compartir en LinkedIn<\/span><\/a><\/li><li class='av-share-link av-social-link-mail' ><a  aria-label=\"Compartir por correo\" href='mailto:?subject=Nueve%20d%C3%A9cadas%20aportando%20a%20la%20formaci%C3%B3n%20y%20al%20deporte%20de%20la%20regi%C3%B3n%20cumpli%C3%B3%20el%20Lord%20Cochrane%20de%20Ays%C3%A9n&#038;body=https:\/\/radiorevelacionfm.cl\/?p=47087' aria-hidden='false' data-av_icon='\ue805' data-av_iconfont='entypo-fontello' title='' data-avia-related-tooltip='Compartir por correo'><span class='avia_hidden_link_text'>Compartir por correo<\/span><\/a><\/li><\/ul><\/div><\/div>\n<div  style='height:50px' class='hr hr-invisible   avia-builder-el-8  el_after_av_social_share  el_before_av_comments_list '><span class='hr-inner ' ><span class='hr-inner-style'><\/span><\/span><\/div>\n<div  class='av-buildercomment  av-blog-meta-html-info-disabled av-blog-meta-tag-disabled  '><\/div>\n","protected":false},"excerpt":{"rendered":"","protected":false},"author":1,"featured_media":47088,"comment_status":"open","ping_status":"open","sticky":false,"template":"","format":"standard","meta":{"footnotes":""},"categories":[38],"tags":[],"class_list":["post-47087","post","type-post","status-publish","format-standard","has-post-thumbnail","hentry","category-regional"],"jetpack_featured_media_url":"https:\/\/radiorevelacionfm.cl\/wp-content\/uploads\/2024\/10\/aniversario-lord-cochrane-12-1_optimized.jpg","_links":{"self":[{"href":"https:\/\/radiorevelacionfm.cl\/index.php?rest_route=\/wp\/v2\/posts\/47087","targetHints":{"allow":["GET"]}}],"collection":[{"href":"https:\/\/radiorevelacionfm.cl\/index.php?rest_route=\/wp\/v2\/posts"}],"about":[{"href":"https:\/\/radiorevelacionfm.cl\/index.php?rest_route=\/wp\/v2\/types\/post"}],"author":[{"embeddable":true,"href":"https:\/\/radiorevelacionfm.cl\/index.php?rest_route=\/wp\/v2\/users\/1"}],"replies":[{"embeddable":true,"href":"https:\/\/radiorevelacionfm.cl\/index.php?rest_route=%2Fwp%2Fv2%2Fcomments&post=47087"}],"version-history":[{"count":1,"href":"https:\/\/radiorevelacionfm.cl\/index.php?rest_route=\/wp\/v2\/posts\/47087\/revisions"}],"predecessor-version":[{"id":47089,"href":"https:\/\/radiorevelacionfm.cl\/index.php?rest_route=\/wp\/v2\/posts\/47087\/revisions\/47089"}],"wp:featuredmedia":[{"embeddable":true,"href":"https:\/\/radiorevelacionfm.cl\/index.php?rest_route=\/wp\/v2\/media\/47088"}],"wp:attachment":[{"href":"https:\/\/radiorevelacionfm.cl\/index.php?rest_route=%2Fwp%2Fv2%2Fmedia&parent=47087"}],"wp:term":[{"taxonomy":"category","embeddable":true,"href":"https:\/\/radiorevelacionfm.cl\/index.php?rest_route=%2Fwp%2Fv2%2Fcategories&post=47087"},{"taxonomy":"post_tag","embeddable":true,"href":"https:\/\/radiorevelacionfm.cl\/index.php?rest_route=%2Fwp%2Fv2%2Ftags&post=47087"}],"curies":[{"name":"wp","href":"https:\/\/api.w.org\/{rel}","templated":true}]}}