{"id":47080,"date":"2024-10-14T21:09:34","date_gmt":"2024-10-15T00:09:34","guid":{"rendered":"https:\/\/radiorevelacionfm.cl\/?p=47080"},"modified":"2024-10-14T21:09:34","modified_gmt":"2024-10-15T00:09:34","slug":"lanzan-temporada-de-pesca-recreativa-2024-2025-en-la-region-de-aysen","status":"publish","type":"post","link":"https:\/\/radiorevelacionfm.cl\/?p=47080","title":{"rendered":"Lanzan temporada de pesca recreativa 2024-2025 en la regi\u00f3n de Ays\u00e9n"},"content":{"rendered":"<div class=\"flex_column av_one_full  flex_column_div av-zero-column-padding first  avia-builder-el-0  el_before_av_one_full  avia-builder-el-first  \" style='border-radius:0px; '><div  class='avia-image-container  av-styling-    avia-builder-el-1  avia-builder-el-no-sibling  avia-align-center '  itemprop=\"image\" itemscope=\"itemscope\" itemtype=\"https:\/\/schema.org\/ImageObject\"  ><div class='avia-image-container-inner'><div class='avia-image-overlay-wrap'><img decoding=\"async\" class='wp-image-47081 avia-img-lazy-loading-not-47081 avia_image' src=\"https:\/\/radiorevelacionfm.cl\/wp-content\/uploads\/2024\/10\/lanzamiento-t-pesca-recreativa-1_optimized-1_optimized-1.jpg\" alt='' title='lanzamiento-t-pesca-recreativa-(1)_optimized-(1)_optimized (1)' height=\"600\" width=\"885\"  itemprop=\"thumbnailUrl\" srcset=\"https:\/\/radiorevelacionfm.cl\/wp-content\/uploads\/2024\/10\/lanzamiento-t-pesca-recreativa-1_optimized-1_optimized-1.jpg 885w, https:\/\/radiorevelacionfm.cl\/wp-content\/uploads\/2024\/10\/lanzamiento-t-pesca-recreativa-1_optimized-1_optimized-1-300x203.jpg 300w, https:\/\/radiorevelacionfm.cl\/wp-content\/uploads\/2024\/10\/lanzamiento-t-pesca-recreativa-1_optimized-1_optimized-1-768x521.jpg 768w, https:\/\/radiorevelacionfm.cl\/wp-content\/uploads\/2024\/10\/lanzamiento-t-pesca-recreativa-1_optimized-1_optimized-1-705x478.jpg 705w, https:\/\/radiorevelacionfm.cl\/wp-content\/uploads\/2024\/10\/lanzamiento-t-pesca-recreativa-1_optimized-1_optimized-1-450x305.jpg 450w, https:\/\/radiorevelacionfm.cl\/wp-content\/uploads\/2024\/10\/lanzamiento-t-pesca-recreativa-1_optimized-1_optimized-1-600x407.jpg 600w\" sizes=\"(max-width: 885px) 100vw, 885px\" \/><\/div><\/div><\/div><\/div><div class=\"flex_column av_one_full  flex_column_div av-zero-column-padding first  avia-builder-el-2  el_after_av_one_full  el_before_av_one_full  column-top-margin\" style='border-radius:0px; '><section class=\"av_textblock_section \"  itemscope=\"itemscope\" itemtype=\"https:\/\/schema.org\/BlogPosting\" itemprop=\"blogPost\" ><div class='avia_textblock  '   itemprop=\"text\" ><p style=\"text-align: center;\"><strong><span style=\"font-size: 18pt;\">Lanzan temporada de pesca recreativa 2024-2025 en la regi\u00f3n de Ays\u00e9n<\/span><\/strong><\/p>\n<div id=\"gtx-trans\" style=\"position: absolute; left: -50px; top: 4.31534px;\">\n<div class=\"gtx-trans-icon\"><\/div>\n<\/div>\n<\/div><\/section><\/div><div class=\"flex_column av_one_full  flex_column_div av-zero-column-padding first  avia-builder-el-4  el_after_av_one_full  el_before_av_hr  column-top-margin\" style='border-radius:0px; '><section class=\"av_textblock_section \"  itemscope=\"itemscope\" itemtype=\"https:\/\/schema.org\/BlogPosting\" itemprop=\"blogPost\" ><div class='avia_textblock  '   itemprop=\"text\" ><p style=\"text-align: justify;\"><em>Con la realizaci\u00f3n del Seminario \u201cPesca Recreativa en Ays\u00e9n, situaci\u00f3n actual y desaf\u00edos para un futuro con desarrollo sustentable\u201d, se dio el vamos a una nueva temporada para esta importante actividad tur\u00edstica regional.<\/em><\/p>\n<p style=\"text-align: justify;\">En nuestra regi\u00f3n, es indiscutible el gran potencial de desarrollo econ\u00f3mico y tur\u00edstico que se presenta para la realizaci\u00f3n de la pesca recreativa, encontr\u00e1ndose constantemente en un proceso de desarrollo y observ\u00e1ndose en el \u00e1rea privada el lugar donde posee el mayor grado de emprendimiento y consolidaci\u00f3n. Turistas y amantes de la pesca deportiva que provienen de diversas latitudes, quienes buscan realizar la actividad en nuestros cursos de agua, quienes no solo realizan la actividad como tal, sino que adem\u00e1s utilizan hospedajes, arriendo de veh\u00edculos, disfrutan de nuestra gastronom\u00eda y posicionan a Patagonia Ays\u00e9n, como un destino imperdible para realizar pesca deportiva.<\/p>\n<p style=\"text-align: justify;\">En ese contexto desde la Seremi de Econom\u00eda, Fomento y Turismo, junto a Sernapesca, Subpesca, Sernatur y el Consejo Regional de Pesca recreativa y la Asociaci\u00f3n de Gu\u00edas de Pesca, realizaron un Seminario como hito gravitante para lanzar oficialmente la Temporada de Pesca Recreativa en la Regi\u00f3n de Ays\u00e9n.<\/p>\n<p style=\"text-align: justify;\">El Seremi de Econom\u00eda, Felipe Rojas mencion\u00f3 que: <em>\u201cEste es un sector espec\u00edfico del turismo que contribuye al desarrollo de cada una de las comunidades y que es fundamental para el desarrollo del sector en la Regi\u00f3n de Ays\u00e9n. Hay experiencia, una oportunidad y m\u00faltiples desaf\u00edos, tales como; fiscalizaci\u00f3n y lo que hoy est\u00e1 pasando en nuestros r\u00edos. Tenemos que seguir trabajando al alero del Consejo Regional de Pesca Recreativa, ya que junto esta alianza publico privada, seguiremos fortaleciendo el sector\u201d.<\/em><\/p>\n<p style=\"text-align: justify;\">Por su parte el Director Zonal de Pesca; Blas Quiroga subray\u00f3 que: \u201c<em>Realizamos este Seminario, como un hito para la apertura de la temporada de pesca recreativa en nuestra regi\u00f3n, donde tuvimos la visi\u00f3n de diversos actores, para conocer su visi\u00f3n de la actividad. Del mismo modo, hacemos un llamado a la responsabilidad y a salir a pescar, con su licencia de pesca recreativa y siguiendo la normativa\u201d.<\/em><\/p>\n<p style=\"text-align: justify;\">Desde el mundo privado, Diego Guerrero de Vista Lodge Patagonia y miembro de la Asociaci\u00f3n de Gu\u00edas de Pesca, puso sobre relieve que: <em>\u201cEste seminario fue muy educativo y fruct\u00edfero, tuvimos un alto nivel de conversaci\u00f3n y vemos que hay un poco m\u00e1s de movimiento que otros a\u00f1os. Por tanto, estamos muy esperanzados en poder lograr medidas concretas para una administraci\u00f3n de nuestros recursos naturales, para que nos permita darle sustentabilidad a nuestra actividad econ\u00f3mica, que es la pesca recreativa\u201d.<\/em><\/p>\n<p style=\"text-align: justify;\">La temporada 2024-2025 de Pesca Recreativa, se encuentra abierta hasta el 6 de mayo de 2025.<\/p>\n<p style=\"text-align: justify;\">Si adquirir tu Licencia de Pesca Recreativa, puedes visitar: \u00a0<a href=\"https:\/\/pescarecreativa.sernapesca.cl\/\">https:\/\/pescarecreativa.sernapesca.cl\/<\/a><\/p>\n<\/div><\/section><\/div><div  style='height:50px' class='hr hr-invisible   avia-builder-el-6  el_after_av_one_full  el_before_av_social_share '><span class='hr-inner ' ><span class='hr-inner-style'><\/span><\/span><\/div><\/p>\n<div  class='av-social-sharing-box  avia-builder-el-7  el_after_av_hr  el_before_av_hr  '><div class='av-share-box'><h5 class='av-share-link-description av-no-toc '>Compartir esta noticia<\/h5><ul class='av-share-box-list noLightbox'><li class='av-share-link av-social-link-facebook' ><a target=\"_blank\" aria-label=\"Compartir en Facebook\" href='https:\/\/www.facebook.com\/sharer.php?u=https:\/\/radiorevelacionfm.cl\/?p=47080&#038;t=Lanzan%20temporada%20de%20pesca%20recreativa%202024-2025%20en%20la%20regi%C3%B3n%20de%20Ays%C3%A9n' aria-hidden='false' data-av_icon='\ue8f3' data-av_iconfont='entypo-fontello' title='' data-avia-related-tooltip='Compartir en Facebook' rel=\"noopener\"><span class='avia_hidden_link_text'>Compartir en Facebook<\/span><\/a><\/li><li class='av-share-link av-social-link-twitter' ><a target=\"_blank\" aria-label=\"Compartir en Twitter\" href='https:\/\/twitter.com\/share?text=Lanzan%20temporada%20de%20pesca%20recreativa%202024-2025%20en%20la%20regi%C3%B3n%20de%20Ays%C3%A9n&#038;url=https:\/\/radiorevelacionfm.cl\/?p=47080' aria-hidden='false' data-av_icon='\ue8f1' data-av_iconfont='entypo-fontello' title='' data-avia-related-tooltip='Compartir en Twitter' rel=\"noopener\"><span class='avia_hidden_link_text'>Compartir en Twitter<\/span><\/a><\/li><li class='av-share-link av-social-link-whatsapp' ><a target=\"_blank\" aria-label=\"Compartir en Whatsapp\" href='https:\/\/api.whatsapp.com\/send?text=https:\/\/radiorevelacionfm.cl\/?p=47080' aria-hidden='false' data-av_icon='\uf232' data-av_iconfont='entypo-fontello' title='' data-avia-related-tooltip='Compartir en Whatsapp' rel=\"noopener\"><span class='avia_hidden_link_text'>Compartir en Whatsapp<\/span><\/a><\/li><li class='av-share-link av-social-link-linkedin' ><a target=\"_blank\" aria-label=\"Compartir en LinkedIn\" href='https:\/\/linkedin.com\/shareArticle?mini=true&#038;title=Lanzan%20temporada%20de%20pesca%20recreativa%202024-2025%20en%20la%20regi%C3%B3n%20de%20Ays%C3%A9n&#038;url=https:\/\/radiorevelacionfm.cl\/?p=47080' aria-hidden='false' data-av_icon='\ue8fc' data-av_iconfont='entypo-fontello' title='' data-avia-related-tooltip='Compartir en LinkedIn' rel=\"noopener\"><span class='avia_hidden_link_text'>Compartir en LinkedIn<\/span><\/a><\/li><li class='av-share-link av-social-link-mail' ><a  aria-label=\"Compartir por correo\" href='mailto:?subject=Lanzan%20temporada%20de%20pesca%20recreativa%202024-2025%20en%20la%20regi%C3%B3n%20de%20Ays%C3%A9n&#038;body=https:\/\/radiorevelacionfm.cl\/?p=47080' aria-hidden='false' data-av_icon='\ue805' data-av_iconfont='entypo-fontello' title='' data-avia-related-tooltip='Compartir por correo'><span class='avia_hidden_link_text'>Compartir por correo<\/span><\/a><\/li><\/ul><\/div><\/div>\n<div  style='height:50px' class='hr hr-invisible   avia-builder-el-8  el_after_av_social_share  el_before_av_comments_list '><span class='hr-inner ' ><span class='hr-inner-style'><\/span><\/span><\/div>\n<div  class='av-buildercomment  av-blog-meta-html-info-disabled av-blog-meta-tag-disabled  '><\/div>\n","protected":false},"excerpt":{"rendered":"","protected":false},"author":1,"featured_media":47081,"comment_status":"open","ping_status":"open","sticky":false,"template":"","format":"standard","meta":{"footnotes":""},"categories":[60],"tags":[],"class_list":["post-47080","post","type-post","status-publish","format-standard","has-post-thumbnail","hentry","category-pesca"],"jetpack_featured_media_url":"https:\/\/radiorevelacionfm.cl\/wp-content\/uploads\/2024\/10\/lanzamiento-t-pesca-recreativa-1_optimized-1_optimized-1.jpg","_links":{"self":[{"href":"https:\/\/radiorevelacionfm.cl\/index.php?rest_route=\/wp\/v2\/posts\/47080","targetHints":{"allow":["GET"]}}],"collection":[{"href":"https:\/\/radiorevelacionfm.cl\/index.php?rest_route=\/wp\/v2\/posts"}],"about":[{"href":"https:\/\/radiorevelacionfm.cl\/index.php?rest_route=\/wp\/v2\/types\/post"}],"author":[{"embeddable":true,"href":"https:\/\/radiorevelacionfm.cl\/index.php?rest_route=\/wp\/v2\/users\/1"}],"replies":[{"embeddable":true,"href":"https:\/\/radiorevelacionfm.cl\/index.php?rest_route=%2Fwp%2Fv2%2Fcomments&post=47080"}],"version-history":[{"count":1,"href":"https:\/\/radiorevelacionfm.cl\/index.php?rest_route=\/wp\/v2\/posts\/47080\/revisions"}],"predecessor-version":[{"id":47082,"href":"https:\/\/radiorevelacionfm.cl\/index.php?rest_route=\/wp\/v2\/posts\/47080\/revisions\/47082"}],"wp:featuredmedia":[{"embeddable":true,"href":"https:\/\/radiorevelacionfm.cl\/index.php?rest_route=\/wp\/v2\/media\/47081"}],"wp:attachment":[{"href":"https:\/\/radiorevelacionfm.cl\/index.php?rest_route=%2Fwp%2Fv2%2Fmedia&parent=47080"}],"wp:term":[{"taxonomy":"category","embeddable":true,"href":"https:\/\/radiorevelacionfm.cl\/index.php?rest_route=%2Fwp%2Fv2%2Fcategories&post=47080"},{"taxonomy":"post_tag","embeddable":true,"href":"https:\/\/radiorevelacionfm.cl\/index.php?rest_route=%2Fwp%2Fv2%2Ftags&post=47080"}],"curies":[{"name":"wp","href":"https:\/\/api.w.org\/{rel}","templated":true}]}}