{"id":47074,"date":"2024-10-14T20:55:38","date_gmt":"2024-10-14T23:55:38","guid":{"rendered":"https:\/\/radiorevelacionfm.cl\/?p=47074"},"modified":"2024-10-14T20:55:38","modified_gmt":"2024-10-14T23:55:38","slug":"ultimos-dias-para-postular-a-la-escuela-de-lideresas-para-mujeres-rurales-jovenes-2024","status":"publish","type":"post","link":"https:\/\/radiorevelacionfm.cl\/?p=47074","title":{"rendered":"\u00daltimos d\u00edas para postular a la Escuela de Lideresas para mujeres rurales j\u00f3venes 2024"},"content":{"rendered":"<div class=\"flex_column av_one_full  flex_column_div av-zero-column-padding first  avia-builder-el-0  el_before_av_one_full  avia-builder-el-first  \" style='border-radius:0px; '><div  class='avia-image-container  av-styling-    avia-builder-el-1  avia-builder-el-no-sibling  avia-align-center '  itemprop=\"image\" itemscope=\"itemscope\" itemtype=\"https:\/\/schema.org\/ImageObject\"  ><div class='avia-image-container-inner'><div class='avia-image-overlay-wrap'><img decoding=\"async\" class='wp-image-47075 avia-img-lazy-loading-not-47075 avia_image' src=\"https:\/\/radiorevelacionfm.cl\/wp-content\/uploads\/2024\/10\/GRAFICA-INVITACION-ESCUELA-DE-LIDERESAS-INDAP-1-1.jpeg\" alt='' title='GRAFICA INVITACION ESCUELA DE LIDERESAS INDAP (1) (1)' height=\"620\" width=\"802\"  itemprop=\"thumbnailUrl\" srcset=\"https:\/\/radiorevelacionfm.cl\/wp-content\/uploads\/2024\/10\/GRAFICA-INVITACION-ESCUELA-DE-LIDERESAS-INDAP-1-1.jpeg 802w, https:\/\/radiorevelacionfm.cl\/wp-content\/uploads\/2024\/10\/GRAFICA-INVITACION-ESCUELA-DE-LIDERESAS-INDAP-1-1-300x232.jpeg 300w, https:\/\/radiorevelacionfm.cl\/wp-content\/uploads\/2024\/10\/GRAFICA-INVITACION-ESCUELA-DE-LIDERESAS-INDAP-1-1-768x594.jpeg 768w, https:\/\/radiorevelacionfm.cl\/wp-content\/uploads\/2024\/10\/GRAFICA-INVITACION-ESCUELA-DE-LIDERESAS-INDAP-1-1-705x545.jpeg 705w, https:\/\/radiorevelacionfm.cl\/wp-content\/uploads\/2024\/10\/GRAFICA-INVITACION-ESCUELA-DE-LIDERESAS-INDAP-1-1-450x348.jpeg 450w, https:\/\/radiorevelacionfm.cl\/wp-content\/uploads\/2024\/10\/GRAFICA-INVITACION-ESCUELA-DE-LIDERESAS-INDAP-1-1-600x464.jpeg 600w\" sizes=\"(max-width: 802px) 100vw, 802px\" \/><\/div><\/div><\/div><\/div><div class=\"flex_column av_one_full  flex_column_div av-zero-column-padding first  avia-builder-el-2  el_after_av_one_full  el_before_av_one_full  column-top-margin\" style='border-radius:0px; '><section class=\"av_textblock_section \"  itemscope=\"itemscope\" itemtype=\"https:\/\/schema.org\/BlogPosting\" itemprop=\"blogPost\" ><div class='avia_textblock  '   itemprop=\"text\" ><p style=\"text-align: center;\"><strong><span style=\"font-size: 18pt;\">\u00daltimos d\u00edas para postular a la Escuela de Lideresas para mujeres rurales j\u00f3venes 2024<\/span><\/strong><\/p>\n<div id=\"gtx-trans\" style=\"position: absolute; left: -50px; top: 4.31534px;\">\n<div class=\"gtx-trans-icon\"><\/div>\n<\/div>\n<\/div><\/section><\/div><div class=\"flex_column av_one_full  flex_column_div av-zero-column-padding first  avia-builder-el-4  el_after_av_one_full  el_before_av_hr  column-top-margin\" style='border-radius:0px; '><section class=\"av_textblock_section \"  itemscope=\"itemscope\" itemtype=\"https:\/\/schema.org\/BlogPosting\" itemprop=\"blogPost\" ><div class='avia_textblock  '   itemprop=\"text\" ><p style=\"text-align: justify;\">Se acerca el cierre de las postulaciones para la Escuela de Lideresas, un programa que busca fortalecer las capacidades de liderazgo y comunicaci\u00f3n de las j\u00f3venes mujeres rurales de todo el pa\u00eds. Esta iniciativa ofrecer\u00e1 m\u00e1s de 400 cupos para mujeres entre 18 y 40 a\u00f1os, brindando una oportunidad \u00fanica de formaci\u00f3n y desarrollo.<\/p>\n<p style=\"text-align: justify;\">Este proyecto, impulsado por el Instituto de Desarrollo Agropecuario (INDAP) y financiado a trav\u00e9s del Fondo de Igualdad del Ministerio de la Mujer y Equidad de G\u00e9nero, es una iniciativa clave en la estrategia de equidad de g\u00e9nero de INDAP. Adem\u00e1s, INDAP se compromete a cofinanciar los gastos de traslado, hospedaje y alimentaci\u00f3n de las participantes, as\u00ed como brindar apoyo en el cuidado de hijos menores de 12 a\u00f1os para facilitar la participaci\u00f3n de las mujeres con responsabilidades familiares.<\/p>\n<p style=\"text-align: justify;\">La directora regional de INDAP, Yessica Lagos C\u00e1rdenas, destac\u00f3 con entusiasmo la relevancia de esta iniciativa: \u201clas mujeres rurales tienen un papel fundamental en el desarrollo de sus territorios, y con esta formaci\u00f3n buscamos fortalecer sus competencias para que ocupen espacios de representaci\u00f3n y liderazgo, donde puedan impulsar el bienestar de sus comunidades.\u00bb<\/p>\n<p style=\"text-align: justify;\">La Escuela de Lideresas se llevar\u00e1 a cabo en La Junta y Coyhaique, con m\u00f3dulos enfocados en liderazgo, equidad de g\u00e9nero, comunicaci\u00f3n efectiva y la participaci\u00f3n activa de las mujeres en espacios de toma de decisiones. Las mujeres campesinas participantes podr\u00e1n mejorar sus habilidades en estos \u00e1mbitos, prepar\u00e1ndose para asumir roles de mayor responsabilidad dentro de sus comunidades y organizaciones.<\/p>\n<p style=\"text-align: justify;\">Las postulaciones estar\u00e1n abiertas hasta el 18 de octubre a las 23:59 horas a trav\u00e9s del sitio web de INDAP (<a href=\"http:\/\/www.indap.gob.cl\/\">www.indap.gob.cl<\/a>). Las interesadas en participar deben cumplir con ciertos requisitos, como ser mujeres de entre 18 y 40 a\u00f1os, usuarias de INDAP o formar parte de una organizaci\u00f3n beneficiaria del programa. Adem\u00e1s, se priorizar\u00e1 a aquellas que no hayan participado en la edici\u00f3n anterior de la Escuela de Lideresas, con el fin de ampliar la oportunidad a nuevas participantes y fomentar una mayor diversidad en la convocatoria.<\/p>\n<p style=\"text-align: justify;\">Este programa refuerza el compromiso de INDAP con el desarrollo sostenible y la igualdad de g\u00e9nero, impulsando a las mujeres rurales hacia un liderazgo activo y una mayor participaci\u00f3n en la toma de decisiones en sus territorios.<\/p>\n<\/div><\/section><\/div><div  style='height:50px' class='hr hr-invisible   avia-builder-el-6  el_after_av_one_full  el_before_av_social_share '><span class='hr-inner ' ><span class='hr-inner-style'><\/span><\/span><\/div><\/p>\n<div  class='av-social-sharing-box  avia-builder-el-7  el_after_av_hr  el_before_av_hr  '><div class='av-share-box'><h5 class='av-share-link-description av-no-toc '>Compartir esta noticia<\/h5><ul class='av-share-box-list noLightbox'><li class='av-share-link av-social-link-facebook' ><a target=\"_blank\" aria-label=\"Compartir en Facebook\" href='https:\/\/www.facebook.com\/sharer.php?u=https:\/\/radiorevelacionfm.cl\/?p=47074&#038;t=%C3%9Altimos%20d%C3%ADas%20para%20postular%20a%20la%20Escuela%20de%20Lideresas%20para%20mujeres%20rurales%20j%C3%B3venes%202024' aria-hidden='false' data-av_icon='\ue8f3' data-av_iconfont='entypo-fontello' title='' data-avia-related-tooltip='Compartir en Facebook' rel=\"noopener\"><span class='avia_hidden_link_text'>Compartir en Facebook<\/span><\/a><\/li><li class='av-share-link av-social-link-twitter' ><a target=\"_blank\" aria-label=\"Compartir en Twitter\" href='https:\/\/twitter.com\/share?text=%C3%9Altimos%20d%C3%ADas%20para%20postular%20a%20la%20Escuela%20de%20Lideresas%20para%20mujeres%20rurales%20j%C3%B3venes%202024&#038;url=https:\/\/radiorevelacionfm.cl\/?p=47074' aria-hidden='false' data-av_icon='\ue8f1' data-av_iconfont='entypo-fontello' title='' data-avia-related-tooltip='Compartir en Twitter' rel=\"noopener\"><span class='avia_hidden_link_text'>Compartir en Twitter<\/span><\/a><\/li><li class='av-share-link av-social-link-whatsapp' ><a target=\"_blank\" aria-label=\"Compartir en Whatsapp\" href='https:\/\/api.whatsapp.com\/send?text=https:\/\/radiorevelacionfm.cl\/?p=47074' aria-hidden='false' data-av_icon='\uf232' data-av_iconfont='entypo-fontello' title='' data-avia-related-tooltip='Compartir en Whatsapp' rel=\"noopener\"><span class='avia_hidden_link_text'>Compartir en Whatsapp<\/span><\/a><\/li><li class='av-share-link av-social-link-linkedin' ><a target=\"_blank\" aria-label=\"Compartir en LinkedIn\" href='https:\/\/linkedin.com\/shareArticle?mini=true&#038;title=%C3%9Altimos%20d%C3%ADas%20para%20postular%20a%20la%20Escuela%20de%20Lideresas%20para%20mujeres%20rurales%20j%C3%B3venes%202024&#038;url=https:\/\/radiorevelacionfm.cl\/?p=47074' aria-hidden='false' data-av_icon='\ue8fc' data-av_iconfont='entypo-fontello' title='' data-avia-related-tooltip='Compartir en LinkedIn' rel=\"noopener\"><span class='avia_hidden_link_text'>Compartir en LinkedIn<\/span><\/a><\/li><li class='av-share-link av-social-link-mail' ><a  aria-label=\"Compartir por correo\" href='mailto:?subject=%C3%9Altimos%20d%C3%ADas%20para%20postular%20a%20la%20Escuela%20de%20Lideresas%20para%20mujeres%20rurales%20j%C3%B3venes%202024&#038;body=https:\/\/radiorevelacionfm.cl\/?p=47074' aria-hidden='false' data-av_icon='\ue805' data-av_iconfont='entypo-fontello' title='' data-avia-related-tooltip='Compartir por correo'><span class='avia_hidden_link_text'>Compartir por correo<\/span><\/a><\/li><\/ul><\/div><\/div>\n<div  style='height:50px' class='hr hr-invisible   avia-builder-el-8  el_after_av_social_share  el_before_av_comments_list '><span class='hr-inner ' ><span class='hr-inner-style'><\/span><\/span><\/div>\n<div  class='av-buildercomment  av-blog-meta-html-info-disabled av-blog-meta-tag-disabled  '><\/div>\n","protected":false},"excerpt":{"rendered":"","protected":false},"author":1,"featured_media":47075,"comment_status":"open","ping_status":"open","sticky":false,"template":"","format":"standard","meta":{"footnotes":""},"categories":[38],"tags":[],"class_list":["post-47074","post","type-post","status-publish","format-standard","has-post-thumbnail","hentry","category-regional"],"jetpack_featured_media_url":"https:\/\/radiorevelacionfm.cl\/wp-content\/uploads\/2024\/10\/GRAFICA-INVITACION-ESCUELA-DE-LIDERESAS-INDAP-1-1.jpeg","_links":{"self":[{"href":"https:\/\/radiorevelacionfm.cl\/index.php?rest_route=\/wp\/v2\/posts\/47074","targetHints":{"allow":["GET"]}}],"collection":[{"href":"https:\/\/radiorevelacionfm.cl\/index.php?rest_route=\/wp\/v2\/posts"}],"about":[{"href":"https:\/\/radiorevelacionfm.cl\/index.php?rest_route=\/wp\/v2\/types\/post"}],"author":[{"embeddable":true,"href":"https:\/\/radiorevelacionfm.cl\/index.php?rest_route=\/wp\/v2\/users\/1"}],"replies":[{"embeddable":true,"href":"https:\/\/radiorevelacionfm.cl\/index.php?rest_route=%2Fwp%2Fv2%2Fcomments&post=47074"}],"version-history":[{"count":1,"href":"https:\/\/radiorevelacionfm.cl\/index.php?rest_route=\/wp\/v2\/posts\/47074\/revisions"}],"predecessor-version":[{"id":47076,"href":"https:\/\/radiorevelacionfm.cl\/index.php?rest_route=\/wp\/v2\/posts\/47074\/revisions\/47076"}],"wp:featuredmedia":[{"embeddable":true,"href":"https:\/\/radiorevelacionfm.cl\/index.php?rest_route=\/wp\/v2\/media\/47075"}],"wp:attachment":[{"href":"https:\/\/radiorevelacionfm.cl\/index.php?rest_route=%2Fwp%2Fv2%2Fmedia&parent=47074"}],"wp:term":[{"taxonomy":"category","embeddable":true,"href":"https:\/\/radiorevelacionfm.cl\/index.php?rest_route=%2Fwp%2Fv2%2Fcategories&post=47074"},{"taxonomy":"post_tag","embeddable":true,"href":"https:\/\/radiorevelacionfm.cl\/index.php?rest_route=%2Fwp%2Fv2%2Ftags&post=47074"}],"curies":[{"name":"wp","href":"https:\/\/api.w.org\/{rel}","templated":true}]}}