{"id":47068,"date":"2024-10-14T17:08:09","date_gmt":"2024-10-14T20:08:09","guid":{"rendered":"https:\/\/radiorevelacionfm.cl\/?p=47068"},"modified":"2024-10-14T17:08:09","modified_gmt":"2024-10-14T20:08:09","slug":"12-familias-de-coyhaique-mejoran-sus-viviendas-y-fortalecen-sus-hogares","status":"publish","type":"post","link":"https:\/\/radiorevelacionfm.cl\/?p=47068","title":{"rendered":"12 familias de Coyhaique mejoran sus viviendas y fortalecen sus hogares"},"content":{"rendered":"<div class=\"flex_column av_one_full  flex_column_div av-zero-column-padding first  avia-builder-el-0  el_before_av_one_full  avia-builder-el-first  \" style='border-radius:0px; '><div  class='avia-image-container  av-styling-    avia-builder-el-1  avia-builder-el-no-sibling  avia-align-center '  itemprop=\"image\" itemscope=\"itemscope\" itemtype=\"https:\/\/schema.org\/ImageObject\"  ><div class='avia-image-container-inner'><div class='avia-image-overlay-wrap'><img decoding=\"async\" class='wp-image-47069 avia-img-lazy-loading-not-47069 avia_image' src=\"https:\/\/radiorevelacionfm.cl\/wp-content\/uploads\/2024\/10\/Habitabilidad-Coyhaique-1-1.jpeg\" alt='' title='Habitabilidad Coyhaique (1) (1)' height=\"600\" width=\"1067\"  itemprop=\"thumbnailUrl\" srcset=\"https:\/\/radiorevelacionfm.cl\/wp-content\/uploads\/2024\/10\/Habitabilidad-Coyhaique-1-1.jpeg 1067w, https:\/\/radiorevelacionfm.cl\/wp-content\/uploads\/2024\/10\/Habitabilidad-Coyhaique-1-1-300x169.jpeg 300w, https:\/\/radiorevelacionfm.cl\/wp-content\/uploads\/2024\/10\/Habitabilidad-Coyhaique-1-1-1030x579.jpeg 1030w, https:\/\/radiorevelacionfm.cl\/wp-content\/uploads\/2024\/10\/Habitabilidad-Coyhaique-1-1-768x432.jpeg 768w, https:\/\/radiorevelacionfm.cl\/wp-content\/uploads\/2024\/10\/Habitabilidad-Coyhaique-1-1-705x396.jpeg 705w, https:\/\/radiorevelacionfm.cl\/wp-content\/uploads\/2024\/10\/Habitabilidad-Coyhaique-1-1-450x253.jpeg 450w, https:\/\/radiorevelacionfm.cl\/wp-content\/uploads\/2024\/10\/Habitabilidad-Coyhaique-1-1-600x337.jpeg 600w\" sizes=\"(max-width: 1067px) 100vw, 1067px\" \/><\/div><\/div><\/div><\/div><div class=\"flex_column av_one_full  flex_column_div av-zero-column-padding first  avia-builder-el-2  el_after_av_one_full  el_before_av_one_full  column-top-margin\" style='border-radius:0px; '><section class=\"av_textblock_section \"  itemscope=\"itemscope\" itemtype=\"https:\/\/schema.org\/BlogPosting\" itemprop=\"blogPost\" ><div class='avia_textblock  '   itemprop=\"text\" ><p style=\"text-align: center;\"><strong><span style=\"font-size: 18pt;\">12 familias de Coyhaique mejoran sus viviendas y fortalecen sus hogares<\/span><\/strong><\/p>\n<div id=\"gtx-trans\" style=\"position: absolute; left: -50px; top: 4.31534px;\">\n<div class=\"gtx-trans-icon\"><\/div>\n<\/div>\n<\/div><\/section><\/div><div class=\"flex_column av_one_full  flex_column_div av-zero-column-padding first  avia-builder-el-4  el_after_av_one_full  el_before_av_hr  column-top-margin\" style='border-radius:0px; '><section class=\"av_textblock_section \"  itemscope=\"itemscope\" itemtype=\"https:\/\/schema.org\/BlogPosting\" itemprop=\"blogPost\" ><div class='avia_textblock  '   itemprop=\"text\" ><p style=\"text-align: justify;\"><em>Las personas usuarias del programa de Habitabilidad recibieron soluciones constructivas, equipamiento para la vivienda y talleres para desarrollar h\u00e1bitos saludables en el uso y mantenci\u00f3n de la vivienda.<\/em><\/p>\n<p style=\"text-align: justify;\">En el Centro Cultural de Coyhaique se desarroll\u00f3 la certificaci\u00f3n de las 12 familias de la comuna de Coyhaique, que pudieron mejorar su calidad de vida gracias al programa de Habitabilidad, financiado por el Ministerio de Desarrollo Social y Familia, ejecutado por la Ilustre Municipalidad de Coyhaique y asistido t\u00e9cnicamente desde el FOSIS.<\/p>\n<p style=\"text-align: justify;\">La ejecuci\u00f3n de esta instancia busca entregar soluciones integrales para el mejoramiento de la vivienda a trav\u00e9s de la construcci\u00f3n y entrega de equipamiento; generando condiciones de confortabilidad, accesibilidad, servicios b\u00e1sicos e insumos de la vivienda; junto con talleres para fortalecer h\u00e1bitos saludables en el uso y mantenci\u00f3n de la vivienda.<\/p>\n<p style=\"text-align: justify;\">La usuaria del programa de Habitabilidad en Coyhaique, Viviana Fuentes, agradeci\u00f3 ser parte de la intervenci\u00f3n y valor\u00f3 positivamente los resultados. \u201cEste cambio fue bueno porque como tengo menores de edad, a ellos se les hizo m\u00e1s flexible ahora tener su pieza cada uno y mi abuelo como es de la tercera edad ahora ya tiene su dormitorio solo. En los talleres aprendimos la importancia de cuidar un hogar. Estamos contentos y muy agradecidos por la ayuda\u201d.<\/p>\n<p style=\"text-align: justify;\">Fernanda Leiva, directora regional del FOSIS, destac\u00f3 que \u201cestamos muy contentos por el trabajo que desarrolla este programa con el Ministerio y la Municipalidad; creemos que esta instancia viene a cumplir una de la misi\u00f3n del FOSIS, que es cambiar y mejorar la calidad de vida de las familias. Estamos felices de escuchar los testimonios de las familias sobre el impacto de las soluciones constructivas y el aporte que viene a dar a sus vidas el resultado de esta labor conjunta\u201d.<\/p>\n<p style=\"text-align: justify;\">La Seremi de Desarrollo Social y Familia, Karina Acevedo, hizo hincapi\u00e9 en que \u201cHabitabilidad lleva 20 a\u00f1os, donde ha estado en constantes modificaciones ajustadas a cada a\u00f1o, pero podemos constatar que, en las 5 comunas en las que estamos presentes, efectivamente se mejora las condiciones de habitabilidad en distintos aspectos, algunos son mejoras el\u00e9ctricas, otros en sus condiciones de desplazamiento al interior del hogar, de humedad, iluminaci\u00f3n y otros a trav\u00e9s de la adquisici\u00f3n de enseres. Es muy importante destacar que al t\u00e9rmino del programa las familias quedan muy contentas con todo el acompa\u00f1amiento humano y los cambios en su hogar que aportan a su bienestar\u201d.<\/p>\n<p style=\"text-align: justify;\">El programa de Habitabilidad, ejecutado tambi\u00e9n en las comunas de R\u00edo Ib\u00e1\u00f1ez, Chile Chico, Cisnes y Ays\u00e9n permiti\u00f3 apoyar a un total de 45 familias, incluyendo a las de la comuna de Coyhaique.<\/p>\n<\/div><\/section><\/div><div  style='height:50px' class='hr hr-invisible   avia-builder-el-6  el_after_av_one_full  el_before_av_social_share '><span class='hr-inner ' ><span class='hr-inner-style'><\/span><\/span><\/div><\/p>\n<div  class='av-social-sharing-box  avia-builder-el-7  el_after_av_hr  el_before_av_hr  '><div class='av-share-box'><h5 class='av-share-link-description av-no-toc '>Compartir esta noticia<\/h5><ul class='av-share-box-list noLightbox'><li class='av-share-link av-social-link-facebook' ><a target=\"_blank\" aria-label=\"Compartir en Facebook\" href='https:\/\/www.facebook.com\/sharer.php?u=https:\/\/radiorevelacionfm.cl\/?p=47068&#038;t=12%20familias%20de%20Coyhaique%20mejoran%20sus%20viviendas%20y%20fortalecen%20sus%20hogares' aria-hidden='false' data-av_icon='\ue8f3' data-av_iconfont='entypo-fontello' title='' data-avia-related-tooltip='Compartir en Facebook' rel=\"noopener\"><span class='avia_hidden_link_text'>Compartir en Facebook<\/span><\/a><\/li><li class='av-share-link av-social-link-twitter' ><a target=\"_blank\" aria-label=\"Compartir en Twitter\" href='https:\/\/twitter.com\/share?text=12%20familias%20de%20Coyhaique%20mejoran%20sus%20viviendas%20y%20fortalecen%20sus%20hogares&#038;url=https:\/\/radiorevelacionfm.cl\/?p=47068' aria-hidden='false' data-av_icon='\ue8f1' data-av_iconfont='entypo-fontello' title='' data-avia-related-tooltip='Compartir en Twitter' rel=\"noopener\"><span class='avia_hidden_link_text'>Compartir en Twitter<\/span><\/a><\/li><li class='av-share-link av-social-link-whatsapp' ><a target=\"_blank\" aria-label=\"Compartir en Whatsapp\" href='https:\/\/api.whatsapp.com\/send?text=https:\/\/radiorevelacionfm.cl\/?p=47068' aria-hidden='false' data-av_icon='\uf232' data-av_iconfont='entypo-fontello' title='' data-avia-related-tooltip='Compartir en Whatsapp' rel=\"noopener\"><span class='avia_hidden_link_text'>Compartir en Whatsapp<\/span><\/a><\/li><li class='av-share-link av-social-link-linkedin' ><a target=\"_blank\" aria-label=\"Compartir en LinkedIn\" href='https:\/\/linkedin.com\/shareArticle?mini=true&#038;title=12%20familias%20de%20Coyhaique%20mejoran%20sus%20viviendas%20y%20fortalecen%20sus%20hogares&#038;url=https:\/\/radiorevelacionfm.cl\/?p=47068' aria-hidden='false' data-av_icon='\ue8fc' data-av_iconfont='entypo-fontello' title='' data-avia-related-tooltip='Compartir en LinkedIn' rel=\"noopener\"><span class='avia_hidden_link_text'>Compartir en LinkedIn<\/span><\/a><\/li><li class='av-share-link av-social-link-mail' ><a  aria-label=\"Compartir por correo\" href='mailto:?subject=12%20familias%20de%20Coyhaique%20mejoran%20sus%20viviendas%20y%20fortalecen%20sus%20hogares&#038;body=https:\/\/radiorevelacionfm.cl\/?p=47068' aria-hidden='false' data-av_icon='\ue805' data-av_iconfont='entypo-fontello' title='' data-avia-related-tooltip='Compartir por correo'><span class='avia_hidden_link_text'>Compartir por correo<\/span><\/a><\/li><\/ul><\/div><\/div>\n<div  style='height:50px' class='hr hr-invisible   avia-builder-el-8  el_after_av_social_share  el_before_av_comments_list '><span class='hr-inner ' ><span class='hr-inner-style'><\/span><\/span><\/div>\n<div  class='av-buildercomment  av-blog-meta-html-info-disabled av-blog-meta-tag-disabled  '><\/div>\n","protected":false},"excerpt":{"rendered":"","protected":false},"author":1,"featured_media":47069,"comment_status":"open","ping_status":"open","sticky":false,"template":"","format":"standard","meta":{"footnotes":""},"categories":[38],"tags":[],"class_list":["post-47068","post","type-post","status-publish","format-standard","has-post-thumbnail","hentry","category-regional"],"jetpack_featured_media_url":"https:\/\/radiorevelacionfm.cl\/wp-content\/uploads\/2024\/10\/Habitabilidad-Coyhaique-1-1.jpeg","_links":{"self":[{"href":"https:\/\/radiorevelacionfm.cl\/index.php?rest_route=\/wp\/v2\/posts\/47068","targetHints":{"allow":["GET"]}}],"collection":[{"href":"https:\/\/radiorevelacionfm.cl\/index.php?rest_route=\/wp\/v2\/posts"}],"about":[{"href":"https:\/\/radiorevelacionfm.cl\/index.php?rest_route=\/wp\/v2\/types\/post"}],"author":[{"embeddable":true,"href":"https:\/\/radiorevelacionfm.cl\/index.php?rest_route=\/wp\/v2\/users\/1"}],"replies":[{"embeddable":true,"href":"https:\/\/radiorevelacionfm.cl\/index.php?rest_route=%2Fwp%2Fv2%2Fcomments&post=47068"}],"version-history":[{"count":1,"href":"https:\/\/radiorevelacionfm.cl\/index.php?rest_route=\/wp\/v2\/posts\/47068\/revisions"}],"predecessor-version":[{"id":47070,"href":"https:\/\/radiorevelacionfm.cl\/index.php?rest_route=\/wp\/v2\/posts\/47068\/revisions\/47070"}],"wp:featuredmedia":[{"embeddable":true,"href":"https:\/\/radiorevelacionfm.cl\/index.php?rest_route=\/wp\/v2\/media\/47069"}],"wp:attachment":[{"href":"https:\/\/radiorevelacionfm.cl\/index.php?rest_route=%2Fwp%2Fv2%2Fmedia&parent=47068"}],"wp:term":[{"taxonomy":"category","embeddable":true,"href":"https:\/\/radiorevelacionfm.cl\/index.php?rest_route=%2Fwp%2Fv2%2Fcategories&post=47068"},{"taxonomy":"post_tag","embeddable":true,"href":"https:\/\/radiorevelacionfm.cl\/index.php?rest_route=%2Fwp%2Fv2%2Ftags&post=47068"}],"curies":[{"name":"wp","href":"https:\/\/api.w.org\/{rel}","templated":true}]}}