{"id":47065,"date":"2024-10-14T16:32:23","date_gmt":"2024-10-14T19:32:23","guid":{"rendered":"https:\/\/radiorevelacionfm.cl\/?p=47065"},"modified":"2024-10-14T17:20:57","modified_gmt":"2024-10-14T20:20:57","slug":"servicio-medico-legal-finaliza-proceso-de-identificacion-de-victimas-de-accidente-aereo","status":"publish","type":"post","link":"https:\/\/radiorevelacionfm.cl\/?p=47065","title":{"rendered":"Finaliza proceso de identificaci\u00f3n de v\u00edctimas de accidente a\u00e9reo ocurrido en sector Las Orquetas"},"content":{"rendered":"<div class=\"flex_column av_one_full  flex_column_div av-zero-column-padding first  avia-builder-el-0  el_before_av_one_full  avia-builder-el-first  \" style='border-radius:0px; '><div  class='avia-image-container  av-styling-    avia-builder-el-1  avia-builder-el-no-sibling  avia-align-center '  itemprop=\"image\" itemscope=\"itemscope\" itemtype=\"https:\/\/schema.org\/ImageObject\"  ><div class='avia-image-container-inner'><div class='avia-image-overlay-wrap'><img decoding=\"async\" class='wp-image-47066 avia-img-lazy-loading-not-47066 avia_image' src=\"https:\/\/radiorevelacionfm.cl\/wp-content\/uploads\/2024\/10\/rescate-aereo-2024-08-09_02_optimized-1.jpeg\" alt='' title='rescate-aereo-2024-08-09_02_optimized (1)' height=\"600\" width=\"1067\"  itemprop=\"thumbnailUrl\" srcset=\"https:\/\/radiorevelacionfm.cl\/wp-content\/uploads\/2024\/10\/rescate-aereo-2024-08-09_02_optimized-1.jpeg 1067w, https:\/\/radiorevelacionfm.cl\/wp-content\/uploads\/2024\/10\/rescate-aereo-2024-08-09_02_optimized-1-300x169.jpeg 300w, https:\/\/radiorevelacionfm.cl\/wp-content\/uploads\/2024\/10\/rescate-aereo-2024-08-09_02_optimized-1-1030x579.jpeg 1030w, https:\/\/radiorevelacionfm.cl\/wp-content\/uploads\/2024\/10\/rescate-aereo-2024-08-09_02_optimized-1-768x432.jpeg 768w, https:\/\/radiorevelacionfm.cl\/wp-content\/uploads\/2024\/10\/rescate-aereo-2024-08-09_02_optimized-1-705x396.jpeg 705w, https:\/\/radiorevelacionfm.cl\/wp-content\/uploads\/2024\/10\/rescate-aereo-2024-08-09_02_optimized-1-450x253.jpeg 450w, https:\/\/radiorevelacionfm.cl\/wp-content\/uploads\/2024\/10\/rescate-aereo-2024-08-09_02_optimized-1-600x337.jpeg 600w\" sizes=\"(max-width: 1067px) 100vw, 1067px\" \/><\/div><\/div><\/div><\/div>\n<div class=\"flex_column av_one_full  flex_column_div av-zero-column-padding first  avia-builder-el-2  el_after_av_one_full  el_before_av_one_full  column-top-margin\" style='border-radius:0px; '><section class=\"av_textblock_section \"  itemscope=\"itemscope\" itemtype=\"https:\/\/schema.org\/BlogPosting\" itemprop=\"blogPost\" ><div class='avia_textblock  '   itemprop=\"text\" ><p style=\"text-align: center;\"><span style=\"font-size: 18pt;\"><b>Finaliza proceso de identificaci\u00f3n de v\u00edctimas de accidente a\u00e9reo ocurrido en sector Las Orquetas<\/b><\/span><\/p>\n<div id=\"gtx-trans\" style=\"position: absolute; left: -50px; top: 4.31534px;\">\n<div class=\"gtx-trans-icon\"><\/div>\n<\/div>\n<\/div><\/section><\/div><div class=\"flex_column av_one_full  flex_column_div av-zero-column-padding first  avia-builder-el-4  el_after_av_one_full  el_before_av_hr  column-top-margin\" style='border-radius:0px; '><section class=\"av_textblock_section \"  itemscope=\"itemscope\" itemtype=\"https:\/\/schema.org\/BlogPosting\" itemprop=\"blogPost\" ><div class='avia_textblock  '   itemprop=\"text\" ><p class=\"v1MsoNormal\" style=\"text-align: justify;\">\u201cSe ha podido iniciar la entrega de los restos a los familiares de las diversas v\u00edctimas\u201d, confirm\u00f3 el Fiscal Regional subrogante, Jos\u00e9 Moris.<\/p>\n<p class=\"v1MsoNormal\" style=\"text-align: justify;\">La Fiscal\u00eda Regional de Ays\u00e9n confirm\u00f3 hoy que, luego de un meticuloso trabajo de identificaci\u00f3n efectuado por peritos del Servicio M\u00e9dico Legal, fue posible identificar a las 7 v\u00edctimas del accidente a\u00e9reo ocurrido el pasado 9 de agosto en las cercan\u00edas de Las Horquetas, tras lo cual ha comenzado el proceso de entrega de los restos a sus familiares.<\/p>\n<p class=\"v1MsoNormal\" style=\"text-align: justify;\">La avioneta Piper Navajo capot\u00f3 en horas de la ma\u00f1ana del viernes 9 de agosto en un sector conocido como Horquilla Grande, en Las Horquetas, cercan\u00edas de Cerro Castillo.<\/p>\n<p class=\"v1MsoNormal\" style=\"text-align: justify;\">\u201cEfectivamente, durante la semana pasada, la labor pericial desarrollada por el Servicio M\u00e9dico Legal logr\u00f3 la identificaci\u00f3n de los pasajeros que faltaban respecto de aquellos que viajaban en la avioneta que lamentablemente capot\u00f3 a principios del mes de agosto\u201d, coment\u00f3 el Fiscal Regional subrogante, Jos\u00e9 Moris.<\/p>\n<p class=\"v1MsoNormal\" style=\"text-align: justify;\">\u201cDada dicha situaci\u00f3n,\u00a0<a name=\"v1_Hlk179813709\"><\/a>se ha podido iniciar la entrega de los restos a los familiares de las diversas v\u00edctimas para que aquellas puedan proceder con los tr\u00e1mites funerarios y dem\u00e1s tr\u00e1mites que estimen pertinentes\u201d, a\u00f1adi\u00f3 Moris.<\/p>\n<p class=\"v1MsoNormal\" style=\"text-align: justify;\">Respecto de las indagatorias en la investigaci\u00f3n penal y administrativa, que lleva adelante tanto la Fiscal\u00eda como la Direcci\u00f3n de Aeron\u00e1utica Civil, el proceso a\u00fan contin\u00faa abierto y con diligencias en curso.<\/p>\n<p class=\"v1MsoNormal\" style=\"text-align: justify;\">En el proceso de rescate de esta tragedia a\u00e9rea, participaron funcionarios y peritos de Carabineros, PDI, Servicio M\u00e9dico Legal, Fuerza A\u00e9rea, Ej\u00e9rcito, Direcci\u00f3n General de Aeron\u00e1utica Civil, Salud, Bomberos, civiles y la Fiscal\u00eda entre otros, sumado al permanente apoyo de la Delegaci\u00f3n Presidencial Regional.<\/p>\n<\/div><\/section><\/div><\/p>\n<div  style='height:50px' class='hr hr-invisible   avia-builder-el-6  el_after_av_one_full  el_before_av_social_share '><span class='hr-inner ' ><span class='hr-inner-style'><\/span><\/span><\/div>\n<div  class='av-social-sharing-box  avia-builder-el-7  el_after_av_hr  el_before_av_hr  '><div class='av-share-box'><h5 class='av-share-link-description av-no-toc '>Compartir esta noticia<\/h5><ul class='av-share-box-list noLightbox'><li class='av-share-link av-social-link-facebook' ><a target=\"_blank\" aria-label=\"Compartir en Facebook\" href='https:\/\/www.facebook.com\/sharer.php?u=https:\/\/radiorevelacionfm.cl\/?p=47065&#038;t=Finaliza%20proceso%20de%20identificaci%C3%B3n%20de%20v%C3%ADctimas%20de%20accidente%20a%C3%A9reo%20ocurrido%20en%20sector%20Las%20Orquetas' aria-hidden='false' data-av_icon='\ue8f3' data-av_iconfont='entypo-fontello' title='' data-avia-related-tooltip='Compartir en Facebook' rel=\"noopener\"><span class='avia_hidden_link_text'>Compartir en Facebook<\/span><\/a><\/li><li class='av-share-link av-social-link-twitter' ><a target=\"_blank\" aria-label=\"Compartir en Twitter\" href='https:\/\/twitter.com\/share?text=Finaliza%20proceso%20de%20identificaci%C3%B3n%20de%20v%C3%ADctimas%20de%20accidente%20a%C3%A9reo%20ocurrido%20en%20sector%20Las%20Orquetas&#038;url=https:\/\/radiorevelacionfm.cl\/?p=47065' aria-hidden='false' data-av_icon='\ue8f1' data-av_iconfont='entypo-fontello' title='' data-avia-related-tooltip='Compartir en Twitter' rel=\"noopener\"><span class='avia_hidden_link_text'>Compartir en Twitter<\/span><\/a><\/li><li class='av-share-link av-social-link-whatsapp' ><a target=\"_blank\" aria-label=\"Compartir en Whatsapp\" href='https:\/\/api.whatsapp.com\/send?text=https:\/\/radiorevelacionfm.cl\/?p=47065' aria-hidden='false' data-av_icon='\uf232' data-av_iconfont='entypo-fontello' title='' data-avia-related-tooltip='Compartir en Whatsapp' rel=\"noopener\"><span class='avia_hidden_link_text'>Compartir en Whatsapp<\/span><\/a><\/li><li class='av-share-link av-social-link-linkedin' ><a target=\"_blank\" aria-label=\"Compartir en LinkedIn\" href='https:\/\/linkedin.com\/shareArticle?mini=true&#038;title=Finaliza%20proceso%20de%20identificaci%C3%B3n%20de%20v%C3%ADctimas%20de%20accidente%20a%C3%A9reo%20ocurrido%20en%20sector%20Las%20Orquetas&#038;url=https:\/\/radiorevelacionfm.cl\/?p=47065' aria-hidden='false' data-av_icon='\ue8fc' data-av_iconfont='entypo-fontello' title='' data-avia-related-tooltip='Compartir en LinkedIn' rel=\"noopener\"><span class='avia_hidden_link_text'>Compartir en LinkedIn<\/span><\/a><\/li><li class='av-share-link av-social-link-mail' ><a  aria-label=\"Compartir por correo\" href='mailto:?subject=Finaliza%20proceso%20de%20identificaci%C3%B3n%20de%20v%C3%ADctimas%20de%20accidente%20a%C3%A9reo%20ocurrido%20en%20sector%20Las%20Orquetas&#038;body=https:\/\/radiorevelacionfm.cl\/?p=47065' aria-hidden='false' data-av_icon='\ue805' data-av_iconfont='entypo-fontello' title='' data-avia-related-tooltip='Compartir por correo'><span class='avia_hidden_link_text'>Compartir por correo<\/span><\/a><\/li><\/ul><\/div><\/div>\n<div  style='height:50px' class='hr hr-invisible   avia-builder-el-8  el_after_av_social_share  el_before_av_comments_list '><span class='hr-inner ' ><span class='hr-inner-style'><\/span><\/span><\/div>\n<div  class='av-buildercomment  av-blog-meta-html-info-disabled av-blog-meta-tag-disabled  '><\/div>\n","protected":false},"excerpt":{"rendered":"","protected":false},"author":1,"featured_media":47066,"comment_status":"open","ping_status":"open","sticky":false,"template":"","format":"standard","meta":{"footnotes":""},"categories":[38],"tags":[],"class_list":["post-47065","post","type-post","status-publish","format-standard","has-post-thumbnail","hentry","category-regional"],"jetpack_featured_media_url":"https:\/\/radiorevelacionfm.cl\/wp-content\/uploads\/2024\/10\/rescate-aereo-2024-08-09_02_optimized-1.jpeg","_links":{"self":[{"href":"https:\/\/radiorevelacionfm.cl\/index.php?rest_route=\/wp\/v2\/posts\/47065","targetHints":{"allow":["GET"]}}],"collection":[{"href":"https:\/\/radiorevelacionfm.cl\/index.php?rest_route=\/wp\/v2\/posts"}],"about":[{"href":"https:\/\/radiorevelacionfm.cl\/index.php?rest_route=\/wp\/v2\/types\/post"}],"author":[{"embeddable":true,"href":"https:\/\/radiorevelacionfm.cl\/index.php?rest_route=\/wp\/v2\/users\/1"}],"replies":[{"embeddable":true,"href":"https:\/\/radiorevelacionfm.cl\/index.php?rest_route=%2Fwp%2Fv2%2Fcomments&post=47065"}],"version-history":[{"count":3,"href":"https:\/\/radiorevelacionfm.cl\/index.php?rest_route=\/wp\/v2\/posts\/47065\/revisions"}],"predecessor-version":[{"id":47079,"href":"https:\/\/radiorevelacionfm.cl\/index.php?rest_route=\/wp\/v2\/posts\/47065\/revisions\/47079"}],"wp:featuredmedia":[{"embeddable":true,"href":"https:\/\/radiorevelacionfm.cl\/index.php?rest_route=\/wp\/v2\/media\/47066"}],"wp:attachment":[{"href":"https:\/\/radiorevelacionfm.cl\/index.php?rest_route=%2Fwp%2Fv2%2Fmedia&parent=47065"}],"wp:term":[{"taxonomy":"category","embeddable":true,"href":"https:\/\/radiorevelacionfm.cl\/index.php?rest_route=%2Fwp%2Fv2%2Fcategories&post=47065"},{"taxonomy":"post_tag","embeddable":true,"href":"https:\/\/radiorevelacionfm.cl\/index.php?rest_route=%2Fwp%2Fv2%2Ftags&post=47065"}],"curies":[{"name":"wp","href":"https:\/\/api.w.org\/{rel}","templated":true}]}}