{"id":47062,"date":"2024-10-15T16:10:36","date_gmt":"2024-10-15T19:10:36","guid":{"rendered":"https:\/\/radiorevelacionfm.cl\/?p=47062"},"modified":"2024-10-15T16:10:36","modified_gmt":"2024-10-15T19:10:36","slug":"destacan-incremento-presupuestario-2025-con-enfasis-en-equidad-y-autonomia-economica-para-las-mujeres","status":"publish","type":"post","link":"https:\/\/radiorevelacionfm.cl\/?p=47062","title":{"rendered":"Destacan incremento presupuestario 2025 con \u00e9nfasis en equidad y autonom\u00eda econ\u00f3mica para las mujeres"},"content":{"rendered":"<div class=\"flex_column av_one_full  flex_column_div av-zero-column-padding first  avia-builder-el-0  el_before_av_one_full  avia-builder-el-first  \" style='border-radius:0px; '><div  class='avia-image-container  av-styling-    avia-builder-el-1  avia-builder-el-no-sibling  avia-align-center '  itemprop=\"image\" itemscope=\"itemscope\" itemtype=\"https:\/\/schema.org\/ImageObject\"  ><div class='avia-image-container-inner'><div class='avia-image-overlay-wrap'><img decoding=\"async\" class='wp-image-47063 avia-img-lazy-loading-not-47063 avia_image' src=\"https:\/\/radiorevelacionfm.cl\/wp-content\/uploads\/2024\/10\/WhatsApp-Image-2024-10-14-at-14.11.13-1-1.jpeg\" alt='' title='WhatsApp Image 2024-10-14 at 14.11.13 (1) (1)' height=\"600\" width=\"800\"  itemprop=\"thumbnailUrl\" srcset=\"https:\/\/radiorevelacionfm.cl\/wp-content\/uploads\/2024\/10\/WhatsApp-Image-2024-10-14-at-14.11.13-1-1.jpeg 800w, https:\/\/radiorevelacionfm.cl\/wp-content\/uploads\/2024\/10\/WhatsApp-Image-2024-10-14-at-14.11.13-1-1-300x225.jpeg 300w, https:\/\/radiorevelacionfm.cl\/wp-content\/uploads\/2024\/10\/WhatsApp-Image-2024-10-14-at-14.11.13-1-1-768x576.jpeg 768w, https:\/\/radiorevelacionfm.cl\/wp-content\/uploads\/2024\/10\/WhatsApp-Image-2024-10-14-at-14.11.13-1-1-705x529.jpeg 705w, https:\/\/radiorevelacionfm.cl\/wp-content\/uploads\/2024\/10\/WhatsApp-Image-2024-10-14-at-14.11.13-1-1-450x338.jpeg 450w, https:\/\/radiorevelacionfm.cl\/wp-content\/uploads\/2024\/10\/WhatsApp-Image-2024-10-14-at-14.11.13-1-1-600x450.jpeg 600w\" sizes=\"(max-width: 800px) 100vw, 800px\" \/><\/div><\/div><\/div><\/div><div class=\"flex_column av_one_full  flex_column_div av-zero-column-padding first  avia-builder-el-2  el_after_av_one_full  el_before_av_one_full  column-top-margin\" style='border-radius:0px; '><section class=\"av_textblock_section \"  itemscope=\"itemscope\" itemtype=\"https:\/\/schema.org\/BlogPosting\" itemprop=\"blogPost\" ><div class='avia_textblock  '   itemprop=\"text\" ><p style=\"text-align: center;\"><strong><span style=\"font-size: 18pt;\">Destacan incremento presupuestario 2025 con \u00e9nfasis en equidad y autonom\u00eda econ\u00f3mica para las mujeres<\/span><\/strong><\/p>\n<div id=\"gtx-trans\" style=\"position: absolute; left: -50px; top: 4.31534px;\">\n<div class=\"gtx-trans-icon\"><\/div>\n<\/div>\n<\/div><\/section><\/div><div class=\"flex_column av_one_full  flex_column_div av-zero-column-padding first  avia-builder-el-4  el_after_av_one_full  el_before_av_hr  column-top-margin\" style='border-radius:0px; '><section class=\"av_textblock_section \"  itemscope=\"itemscope\" itemtype=\"https:\/\/schema.org\/BlogPosting\" itemprop=\"blogPost\" ><div class='avia_textblock  '   itemprop=\"text\" ><p style=\"text-align: justify;\">Hace algunos d\u00edas el presidente Gabriel Boric Font, \u00a0anunci\u00f3 un aumento del 2,7% en el presupuesto para el a\u00f1o 2025, con un enfoque en seguridad p\u00fablica, social y econ\u00f3mica, acci\u00f3n que fue destacada por la Ministra Antonia Orellana, quien valor\u00f3 que el Ministerio de la \u00a0Mujer y la Equidad de G\u00e9nero, \u00a0experimentar\u00e1 un aumento del 2,7% respecto al a\u00f1o anterior.<\/p>\n<p style=\"text-align: justify;\">La Seremi de la Mujer y la Equidad de G\u00e9nero, Isidora Gacit\u00faa Goles, destac\u00f3 que \u00abeste incremento presupuestario permitir\u00e1 ampliar nuestros programas y servicios para apoyar a las mujeres y disidencias, especialmente en materia de autonom\u00eda econ\u00f3mica y prevenci\u00f3n de la violencia\u00bb.<\/p>\n<p style=\"text-align: justify;\">Dentro de los programas que considerar\u00e1n un aumento presupuestario se destaca: la \u2060ampliaci\u00f3n del Programa de Cuidados Domiciliarios, con atenci\u00f3n telem\u00e1tica en salud mental para las cuidadoras y \u00a0\u2060el programa 4 a 7, que pasar\u00e1 a funcionar durante todo el a\u00f1o, incluyendo meses de vacaciones escolares, apoyando a madres que trabajan, otorgando un lugar seguro para el cuidado de los hijos e hijas, entre los 6 y 13 a\u00f1os.<\/p>\n<p style=\"text-align: justify;\">Otro de los programa que contempla un incremento presupuestario es el \u00a0Programa Jefas de Hogar, que busca promover la autonom\u00eda econ\u00f3mica de las mujeres jefas de hogar, a trav\u00e9s de un conjunto de herramientas, que les permitan generar ingresos y recursos oportunidades de conciliaci\u00f3n trabajo remunerado, dom\u00e9stico y de cuidados, donde ser\u00e1n beneficiadas un total de 47 mil mujeres, quienes acceder\u00e1n a mayores oportunidades laborales.<\/p>\n<p style=\"text-align: justify;\">Sobre este aumento presupuestario, la directora de SernamEG, Patricia Baeza Cabezas, indic\u00f3: \u201cDurante este \u00faltimo a\u00f1o, como SernamEG Ays\u00e9n hemos apostado en t\u00e9rminos de gesti\u00f3n por descentralizar nuestra oferta program\u00e1tica, ampliando as\u00ed su alcance. Eso explica que hayamos pasado de tener programas en tres a comunas, a tener hoy d\u00eda ejecuci\u00f3n en seis comunas de la regi\u00f3n, con cobertura de programas como el 4 a 7 y Mujeres Jefas de Hogar, que ahora incrementan sus presupuestos a nivel nacional. Por lo mismo, recibimos esta noticia con mucho optimismo, pues nos permite proyectar nuestro trabajo en los territorios, con miras a continuar expandiendo el alcance de nuestra oferta, \u00a0y as\u00ed apoyar a mujeres y disidencias de toda la regi\u00f3n, llevando a cabo una labor encaminada a continuar con el fortalecimiento de sus distintas autonom\u00edas\u201d.<\/p>\n<p style=\"text-align: justify;\">Por otra parte, el aumento presupuestario tambi\u00e9n considera recursos para el programa de Recuperaci\u00f3n del Ejercicio de la Autonom\u00eda para casos graves, que entre otras cosas considera residencias transitorias para el riesgo, distribu\u00eddas en las 16 regiones del pa\u00eds, as\u00ed como tambi\u00e9n, \u00a0se proyecta la creaci\u00f3n de un Centro de\u00a0 Atenci\u00f3n Especializada en Violencias de G\u00e9nero, en cada regi\u00f3n, donde se destaca que el primero de ellos ser\u00e1 instalado en la comuna de Cochrane, regi\u00f3n de Ays\u00e9n.<\/p>\n<p style=\"text-align: justify;\">Finalmente, la Seremi de la Mujer y la Equidad de G\u00e9nero, Isidora Gacit\u00faa Goles, \u00a0destac\u00f3 la importancia de la seguridad que otorga a las mujeres este aumento presupuestario, y enfatiz\u00f3 que independientemente del aumento de recursos, \u00a0la prevenci\u00f3n de las violencias por razones de g\u00e9nero, sigue siendo la mejor inversi\u00f3n a corto y largo plazo, de manera que, en ese desaf\u00edo, no solo debe estar comprometido el gobierno, sino, todos los ciudadanos y ciudadanas, concluy\u00f3.<\/p>\n<\/div><\/section><\/div><div  style='height:50px' class='hr hr-invisible   avia-builder-el-6  el_after_av_one_full  el_before_av_social_share '><span class='hr-inner ' ><span class='hr-inner-style'><\/span><\/span><\/div><\/p>\n<div  class='av-social-sharing-box  avia-builder-el-7  el_after_av_hr  el_before_av_hr  '><div class='av-share-box'><h5 class='av-share-link-description av-no-toc '>Compartir esta noticia<\/h5><ul class='av-share-box-list noLightbox'><li class='av-share-link av-social-link-facebook' ><a target=\"_blank\" aria-label=\"Compartir en Facebook\" href='https:\/\/www.facebook.com\/sharer.php?u=https:\/\/radiorevelacionfm.cl\/?p=47062&#038;t=Destacan%20incremento%20presupuestario%202025%20con%20%C3%A9nfasis%20en%20equidad%20y%20autonom%C3%ADa%20econ%C3%B3mica%20para%20las%20mujeres' aria-hidden='false' data-av_icon='\ue8f3' data-av_iconfont='entypo-fontello' title='' data-avia-related-tooltip='Compartir en Facebook' rel=\"noopener\"><span class='avia_hidden_link_text'>Compartir en Facebook<\/span><\/a><\/li><li class='av-share-link av-social-link-twitter' ><a target=\"_blank\" aria-label=\"Compartir en Twitter\" href='https:\/\/twitter.com\/share?text=Destacan%20incremento%20presupuestario%202025%20con%20%C3%A9nfasis%20en%20equidad%20y%20autonom%C3%ADa%20econ%C3%B3mica%20para%20las%20mujeres&#038;url=https:\/\/radiorevelacionfm.cl\/?p=47062' aria-hidden='false' data-av_icon='\ue8f1' data-av_iconfont='entypo-fontello' title='' data-avia-related-tooltip='Compartir en Twitter' rel=\"noopener\"><span class='avia_hidden_link_text'>Compartir en Twitter<\/span><\/a><\/li><li class='av-share-link av-social-link-whatsapp' ><a target=\"_blank\" aria-label=\"Compartir en Whatsapp\" href='https:\/\/api.whatsapp.com\/send?text=https:\/\/radiorevelacionfm.cl\/?p=47062' aria-hidden='false' data-av_icon='\uf232' data-av_iconfont='entypo-fontello' title='' data-avia-related-tooltip='Compartir en Whatsapp' rel=\"noopener\"><span class='avia_hidden_link_text'>Compartir en Whatsapp<\/span><\/a><\/li><li class='av-share-link av-social-link-linkedin' ><a target=\"_blank\" aria-label=\"Compartir en LinkedIn\" href='https:\/\/linkedin.com\/shareArticle?mini=true&#038;title=Destacan%20incremento%20presupuestario%202025%20con%20%C3%A9nfasis%20en%20equidad%20y%20autonom%C3%ADa%20econ%C3%B3mica%20para%20las%20mujeres&#038;url=https:\/\/radiorevelacionfm.cl\/?p=47062' aria-hidden='false' data-av_icon='\ue8fc' data-av_iconfont='entypo-fontello' title='' data-avia-related-tooltip='Compartir en LinkedIn' rel=\"noopener\"><span class='avia_hidden_link_text'>Compartir en LinkedIn<\/span><\/a><\/li><li class='av-share-link av-social-link-mail' ><a  aria-label=\"Compartir por correo\" href='mailto:?subject=Destacan%20incremento%20presupuestario%202025%20con%20%C3%A9nfasis%20en%20equidad%20y%20autonom%C3%ADa%20econ%C3%B3mica%20para%20las%20mujeres&#038;body=https:\/\/radiorevelacionfm.cl\/?p=47062' aria-hidden='false' data-av_icon='\ue805' data-av_iconfont='entypo-fontello' title='' data-avia-related-tooltip='Compartir por correo'><span class='avia_hidden_link_text'>Compartir por correo<\/span><\/a><\/li><\/ul><\/div><\/div>\n<div  style='height:50px' class='hr hr-invisible   avia-builder-el-8  el_after_av_social_share  el_before_av_comments_list '><span class='hr-inner ' ><span class='hr-inner-style'><\/span><\/span><\/div>\n<div  class='av-buildercomment  av-blog-meta-html-info-disabled av-blog-meta-tag-disabled  '><\/div>\n","protected":false},"excerpt":{"rendered":"","protected":false},"author":1,"featured_media":47063,"comment_status":"open","ping_status":"open","sticky":false,"template":"","format":"standard","meta":{"footnotes":""},"categories":[38],"tags":[],"class_list":["post-47062","post","type-post","status-publish","format-standard","has-post-thumbnail","hentry","category-regional"],"jetpack_featured_media_url":"https:\/\/radiorevelacionfm.cl\/wp-content\/uploads\/2024\/10\/WhatsApp-Image-2024-10-14-at-14.11.13-1-1.jpeg","_links":{"self":[{"href":"https:\/\/radiorevelacionfm.cl\/index.php?rest_route=\/wp\/v2\/posts\/47062","targetHints":{"allow":["GET"]}}],"collection":[{"href":"https:\/\/radiorevelacionfm.cl\/index.php?rest_route=\/wp\/v2\/posts"}],"about":[{"href":"https:\/\/radiorevelacionfm.cl\/index.php?rest_route=\/wp\/v2\/types\/post"}],"author":[{"embeddable":true,"href":"https:\/\/radiorevelacionfm.cl\/index.php?rest_route=\/wp\/v2\/users\/1"}],"replies":[{"embeddable":true,"href":"https:\/\/radiorevelacionfm.cl\/index.php?rest_route=%2Fwp%2Fv2%2Fcomments&post=47062"}],"version-history":[{"count":1,"href":"https:\/\/radiorevelacionfm.cl\/index.php?rest_route=\/wp\/v2\/posts\/47062\/revisions"}],"predecessor-version":[{"id":47064,"href":"https:\/\/radiorevelacionfm.cl\/index.php?rest_route=\/wp\/v2\/posts\/47062\/revisions\/47064"}],"wp:featuredmedia":[{"embeddable":true,"href":"https:\/\/radiorevelacionfm.cl\/index.php?rest_route=\/wp\/v2\/media\/47063"}],"wp:attachment":[{"href":"https:\/\/radiorevelacionfm.cl\/index.php?rest_route=%2Fwp%2Fv2%2Fmedia&parent=47062"}],"wp:term":[{"taxonomy":"category","embeddable":true,"href":"https:\/\/radiorevelacionfm.cl\/index.php?rest_route=%2Fwp%2Fv2%2Fcategories&post=47062"},{"taxonomy":"post_tag","embeddable":true,"href":"https:\/\/radiorevelacionfm.cl\/index.php?rest_route=%2Fwp%2Fv2%2Ftags&post=47062"}],"curies":[{"name":"wp","href":"https:\/\/api.w.org\/{rel}","templated":true}]}}