{"id":4706,"date":"2021-05-31T10:24:08","date_gmt":"2021-05-31T13:24:08","guid":{"rendered":"https:\/\/radiorevelacionfm.cl\/?p=4706"},"modified":"2021-05-31T10:24:08","modified_gmt":"2021-05-31T13:24:08","slug":"director-de-corfo-aysen-por-rechazo-del-core-lo-lamentamos-por-los-prestadores-de-servicios-acuicolas-de-la-region","status":"publish","type":"post","link":"https:\/\/radiorevelacionfm.cl\/?p=4706","title":{"rendered":"Director de Corfo Ays\u00e9n por rechazo del Core \u00abLo lamentamos por los prestadores de servicios acu\u00edcolas de la regi\u00f3n\u00bb"},"content":{"rendered":"<div class=\"flex_column av_one_full  flex_column_div av-zero-column-padding first  avia-builder-el-0  el_before_av_one_full  avia-builder-el-first  \" style='border-radius:0px; '><div  class='avia-image-container  av-styling-    avia-builder-el-1  avia-builder-el-no-sibling  avia-align-center '  itemprop=\"image\" itemscope=\"itemscope\" itemtype=\"https:\/\/schema.org\/ImageObject\"  ><div class='avia-image-container-inner'><div class='avia-image-overlay-wrap'><img decoding=\"async\" class='wp-image-0 avia-img-lazy-loading-not-0 avia_image' src=\"https:\/\/radiorevelacionfm.cl\/wp-content\/uploads\/2021\/05\/Corfo-2-1-1.jpg\" alt='' title=''   itemprop=\"thumbnailUrl\"  \/><\/div><\/div><\/div><\/div>\n<div class=\"flex_column av_one_full  flex_column_div av-zero-column-padding first  avia-builder-el-2  el_after_av_one_full  el_before_av_one_full  column-top-margin\" style='border-radius:0px; '><section class=\"av_textblock_section \"  itemscope=\"itemscope\" itemtype=\"https:\/\/schema.org\/BlogPosting\" itemprop=\"blogPost\" ><div class='avia_textblock  '   itemprop=\"text\" ><p style=\"text-align: center;\"><strong><span style=\"font-size: 18pt;\">Director de Corfo Ays\u00e9n por rechazo del Core \u00abLo lamentamos por los prestadores de servicios acu\u00edcolas de la regi\u00f3n\u00bb<\/span><\/strong><\/p>\n<div id=\"gtx-trans\" style=\"position: absolute; left: -50px; top: 4.31534px;\">\n<div class=\"gtx-trans-icon\"><\/div>\n<\/div>\n<\/div><\/section><\/div><div class=\"flex_column av_one_full  flex_column_div av-zero-column-padding first  avia-builder-el-4  el_after_av_one_full  el_before_av_hr  column-top-margin\" style='border-radius:0px; '><section class=\"av_textblock_section \"  itemscope=\"itemscope\" itemtype=\"https:\/\/schema.org\/BlogPosting\" itemprop=\"blogPost\" ><div class='avia_textblock  '   itemprop=\"text\" ><p class=\"v1MsoNormal\" style=\"text-align: justify;\">As\u00ed lo indic\u00f3 Omar Mu\u00f1oz Sierra, director de Corfo, frente al rechazo del pleno del Consejo Regional de Ays\u00e9n, del programa \u00abFortalecimiento de la Competitividad de Proveedores de Servicios Acu\u00edcolas\u00bb, presentada el viernes pasado en sesi\u00f3n ordinaria de dicho cuerpo colegiado.<\/p>\n<p class=\"v1MsoNormal\" style=\"text-align: justify;\">Al respecto, indic\u00f3 que \u00abaqu\u00ed los que pierden no son el gobierno, ni la Corfo. Los que van a seguir esperando son los proveedores de la industria acu\u00edcola que ten\u00edan sus esperanzas puestas en la aprobaci\u00f3n de este programa\u00bb.<\/p>\n<p class=\"v1MsoNormal\" style=\"text-align: justify;\">La propuesta de Corfo buscaba apoyar a las micro, peque\u00f1as y medianas empresas locales que prestan servicios a la salmonicultura, como servicios de buceo, rob\u00f3tica submarina, transporte mar\u00edtimo, cabotaje, mantenciones, limpieza de playas, transporte terrestre, entre otros. As\u00ed lo detall\u00f3 Mu\u00f1oz, precisando que \u00abel programa ten\u00eda como objetivo mejorar la competitividad de estos prestadores de servicio de la industria acu\u00edcola, a trav\u00e9s de capacitaciones y certificaciones al capital humano; apoyo a la inversi\u00f3n productiva; fortalecimiento del trabajo de redes y colaborativo, as\u00ed como del ecosistema empresarial, con la finalidad de que estas mipymes pueden acceder a m\u00e1s y mejores contratos con las salmoneras que operan en la regi\u00f3n\u00bb.<\/p>\n<p class=\"v1MsoNormal\" style=\"text-align: justify;\">Mu\u00f1oz indic\u00f3 que desde el programa de Corfo, PTI Desarrollo de Fiordos y Canales (que comenz\u00f3 a ejecutarse el a\u00f1o 2019), se ha logrado identificar a m\u00e1s de 200 empresas locales ligadas directa o indirectamente a la industria acu\u00edcola y a la producci\u00f3n en mar y seg\u00fan una muestra de 80 empresas, un 87% de ellas son micro y peque\u00f1as empresas. \u00abEl 83% de los recursos que las salmoneras gastan en contrataci\u00f3n de servicios, se van a empresas de fuera de la regi\u00f3n y s\u00f3lo el 17% de los recursos son para las empresas proveedoras de servicios de la Regi\u00f3n de Ays\u00e9n. Ello porque las empresas locales carecen de ciertas competencias, de sofisticaci\u00f3n tecnol\u00f3gica y, por lo tanto, hay muchas tareas que no est\u00e1n en condiciones de desarrollar, raz\u00f3n por la cual ser\u00edan apoyadas por esta iniciativa\u00bb, se\u00f1al\u00f3.<\/p>\n<p class=\"v1MsoNormal\" style=\"text-align: justify;\"><b>PROGRAMA PESCADORES ARTESANALES<\/b><\/p>\n<p class=\"v1MsoNormal\" style=\"text-align: justify;\">Durante la sesi\u00f3n del viernes, el director de Corfo fue emplazado por algunos Consejeros y Consejeras, sobre la ejecuci\u00f3n de un programa dirigido a pescadores artesanales. \u00abEl Gobierno Regional a petici\u00f3n de la Intendenta Margarita Ossa Rojas, a trav\u00e9s de la Divisi\u00f3n de Planificaci\u00f3n y Desarrollo Regional, DIPLADE, y la Divisi\u00f3n de Fomento e Industria, DIFOI, est\u00e1n formulando un segundo programa focalizado en la pesca artesanal. Como Corfo estuvimos disponibles para eso. Sin embargo, nuestros instrumentos no son los m\u00e1s adecuados para ese segmento empresarial como son los pescadores artesanales y, por lo tanto, a nosotros nunca se nos encomend\u00f3 que formul\u00e1ramos ese programa y obviamente Corfo nunca se comprometi\u00f3 a desarrollarlo\u00bb.<\/p>\n<p class=\"v1MsoNormal\" style=\"text-align: justify;\"><b>FOCALIZACI\u00d3N TERRITORIAL<\/b><\/p>\n<p class=\"v1MsoNormal\" style=\"text-align: justify;\">Otro de los cuestionamientos presentados por el CORE, es que el programa no daba garant\u00edas de que los recursos fueran entregados directamente a mipymes de la regi\u00f3n. \u00abComo Corfo tenemos diferentes instrumentos para apoyar la competitividad en los territorios y una de las plusval\u00edas que tienen, es que estos se pueden focalizar tanto en territorios como en sectores productivos. Prueba de ello, es que durante el a\u00f1o pasado desde Corfo dispusimos 670 millones de pesos a trav\u00e9s del programa PAR Impulsa de reactivaci\u00f3n econ\u00f3mica que fueron entregados a emprendedores y emprendedoras de provincias definidas y de sectores productivos espec\u00edficos, as\u00ed como con foco en empresas lideradas por mujeres. Esto nos habla de la flexibilidad que tienen nuestros instrumentos, para garantizar que los recursos aqu\u00ed entregados ser\u00edan para aquellas que funcionan en el territorio de Ays\u00e9n\u00bb.<\/p>\n<p class=\"v1MsoNormal\" style=\"text-align: justify;\">Respecto a que, desde los respectivos ministerios se gestiona escaso presupuesto sectorial para iniciativas locales, Mu\u00f1oz indic\u00f3 que\u00a0<span lang=\"EN-US\">\u00ab<\/span>en este programa que se present\u00f3, como Corfo est\u00e1bamos haciendo un co-aporte de $1.600 millones; los privados beneficiarios del programa aportaban $1.100 millones y se le ped\u00eda al Gobierno Regional $3.600 millones. Por lo tanto, aqu\u00ed hab\u00eda un esfuerzo de financiamiento tripartito. Quiero ser enf\u00e1tico en se\u00f1alar que Corfo es una de las unidades t\u00e9cnicas de fomento productivo que, durante los \u00faltimos a\u00f1os, m\u00e1s co-financiamiento a allegado a las iniciativas que ha presentado al Gobierno Regional\u00bb.<\/p>\n<p class=\"v1MsoNormal\" style=\"text-align: justify;\">Finalmente, Mu\u00f1oz manifest\u00f3 que \u00abcreemos que los argumentos dados para rechazar la iniciativa, no tienen fundamentos. Nuestro rol desde Corfo es ser la unidad t\u00e9cnica del Gobierno Regional, y estaremos a disposici\u00f3n de la nueva Gobernadora Regional, para cuando asuma el cargo, con todos nuestros instrumentos para continuar apoyando en mejorar la competitividad de las mipymes de nuestra regi\u00f3n\u00bb, concluy\u00f3.<\/p>\n<div style=\"text-align: justify;\"><\/div>\n<\/div><\/section><\/div><\/p>\n<div  style='height:50px' class='hr hr-invisible   avia-builder-el-6  el_after_av_one_full  el_before_av_social_share '><span class='hr-inner ' ><span class='hr-inner-style'><\/span><\/span><\/div>\n<div  class='av-social-sharing-box  avia-builder-el-7  el_after_av_hr  el_before_av_hr  '><div class='av-share-box'><h5 class='av-share-link-description av-no-toc '>Compartir esta noticia<\/h5><ul class='av-share-box-list noLightbox'><li class='av-share-link av-social-link-facebook' ><a target=\"_blank\" aria-label=\"Compartir en Facebook\" href='https:\/\/www.facebook.com\/sharer.php?u=https:\/\/radiorevelacionfm.cl\/?p=4706&#038;t=Director%20de%20Corfo%20Ays%C3%A9n%20por%20rechazo%20del%20Core%20%C2%ABLo%20lamentamos%20por%20los%20prestadores%20de%20servicios%20acu%C3%ADcolas%20de%20la%20regi%C3%B3n%C2%BB' aria-hidden='false' data-av_icon='\ue8f3' data-av_iconfont='entypo-fontello' title='' data-avia-related-tooltip='Compartir en Facebook' rel=\"noopener\"><span class='avia_hidden_link_text'>Compartir en Facebook<\/span><\/a><\/li><li class='av-share-link av-social-link-twitter' ><a target=\"_blank\" aria-label=\"Compartir en Twitter\" href='https:\/\/twitter.com\/share?text=Director%20de%20Corfo%20Ays%C3%A9n%20por%20rechazo%20del%20Core%20%C2%ABLo%20lamentamos%20por%20los%20prestadores%20de%20servicios%20acu%C3%ADcolas%20de%20la%20regi%C3%B3n%C2%BB&#038;url=https:\/\/radiorevelacionfm.cl\/?p=4706' aria-hidden='false' data-av_icon='\ue8f1' data-av_iconfont='entypo-fontello' title='' data-avia-related-tooltip='Compartir en Twitter' rel=\"noopener\"><span class='avia_hidden_link_text'>Compartir en Twitter<\/span><\/a><\/li><li class='av-share-link av-social-link-whatsapp' ><a target=\"_blank\" aria-label=\"Compartir en Whatsapp\" href='https:\/\/api.whatsapp.com\/send?text=https:\/\/radiorevelacionfm.cl\/?p=4706' aria-hidden='false' data-av_icon='\uf232' data-av_iconfont='entypo-fontello' title='' data-avia-related-tooltip='Compartir en Whatsapp' rel=\"noopener\"><span class='avia_hidden_link_text'>Compartir en Whatsapp<\/span><\/a><\/li><li class='av-share-link av-social-link-linkedin' ><a target=\"_blank\" aria-label=\"Compartir en LinkedIn\" href='https:\/\/linkedin.com\/shareArticle?mini=true&#038;title=Director%20de%20Corfo%20Ays%C3%A9n%20por%20rechazo%20del%20Core%20%C2%ABLo%20lamentamos%20por%20los%20prestadores%20de%20servicios%20acu%C3%ADcolas%20de%20la%20regi%C3%B3n%C2%BB&#038;url=https:\/\/radiorevelacionfm.cl\/?p=4706' aria-hidden='false' data-av_icon='\ue8fc' data-av_iconfont='entypo-fontello' title='' data-avia-related-tooltip='Compartir en LinkedIn' rel=\"noopener\"><span class='avia_hidden_link_text'>Compartir en LinkedIn<\/span><\/a><\/li><li class='av-share-link av-social-link-mail' ><a  aria-label=\"Compartir por correo\" href='mailto:?subject=Director%20de%20Corfo%20Ays%C3%A9n%20por%20rechazo%20del%20Core%20%C2%ABLo%20lamentamos%20por%20los%20prestadores%20de%20servicios%20acu%C3%ADcolas%20de%20la%20regi%C3%B3n%C2%BB&#038;body=https:\/\/radiorevelacionfm.cl\/?p=4706' aria-hidden='false' data-av_icon='\ue805' data-av_iconfont='entypo-fontello' title='' data-avia-related-tooltip='Compartir por correo'><span class='avia_hidden_link_text'>Compartir por correo<\/span><\/a><\/li><\/ul><\/div><\/div>\n<div  style='height:50px' class='hr hr-invisible   avia-builder-el-8  el_after_av_social_share  el_before_av_comments_list '><span class='hr-inner ' ><span class='hr-inner-style'><\/span><\/span><\/div>\n<div  class='av-buildercomment  av-blog-meta-html-info-disabled av-blog-meta-tag-disabled  '><\/div>\n","protected":false},"excerpt":{"rendered":"","protected":false},"author":1,"featured_media":0,"comment_status":"open","ping_status":"open","sticky":false,"template":"","format":"standard","meta":{"footnotes":""},"categories":[38],"tags":[],"class_list":["post-4706","post","type-post","status-publish","format-standard","hentry","category-regional"],"jetpack_featured_media_url":"","_links":{"self":[{"href":"https:\/\/radiorevelacionfm.cl\/index.php?rest_route=\/wp\/v2\/posts\/4706","targetHints":{"allow":["GET"]}}],"collection":[{"href":"https:\/\/radiorevelacionfm.cl\/index.php?rest_route=\/wp\/v2\/posts"}],"about":[{"href":"https:\/\/radiorevelacionfm.cl\/index.php?rest_route=\/wp\/v2\/types\/post"}],"author":[{"embeddable":true,"href":"https:\/\/radiorevelacionfm.cl\/index.php?rest_route=\/wp\/v2\/users\/1"}],"replies":[{"embeddable":true,"href":"https:\/\/radiorevelacionfm.cl\/index.php?rest_route=%2Fwp%2Fv2%2Fcomments&post=4706"}],"version-history":[{"count":2,"href":"https:\/\/radiorevelacionfm.cl\/index.php?rest_route=\/wp\/v2\/posts\/4706\/revisions"}],"predecessor-version":[{"id":4709,"href":"https:\/\/radiorevelacionfm.cl\/index.php?rest_route=\/wp\/v2\/posts\/4706\/revisions\/4709"}],"wp:attachment":[{"href":"https:\/\/radiorevelacionfm.cl\/index.php?rest_route=%2Fwp%2Fv2%2Fmedia&parent=4706"}],"wp:term":[{"taxonomy":"category","embeddable":true,"href":"https:\/\/radiorevelacionfm.cl\/index.php?rest_route=%2Fwp%2Fv2%2Fcategories&post=4706"},{"taxonomy":"post_tag","embeddable":true,"href":"https:\/\/radiorevelacionfm.cl\/index.php?rest_route=%2Fwp%2Fv2%2Ftags&post=4706"}],"curies":[{"name":"wp","href":"https:\/\/api.w.org\/{rel}","templated":true}]}}