{"id":47059,"date":"2024-10-14T15:57:12","date_gmt":"2024-10-14T18:57:12","guid":{"rendered":"https:\/\/radiorevelacionfm.cl\/?p=47059"},"modified":"2024-10-14T15:57:12","modified_gmt":"2024-10-14T18:57:12","slug":"en-su-aniversario-90-puerto-chacabuco-realizo-por-primera-vez-desfile-civico-militar","status":"publish","type":"post","link":"https:\/\/radiorevelacionfm.cl\/?p=47059","title":{"rendered":"En su aniversario 90 Puerto Chacabuco realiz\u00f3 por primera vez Desfile C\u00edvico \u2013 Militar"},"content":{"rendered":"<div class=\"flex_column av_one_full  flex_column_div av-zero-column-padding first  avia-builder-el-0  el_before_av_one_full  avia-builder-el-first  \" style='border-radius:0px; '><div  class='avia-image-container  av-styling-    avia-builder-el-1  avia-builder-el-no-sibling  avia-align-center '  itemprop=\"image\" itemscope=\"itemscope\" itemtype=\"https:\/\/schema.org\/ImageObject\"  ><div class='avia-image-container-inner'><div class='avia-image-overlay-wrap'><img decoding=\"async\" class='wp-image-47060 avia-img-lazy-loading-not-47060 avia_image' src=\"https:\/\/radiorevelacionfm.cl\/wp-content\/uploads\/2024\/10\/90-aniversario-chacabuco-8-1_optimized-1.jpg\" alt='' title='90-aniversario-chacabuco-8-(1)_optimized (1)' height=\"600\" width=\"800\"  itemprop=\"thumbnailUrl\" srcset=\"https:\/\/radiorevelacionfm.cl\/wp-content\/uploads\/2024\/10\/90-aniversario-chacabuco-8-1_optimized-1.jpg 800w, https:\/\/radiorevelacionfm.cl\/wp-content\/uploads\/2024\/10\/90-aniversario-chacabuco-8-1_optimized-1-300x225.jpg 300w, https:\/\/radiorevelacionfm.cl\/wp-content\/uploads\/2024\/10\/90-aniversario-chacabuco-8-1_optimized-1-768x576.jpg 768w, https:\/\/radiorevelacionfm.cl\/wp-content\/uploads\/2024\/10\/90-aniversario-chacabuco-8-1_optimized-1-705x529.jpg 705w, https:\/\/radiorevelacionfm.cl\/wp-content\/uploads\/2024\/10\/90-aniversario-chacabuco-8-1_optimized-1-450x338.jpg 450w, https:\/\/radiorevelacionfm.cl\/wp-content\/uploads\/2024\/10\/90-aniversario-chacabuco-8-1_optimized-1-600x450.jpg 600w\" sizes=\"(max-width: 800px) 100vw, 800px\" \/><\/div><\/div><\/div><\/div><div class=\"flex_column av_one_full  flex_column_div av-zero-column-padding first  avia-builder-el-2  el_after_av_one_full  el_before_av_one_full  column-top-margin\" style='border-radius:0px; '><section class=\"av_textblock_section \"  itemscope=\"itemscope\" itemtype=\"https:\/\/schema.org\/BlogPosting\" itemprop=\"blogPost\" ><div class='avia_textblock  '   itemprop=\"text\" ><p style=\"text-align: center;\"><strong><span style=\"font-size: 18pt;\">En su aniversario 90 Puerto Chacabuco realiz\u00f3 por primera vez Desfile C\u00edvico \u2013 Militar<\/span><\/strong><\/p>\n<div id=\"gtx-trans\" style=\"position: absolute; left: -50px; top: 4.31534px;\">\n<div class=\"gtx-trans-icon\"><\/div>\n<\/div>\n<\/div><\/section><\/div><div class=\"flex_column av_one_full  flex_column_div av-zero-column-padding first  avia-builder-el-4  el_after_av_one_full  el_before_av_hr  column-top-margin\" style='border-radius:0px; '><section class=\"av_textblock_section \"  itemscope=\"itemscope\" itemtype=\"https:\/\/schema.org\/BlogPosting\" itemprop=\"blogPost\" ><div class='avia_textblock  '   itemprop=\"text\" ><p style=\"text-align: justify;\">Con la comunidad que se volc\u00f3 a la calle principal de la localidad, se realiz\u00f3 por primera vez, un Desfile C\u00edvico \u2013 Militar, por el aniversario N\u00b090 de Puerto Chacabuco. Ceremonia que se pudo coordinar entre la comisi\u00f3n aniversario, el Municipio y el Ejercito.<\/p>\n<p style=\"text-align: justify;\">Autoridades regionales, provinciales y comunales, dirigentes y una gran cantidad de familias se acercaron hasta la avenida Bernardo O\u00b4higgins, para ver el paso de las Fuerzas Armadas, voluntariados, colegios, organizaciones sociales y culturales.<\/p>\n<p style=\"text-align: justify;\">\u201cEs muy importante estar presente en estas actividades que ayudan a mejorar las relaciones, el contacto con los civiles de nuestra comuna, que siempre estamos apoyando en diferentes actividades, ya sea, en cat\u00e1strofes, en repartir le\u00f1a a nuestros adultos mayores, as\u00ed es que, es importante para nosotros hacernos presente en estas actividades que ayudan a fortalecer a la comunidad y al \u00e1mbito militar\u201d, manifest\u00f3 el Comandante del Regimiento N\u00b08 Chilo\u00e9, Coronel Pedro Abarca.<\/p>\n<p style=\"text-align: justify;\">El Alcalde (s) de la comuna de Ays\u00e9n, Oscar Azocar, destac\u00f3 el impecable desfile C\u00edvico \u2013 Militar, realizado por los 90 a\u00f1os de Puerto Chacabuco.<\/p>\n<p style=\"text-align: justify;\">\u201cUn trabajo conjunto entre las organizaciones de la sociedad civil, las Fuerzas Armadas y el Municipio, logramos llevar a cabo este desfile de manera impecable, en conmemoraci\u00f3n del aniversario de la localidad de Puerto Chacabuco. Tambi\u00e9n nos gustar\u00eda invitar a todos los vecinos y vecinas, a que se acerquen a disfrutar de las diversas actividades, que tanto, la organizaci\u00f3n del aniversario con apoyo de la Municipalidad y la empresa privada han desarrollado para poder celebrar este aniversario\u201d.<\/p>\n<p style=\"text-align: justify;\">Agradecida de todas las empresas que operan en la localidad por su constante colaboraci\u00f3n, como as\u00ed tambi\u00e9n, de las organizaciones sociales, las Fuerzas Armadas y el Municipio, se mostr\u00f3 la coordinadora del aniversario 90 de Chacabuco, Rosa Almonacid.<\/p>\n<p style=\"text-align: justify;\">\u201cMe parece que, es la primera vez que se realiza un desfile c\u00edvico \u2013 militar, en alguna ocasi\u00f3n se hizo, pero c\u00edvico solamente. Feliz, estoy conforme, me toc\u00f3 estar a cargo de la organizaci\u00f3n y este a\u00f1o quisimos realizar m\u00e1s actividades. Quiero dar las gracias, a todas las autoridades que estuvieron presentes el d\u00eda de hoy, agradecer al Municipio, porque igual puso harto de su parte, agradecer tambi\u00e9n a todas las empresas que han colaborado, estamos contentas por todo\u201d.<\/p>\n<p style=\"text-align: justify;\">Para este fin de semana en los 90 a\u00f1os de Puerto Chacabuco, se contemplan una serie de actividades recreativas, culturales, show en vivo y que finalizar\u00e1n el domingo con \u201cel broche de oro en el litoral\u201d las primeras jineteadas de la localidad.<\/p>\n<\/div><\/section><\/div><div  style='height:50px' class='hr hr-invisible   avia-builder-el-6  el_after_av_one_full  el_before_av_social_share '><span class='hr-inner ' ><span class='hr-inner-style'><\/span><\/span><\/div><\/p>\n<div  class='av-social-sharing-box  avia-builder-el-7  el_after_av_hr  el_before_av_hr  '><div class='av-share-box'><h5 class='av-share-link-description av-no-toc '>Compartir esta noticia<\/h5><ul class='av-share-box-list noLightbox'><li class='av-share-link av-social-link-facebook' ><a target=\"_blank\" aria-label=\"Compartir en Facebook\" href='https:\/\/www.facebook.com\/sharer.php?u=https:\/\/radiorevelacionfm.cl\/?p=47059&#038;t=En%20su%20aniversario%2090%20Puerto%20Chacabuco%20realiz%C3%B3%20por%20primera%20vez%20Desfile%20C%C3%ADvico%20%E2%80%93%20Militar' aria-hidden='false' data-av_icon='\ue8f3' data-av_iconfont='entypo-fontello' title='' data-avia-related-tooltip='Compartir en Facebook' rel=\"noopener\"><span class='avia_hidden_link_text'>Compartir en Facebook<\/span><\/a><\/li><li class='av-share-link av-social-link-twitter' ><a target=\"_blank\" aria-label=\"Compartir en Twitter\" href='https:\/\/twitter.com\/share?text=En%20su%20aniversario%2090%20Puerto%20Chacabuco%20realiz%C3%B3%20por%20primera%20vez%20Desfile%20C%C3%ADvico%20%E2%80%93%20Militar&#038;url=https:\/\/radiorevelacionfm.cl\/?p=47059' aria-hidden='false' data-av_icon='\ue8f1' data-av_iconfont='entypo-fontello' title='' data-avia-related-tooltip='Compartir en Twitter' rel=\"noopener\"><span class='avia_hidden_link_text'>Compartir en Twitter<\/span><\/a><\/li><li class='av-share-link av-social-link-whatsapp' ><a target=\"_blank\" aria-label=\"Compartir en Whatsapp\" href='https:\/\/api.whatsapp.com\/send?text=https:\/\/radiorevelacionfm.cl\/?p=47059' aria-hidden='false' data-av_icon='\uf232' data-av_iconfont='entypo-fontello' title='' data-avia-related-tooltip='Compartir en Whatsapp' rel=\"noopener\"><span class='avia_hidden_link_text'>Compartir en Whatsapp<\/span><\/a><\/li><li class='av-share-link av-social-link-linkedin' ><a target=\"_blank\" aria-label=\"Compartir en LinkedIn\" href='https:\/\/linkedin.com\/shareArticle?mini=true&#038;title=En%20su%20aniversario%2090%20Puerto%20Chacabuco%20realiz%C3%B3%20por%20primera%20vez%20Desfile%20C%C3%ADvico%20%E2%80%93%20Militar&#038;url=https:\/\/radiorevelacionfm.cl\/?p=47059' aria-hidden='false' data-av_icon='\ue8fc' data-av_iconfont='entypo-fontello' title='' data-avia-related-tooltip='Compartir en LinkedIn' rel=\"noopener\"><span class='avia_hidden_link_text'>Compartir en LinkedIn<\/span><\/a><\/li><li class='av-share-link av-social-link-mail' ><a  aria-label=\"Compartir por correo\" href='mailto:?subject=En%20su%20aniversario%2090%20Puerto%20Chacabuco%20realiz%C3%B3%20por%20primera%20vez%20Desfile%20C%C3%ADvico%20%E2%80%93%20Militar&#038;body=https:\/\/radiorevelacionfm.cl\/?p=47059' aria-hidden='false' data-av_icon='\ue805' data-av_iconfont='entypo-fontello' title='' data-avia-related-tooltip='Compartir por correo'><span class='avia_hidden_link_text'>Compartir por correo<\/span><\/a><\/li><\/ul><\/div><\/div>\n<div  style='height:50px' class='hr hr-invisible   avia-builder-el-8  el_after_av_social_share  el_before_av_comments_list '><span class='hr-inner ' ><span class='hr-inner-style'><\/span><\/span><\/div>\n<div  class='av-buildercomment  av-blog-meta-html-info-disabled av-blog-meta-tag-disabled  '><\/div>\n","protected":false},"excerpt":{"rendered":"","protected":false},"author":1,"featured_media":47060,"comment_status":"open","ping_status":"open","sticky":false,"template":"","format":"standard","meta":{"footnotes":""},"categories":[38],"tags":[],"class_list":["post-47059","post","type-post","status-publish","format-standard","has-post-thumbnail","hentry","category-regional"],"jetpack_featured_media_url":"https:\/\/radiorevelacionfm.cl\/wp-content\/uploads\/2024\/10\/90-aniversario-chacabuco-8-1_optimized-1.jpg","_links":{"self":[{"href":"https:\/\/radiorevelacionfm.cl\/index.php?rest_route=\/wp\/v2\/posts\/47059","targetHints":{"allow":["GET"]}}],"collection":[{"href":"https:\/\/radiorevelacionfm.cl\/index.php?rest_route=\/wp\/v2\/posts"}],"about":[{"href":"https:\/\/radiorevelacionfm.cl\/index.php?rest_route=\/wp\/v2\/types\/post"}],"author":[{"embeddable":true,"href":"https:\/\/radiorevelacionfm.cl\/index.php?rest_route=\/wp\/v2\/users\/1"}],"replies":[{"embeddable":true,"href":"https:\/\/radiorevelacionfm.cl\/index.php?rest_route=%2Fwp%2Fv2%2Fcomments&post=47059"}],"version-history":[{"count":1,"href":"https:\/\/radiorevelacionfm.cl\/index.php?rest_route=\/wp\/v2\/posts\/47059\/revisions"}],"predecessor-version":[{"id":47061,"href":"https:\/\/radiorevelacionfm.cl\/index.php?rest_route=\/wp\/v2\/posts\/47059\/revisions\/47061"}],"wp:featuredmedia":[{"embeddable":true,"href":"https:\/\/radiorevelacionfm.cl\/index.php?rest_route=\/wp\/v2\/media\/47060"}],"wp:attachment":[{"href":"https:\/\/radiorevelacionfm.cl\/index.php?rest_route=%2Fwp%2Fv2%2Fmedia&parent=47059"}],"wp:term":[{"taxonomy":"category","embeddable":true,"href":"https:\/\/radiorevelacionfm.cl\/index.php?rest_route=%2Fwp%2Fv2%2Fcategories&post=47059"},{"taxonomy":"post_tag","embeddable":true,"href":"https:\/\/radiorevelacionfm.cl\/index.php?rest_route=%2Fwp%2Fv2%2Ftags&post=47059"}],"curies":[{"name":"wp","href":"https:\/\/api.w.org\/{rel}","templated":true}]}}