{"id":47056,"date":"2024-10-14T20:07:54","date_gmt":"2024-10-14T23:07:54","guid":{"rendered":"https:\/\/radiorevelacionfm.cl\/?p=47056"},"modified":"2024-10-14T20:07:54","modified_gmt":"2024-10-14T23:07:54","slug":"inia-capacita-a-productores-en-aysen-en-monitoreo-de-plagas-en-praderas-y-cultivos-forrajeros","status":"publish","type":"post","link":"https:\/\/radiorevelacionfm.cl\/?p=47056","title":{"rendered":"INIA capacita a productores en Ays\u00e9n en monitoreo de plagas en praderas y cultivos forrajeros"},"content":{"rendered":"<div class=\"flex_column av_one_full  flex_column_div av-zero-column-padding first  avia-builder-el-0  el_before_av_one_full  avia-builder-el-first  \" style='border-radius:0px; '><div  class='avia-image-container  av-styling-    avia-builder-el-1  avia-builder-el-no-sibling  avia-align-center '  itemprop=\"image\" itemscope=\"itemscope\" itemtype=\"https:\/\/schema.org\/ImageObject\"  ><div class='avia-image-container-inner'><div class='avia-image-overlay-wrap'><img decoding=\"async\" class='wp-image-47057 avia-img-lazy-loading-not-47057 avia_image' src=\"https:\/\/radiorevelacionfm.cl\/wp-content\/uploads\/2024\/10\/z9a1680-1_optimized.jpg\" alt='' title='_z9a1680-(1)_optimized' height=\"600\" width=\"900\"  itemprop=\"thumbnailUrl\" srcset=\"https:\/\/radiorevelacionfm.cl\/wp-content\/uploads\/2024\/10\/z9a1680-1_optimized.jpg 900w, https:\/\/radiorevelacionfm.cl\/wp-content\/uploads\/2024\/10\/z9a1680-1_optimized-300x200.jpg 300w, https:\/\/radiorevelacionfm.cl\/wp-content\/uploads\/2024\/10\/z9a1680-1_optimized-768x512.jpg 768w, https:\/\/radiorevelacionfm.cl\/wp-content\/uploads\/2024\/10\/z9a1680-1_optimized-705x470.jpg 705w, https:\/\/radiorevelacionfm.cl\/wp-content\/uploads\/2024\/10\/z9a1680-1_optimized-450x300.jpg 450w, https:\/\/radiorevelacionfm.cl\/wp-content\/uploads\/2024\/10\/z9a1680-1_optimized-600x400.jpg 600w\" sizes=\"(max-width: 900px) 100vw, 900px\" \/><\/div><\/div><\/div><\/div><div class=\"flex_column av_one_full  flex_column_div av-zero-column-padding first  avia-builder-el-2  el_after_av_one_full  el_before_av_one_full  column-top-margin\" style='border-radius:0px; '><section class=\"av_textblock_section \"  itemscope=\"itemscope\" itemtype=\"https:\/\/schema.org\/BlogPosting\" itemprop=\"blogPost\" ><div class='avia_textblock  '   itemprop=\"text\" ><p style=\"text-align: center;\"><strong><span style=\"font-size: 18pt;\">INIA capacita a productores en Ays\u00e9n en monitoreo de plagas en praderas y cultivos forrajeros<\/span><\/strong><\/p>\n<div id=\"gtx-trans\" style=\"position: absolute; left: -50px; top: 4.31534px;\">\n<div class=\"gtx-trans-icon\"><\/div>\n<\/div>\n<\/div><\/section><\/div><div class=\"flex_column av_one_full  flex_column_div av-zero-column-padding first  avia-builder-el-4  el_after_av_one_full  el_before_av_hr  column-top-margin\" style='border-radius:0px; '><section class=\"av_textblock_section \"  itemscope=\"itemscope\" itemtype=\"https:\/\/schema.org\/BlogPosting\" itemprop=\"blogPost\" ><div class='avia_textblock  '   itemprop=\"text\" ><p style=\"text-align: justify;\"><em>A trav\u00e9s de charlas t\u00e9cnicas y d\u00edas de campo se busc\u00f3 fortalecer el conocimiento de los productores locales en el monitoreo como herramienta b\u00e1sica para el control de plagas que afectan la producci\u00f3n y calidad del forraje.<\/em><\/p>\n<p style=\"text-align: justify;\">El programa \u00abManejo y Control de las Principales Plagas en Praderas y Cultivos Forrajeros de Ays\u00e9n,\u00bb financiado por el Gobierno Regional y ejecutado por INIA del Ministerio de Agricultura, ha centrado su trabajo en la generaci\u00f3n de conocimiento t\u00e9cnico para combatir plagas como la cuncunilla negra de las praderas. En este marco, se realizaron d\u00edas de campo en sectores de las provincias de Coyhaique y Ays\u00e9n, donde se llevaron a cabo actividades te\u00f3rico-pr\u00e1cticas que destacaron la importancia de la detecci\u00f3n y cuantificaci\u00f3n de plagas como la cuncunilla negra (Dalaca spp.), cuya proliferaci\u00f3n, impulsada por cambios ambientales y pr\u00e1cticas de manejo productivo, ha afectado la productividad forrajera, generando p\u00e9rdidas econ\u00f3micas.<\/p>\n<p style=\"text-align: justify;\">El seremi de Agricultura, Eugenio Ruiz, destac\u00f3 la importancia de contar con informaci\u00f3n veraz y herramientas efectivas para la detecci\u00f3n temprana de plagas, indicando que \u00abal controlar las plagas, vamos a tener praderas con mayor cantidad de alimento para nuestros animales y esto beneficia la rentabilidad de las praderas y la econom\u00eda de productoras y productores. En este sentido, la metodolog\u00eda que estamos utilizando junto a INIA, apunta tambi\u00e9n a mejorar los ecosistemas desde un punto de vista ambiental. Esto permite aportar m\u00e1s all\u00e1 del conocimiento, entregando una respuesta y soluci\u00f3n a las demandas que se requieren hoy en el territorio\u00bb, subray\u00f3 el titular de Agricultura, quien recalc\u00f3 el apoyo del Gobierno Regional de Ays\u00e9n en esta tarea.<\/p>\n<p style=\"text-align: justify;\"><strong>Un enfoque integral para el manejo de plagas<\/strong><\/p>\n<p style=\"text-align: justify;\">El programa Manejo y Control de las Principales Plagas en Praderas y Cultivos Forrajeros de la Regi\u00f3n de Ays\u00e9n tiene tres pilares fundamentales: La generaci\u00f3n de sistemas de manejo y control de plagas, la evaluaci\u00f3n econ\u00f3mica de los da\u00f1os y la difusi\u00f3n, transferencia de conocimientos y capacitaci\u00f3n.<\/p>\n<p style=\"text-align: justify;\">Por ello, seg\u00fan Camila Reyes, directora de INIA Tamel Aike, estas actividades buscaron entregar conocimiento en torno a estas plagas, a diversos grupos de la regi\u00f3n. \u00abEste programa lo que busca es aportar en el manejo y control de plagas que han ido apareciendo en los sistemas ganaderos, principalmente en praderas y cultivos forrajeros. A trav\u00e9s de estos talleres itinerantes hemos ido recorriendo las localidades m\u00e1s afectadas, compartiendo los conocimientos que se han ido generando, principalmente en lo que es el ataque de cuncunilla negra\u00bb, expres\u00f3.<\/p>\n<p style=\"text-align: justify;\">Los d\u00edas de campo se realizaron en tres localidades, comenzando el 8 de octubre en el predio El Honor, propiedad de Alamiro Sol\u00eds en Ensenada Valle Simpson, seguido del predio Las Golondrinas de la Sucesi\u00f3n Schwerter-G\u00f3mez en Villa Ma\u00f1ihuales el 9 de octubre y finalizando en Villa Los Torreones el 10 de octubre, en el campo del productor Timo Contreras. Actividades que contaron con el apoyo de INDAP y participaci\u00f3n del SAG.<\/p>\n<p style=\"text-align: justify;\">Para los productores, este programa representa una oportunidad esencial para preservar la rentabilidad de sus sistemas. Seg\u00fan V\u00edctor Hugo Morales, uno de los participantes en la charla del Sector Ensenada Valle Simpson, la actividad, \u00abme clarific\u00f3 muchas cosas. Nosotros, en el campo, tuvimos en el a\u00f1o 2020-2021 una plaga grande que nos cost\u00f3 bastante. Fue un 60% menos de producci\u00f3n de heno seco, y desde entonces empezamos a preocuparnos. Hoy en d\u00eda voy m\u00e1s claro con muchas cosas que nos explic\u00f3 el profe, que fueron bastante claras\u00bb, expres\u00f3. Asimismo, Celia Reuqu\u00e9n, productora de Villa Ma\u00f1ihuales que particip\u00f3 en la actividad realizada en esa localidad, coment\u00f3: \u00abEs bastante enriquecedora en realidad, porque hay cosas que uno sabe, pero, no del todo. Esta fue\u00a0 una charla m\u00e1s intensa en conocimiento\u00bb.<\/p>\n<p style=\"text-align: justify;\"><strong>Un desaf\u00edo urgente para la productividad<\/strong><\/p>\n<p style=\"text-align: justify;\">Para el Investigador de INIA La Cruz Ernesto Cisternas el desaf\u00edo de monitorear plagas como la cuncunilla negra y otras plagas emergentes es de suma urgencia, ya que la p\u00e9rdida de forraje puede alcanzar el 100% si no se toman las medidas correctas, afectando no solo la producci\u00f3n de carne, sino tambi\u00e9n incrementando los costos de insumos. \u00abHemos entregado conocimientos de c\u00f3mo tomar las muestras, c\u00f3mo analizarla muestra y cu\u00e1les son los insectos que ellos tienen que considerar para la estimaci\u00f3n de la poblaci\u00f3n en los potreros para tomar decisiones de manejo\u00bb, subray\u00f3.<\/p>\n<p style=\"text-align: justify;\">Por \u00faltimo el Investigador de INIA Tamel Aike, Osvaldo Teuber, destac\u00f3 que \u00abla idea es poder abarcar la mayor cantidad de valles productivos de Ays\u00e9n con este tipo de actividades, ya que en muchos de ellos se ha detectado alta presencia de la cuncunilla negra, durante esta primavera. Con estas charlas y d\u00edas de campo podemos acercar el conocimiento hacia los productores de los sectores, para que ellos tengan las herramientas para monitorearlas y para que el d\u00eda de ma\u00f1ana puedan tomar la mejor decisi\u00f3n para manejarla y controlarla\u00bb, se\u00f1al\u00f3.<\/p>\n<\/div><\/section><\/div><div  style='height:50px' class='hr hr-invisible   avia-builder-el-6  el_after_av_one_full  el_before_av_social_share '><span class='hr-inner ' ><span class='hr-inner-style'><\/span><\/span><\/div><\/p>\n<div  class='av-social-sharing-box  avia-builder-el-7  el_after_av_hr  el_before_av_hr  '><div class='av-share-box'><h5 class='av-share-link-description av-no-toc '>Compartir esta noticia<\/h5><ul class='av-share-box-list noLightbox'><li class='av-share-link av-social-link-facebook' ><a target=\"_blank\" aria-label=\"Compartir en Facebook\" href='https:\/\/www.facebook.com\/sharer.php?u=https:\/\/radiorevelacionfm.cl\/?p=47056&#038;t=INIA%20capacita%20a%20productores%20en%20Ays%C3%A9n%20en%20monitoreo%20de%20plagas%20en%20praderas%20y%20cultivos%20forrajeros' aria-hidden='false' data-av_icon='\ue8f3' data-av_iconfont='entypo-fontello' title='' data-avia-related-tooltip='Compartir en Facebook' rel=\"noopener\"><span class='avia_hidden_link_text'>Compartir en Facebook<\/span><\/a><\/li><li class='av-share-link av-social-link-twitter' ><a target=\"_blank\" aria-label=\"Compartir en Twitter\" href='https:\/\/twitter.com\/share?text=INIA%20capacita%20a%20productores%20en%20Ays%C3%A9n%20en%20monitoreo%20de%20plagas%20en%20praderas%20y%20cultivos%20forrajeros&#038;url=https:\/\/radiorevelacionfm.cl\/?p=47056' aria-hidden='false' data-av_icon='\ue8f1' data-av_iconfont='entypo-fontello' title='' data-avia-related-tooltip='Compartir en Twitter' rel=\"noopener\"><span class='avia_hidden_link_text'>Compartir en Twitter<\/span><\/a><\/li><li class='av-share-link av-social-link-whatsapp' ><a target=\"_blank\" aria-label=\"Compartir en Whatsapp\" href='https:\/\/api.whatsapp.com\/send?text=https:\/\/radiorevelacionfm.cl\/?p=47056' aria-hidden='false' data-av_icon='\uf232' data-av_iconfont='entypo-fontello' title='' data-avia-related-tooltip='Compartir en Whatsapp' rel=\"noopener\"><span class='avia_hidden_link_text'>Compartir en Whatsapp<\/span><\/a><\/li><li class='av-share-link av-social-link-linkedin' ><a target=\"_blank\" aria-label=\"Compartir en LinkedIn\" href='https:\/\/linkedin.com\/shareArticle?mini=true&#038;title=INIA%20capacita%20a%20productores%20en%20Ays%C3%A9n%20en%20monitoreo%20de%20plagas%20en%20praderas%20y%20cultivos%20forrajeros&#038;url=https:\/\/radiorevelacionfm.cl\/?p=47056' aria-hidden='false' data-av_icon='\ue8fc' data-av_iconfont='entypo-fontello' title='' data-avia-related-tooltip='Compartir en LinkedIn' rel=\"noopener\"><span class='avia_hidden_link_text'>Compartir en LinkedIn<\/span><\/a><\/li><li class='av-share-link av-social-link-mail' ><a  aria-label=\"Compartir por correo\" href='mailto:?subject=INIA%20capacita%20a%20productores%20en%20Ays%C3%A9n%20en%20monitoreo%20de%20plagas%20en%20praderas%20y%20cultivos%20forrajeros&#038;body=https:\/\/radiorevelacionfm.cl\/?p=47056' aria-hidden='false' data-av_icon='\ue805' data-av_iconfont='entypo-fontello' title='' data-avia-related-tooltip='Compartir por correo'><span class='avia_hidden_link_text'>Compartir por correo<\/span><\/a><\/li><\/ul><\/div><\/div>\n<div  style='height:50px' class='hr hr-invisible   avia-builder-el-8  el_after_av_social_share  el_before_av_comments_list '><span class='hr-inner ' ><span class='hr-inner-style'><\/span><\/span><\/div>\n<div  class='av-buildercomment  av-blog-meta-html-info-disabled av-blog-meta-tag-disabled  '><\/div>\n","protected":false},"excerpt":{"rendered":"","protected":false},"author":1,"featured_media":47057,"comment_status":"open","ping_status":"open","sticky":false,"template":"","format":"standard","meta":{"footnotes":""},"categories":[58],"tags":[],"class_list":["post-47056","post","type-post","status-publish","format-standard","has-post-thumbnail","hentry","category-agricultura"],"jetpack_featured_media_url":"https:\/\/radiorevelacionfm.cl\/wp-content\/uploads\/2024\/10\/z9a1680-1_optimized.jpg","_links":{"self":[{"href":"https:\/\/radiorevelacionfm.cl\/index.php?rest_route=\/wp\/v2\/posts\/47056","targetHints":{"allow":["GET"]}}],"collection":[{"href":"https:\/\/radiorevelacionfm.cl\/index.php?rest_route=\/wp\/v2\/posts"}],"about":[{"href":"https:\/\/radiorevelacionfm.cl\/index.php?rest_route=\/wp\/v2\/types\/post"}],"author":[{"embeddable":true,"href":"https:\/\/radiorevelacionfm.cl\/index.php?rest_route=\/wp\/v2\/users\/1"}],"replies":[{"embeddable":true,"href":"https:\/\/radiorevelacionfm.cl\/index.php?rest_route=%2Fwp%2Fv2%2Fcomments&post=47056"}],"version-history":[{"count":1,"href":"https:\/\/radiorevelacionfm.cl\/index.php?rest_route=\/wp\/v2\/posts\/47056\/revisions"}],"predecessor-version":[{"id":47058,"href":"https:\/\/radiorevelacionfm.cl\/index.php?rest_route=\/wp\/v2\/posts\/47056\/revisions\/47058"}],"wp:featuredmedia":[{"embeddable":true,"href":"https:\/\/radiorevelacionfm.cl\/index.php?rest_route=\/wp\/v2\/media\/47057"}],"wp:attachment":[{"href":"https:\/\/radiorevelacionfm.cl\/index.php?rest_route=%2Fwp%2Fv2%2Fmedia&parent=47056"}],"wp:term":[{"taxonomy":"category","embeddable":true,"href":"https:\/\/radiorevelacionfm.cl\/index.php?rest_route=%2Fwp%2Fv2%2Fcategories&post=47056"},{"taxonomy":"post_tag","embeddable":true,"href":"https:\/\/radiorevelacionfm.cl\/index.php?rest_route=%2Fwp%2Fv2%2Ftags&post=47056"}],"curies":[{"name":"wp","href":"https:\/\/api.w.org\/{rel}","templated":true}]}}