{"id":47044,"date":"2024-10-14T12:08:54","date_gmt":"2024-10-14T15:08:54","guid":{"rendered":"https:\/\/radiorevelacionfm.cl\/?p=47044"},"modified":"2024-10-14T12:12:03","modified_gmt":"2024-10-14T15:12:03","slug":"hablemos-de-todo-juventudes-del-liceo-manihuales-contaran-con-atencion-psicologica-presencial-a-traves-de-injuv","status":"publish","type":"post","link":"https:\/\/radiorevelacionfm.cl\/?p=47044","title":{"rendered":"Hablemos de Todo: Juventudes del Liceo Ma\u00f1ihuales contar\u00e1n con atenci\u00f3n psicol\u00f3gica presencial a trav\u00e9s de INJUV"},"content":{"rendered":"<div class=\"flex_column av_one_full  flex_column_div av-zero-column-padding first  avia-builder-el-0  el_before_av_one_full  avia-builder-el-first  \" style='border-radius:0px; '><div  class='avia-image-container  av-styling-    avia-builder-el-1  avia-builder-el-no-sibling  avia-align-center '  itemprop=\"image\" itemscope=\"itemscope\" itemtype=\"https:\/\/schema.org\/ImageObject\"  ><div class='avia-image-container-inner'><div class='avia-image-overlay-wrap'><img decoding=\"async\" class='wp-image-47045 avia-img-lazy-loading-not-47045 avia_image' src=\"https:\/\/radiorevelacionfm.cl\/wp-content\/uploads\/2024\/10\/foto-4-32-1_optimized-1.jpg\" alt='' title='foto-4-(32)-(1)_optimized (1)' height=\"600\" width=\"888\"  itemprop=\"thumbnailUrl\" srcset=\"https:\/\/radiorevelacionfm.cl\/wp-content\/uploads\/2024\/10\/foto-4-32-1_optimized-1.jpg 888w, https:\/\/radiorevelacionfm.cl\/wp-content\/uploads\/2024\/10\/foto-4-32-1_optimized-1-300x203.jpg 300w, https:\/\/radiorevelacionfm.cl\/wp-content\/uploads\/2024\/10\/foto-4-32-1_optimized-1-768x519.jpg 768w, https:\/\/radiorevelacionfm.cl\/wp-content\/uploads\/2024\/10\/foto-4-32-1_optimized-1-705x476.jpg 705w, https:\/\/radiorevelacionfm.cl\/wp-content\/uploads\/2024\/10\/foto-4-32-1_optimized-1-450x304.jpg 450w, https:\/\/radiorevelacionfm.cl\/wp-content\/uploads\/2024\/10\/foto-4-32-1_optimized-1-600x405.jpg 600w\" sizes=\"(max-width: 888px) 100vw, 888px\" \/><\/div><\/div><\/div><\/div>\n<div class=\"flex_column av_one_full  flex_column_div av-zero-column-padding first  avia-builder-el-2  el_after_av_one_full  el_before_av_one_full  column-top-margin\" style='border-radius:0px; '><section class=\"av_textblock_section \"  itemscope=\"itemscope\" itemtype=\"https:\/\/schema.org\/BlogPosting\" itemprop=\"blogPost\" ><div class='avia_textblock  '   itemprop=\"text\" ><p style=\"text-align: center;\"><strong><span style=\"font-size: 18pt;\">Hablemos de Todo: Juventudes del Liceo Ma\u00f1ihuales contar\u00e1n con atenci\u00f3n psicol\u00f3gica presencial a trav\u00e9s de INJUV<\/span><\/strong><\/p>\n<div id=\"gtx-trans\" style=\"position: absolute; left: -50px; top: 4.31534px;\">\n<div class=\"gtx-trans-icon\"><\/div>\n<\/div>\n<\/div><\/section><\/div><div class=\"flex_column av_one_full  flex_column_div av-zero-column-padding first  avia-builder-el-4  el_after_av_one_full  el_before_av_hr  column-top-margin\" style='border-radius:0px; '><section class=\"av_textblock_section \"  itemscope=\"itemscope\" itemtype=\"https:\/\/schema.org\/BlogPosting\" itemprop=\"blogPost\" ><div class='avia_textblock  '   itemprop=\"text\" ><p style=\"text-align: justify;\">Con el objetivo de contribuir a disminuir conductas de riesgo que afectan la salud f\u00edsica y mental de las juventudes, el Instituto Nacional de la Juventud de la regi\u00f3n, dio a conocer a la comunidad que se implementar\u00e1 en el Liceo Ma\u00f1ihuales un nuevo espacio de orientaci\u00f3n permanente enfocado en el bienestar y autocuidado de las y los j\u00f3venes.<\/p>\n<p style=\"text-align: justify;\">Esto se traduce en que las y los estudiantes podr\u00e1n contar a trav\u00e9s del programa Hablemos de Todo, con un psic\u00f3logo de INJUV Ays\u00e9n que se trasladar\u00e1 a trabajar en terreno de acuerdo a las necesidades que vayan surgiendo, previa organizaci\u00f3n con el departamento de convivencia escolar del establecimiento educacional.<\/p>\n<p style=\"text-align: justify;\">El lanzamiento de esta iniciativa estuvo acompa\u00f1ada por la presentaci\u00f3n del grupo\u00a0 de breakdance Incoherentes Crew, quienes fueron los encargados de animar a las juventudes y comunidad presente.<\/p>\n<p style=\"text-align: justify;\">\u201cEn el trabajo que hemos desarrollado durante el 2023 y 2024, nos hemos dado cuenta que las juventudes que viven en zonas alejadas muchas veces ven limitado el acceso a servicios de salud mental, actividades recreativas o de contar con redes de apoyo. Este aislamiento puede generar y\/o agudizar sentimientos de soledad, ansiedad y depresi\u00f3n. Sumado al estigma asociado con la salud mental, lo que muchas veces dificulta que busquen ayuda. Por esta raz\u00f3n, es que como INJUV hemos decidido trabajar en conjunto con el equipo de psic\u00f3logas del liceo a trav\u00e9s de nuestro programa <em>Hablemos de Todo<\/em>, para afrontar de forma articulada los desaf\u00edos presentes y poner a disposici\u00f3n de las juventudes nuestra oferta program\u00e1tica\u201d, indic\u00f3 el director regional de INJUV Ays\u00e9n, Camilo Trivi\u00f1o Urtubia.<\/p>\n<p style=\"text-align: justify;\">Mart\u00edn Rebolledo Becerra, presidente del Centro General de Estudiantes del Liceo Ma\u00f1ihuales, destac\u00f3 la gesti\u00f3n y explic\u00f3 que \u201ces una excelente iniciativa que nos beneficiar\u00e1 mucho, ac\u00e1 en Ma\u00f1ihuales no hay profesionales del \u00e1rea de la salud mental donde podamos recurrir si nos sentimos angustiados, nos servir\u00e1 mucho como liceo\u201d.<\/p>\n<p style=\"text-align: justify;\">En tanto, Gabriela Alvarado Uribe, vicepresidenta del Centro General de Estudiantes estudiante del Liceo Ma\u00f1ihuales, se\u00f1al\u00f3 que \u201cestamos s\u00faper contentos con esta\u00a0 iniciativa que se implementar\u00e1 en nuestro liceo, ya que\u00a0 puede ayudar mucho a la comunidad y m\u00e1s a las juventudes, dado que ac\u00e1 en Ma\u00f1ihuales no existe un\u00a0 lugar donde uno pueda acudir para conversar, desahogarse o simplemente sentirse escuchado\u201d.<\/p>\n<p style=\"text-align: justify;\">El programa Hablemos de Todo tiene tambi\u00e9n un servicio de chat en l\u00ednea gratuito, donde psic\u00f3logas y psic\u00f3logos atienden las consultas de las y los j\u00f3venes. Se encuentran operativos de lunes a viernes de 10:00 a 21:00 horas y los s\u00e1bados de 11:00 a 17:00 horas. A trav\u00e9s de la entrega de informaci\u00f3n, contenci\u00f3n o derivaci\u00f3n buscan dar respuesta eficaz a problemas o consultas de bienestar y autocuidado, las conversaciones entre las juventudes y el profesional de la salud mental son totalmente confidenciales.<\/p>\n<p style=\"text-align: justify;\">Las subtem\u00e1ticas que se han priorizado \u00a0durante este a\u00f1o 2024 son: Pr\u00e1ctica sexual segura; Actividad f\u00edsica y recreaci\u00f3n; Bullying o Acoso Escolar; V\u00ednculos sexo-afectivos; Trastorno de la conducta alimentaria; Salud menstrual, Embarazo no planificado; Ciberacoso; Violencia Ginecobstetricia; Violencia sexual; Discriminaci\u00f3n por diversidad; Alimentaci\u00f3n y Convivencia Vial.<\/p>\n<p style=\"text-align: justify;\">Las y los j\u00f3venes interesados en obtener informaci\u00f3n referente a los diversos temas mencionados anteriormente pueden acceder a trav\u00e9s del siguiente link: <a href=\"http:\/\/hablemosdetodo.injuv.gob.cl\">http:\/\/hablemosdetodo.injuv.gob.cl<\/a> , escribirnos a nuestras redes sociales,\u00a0 Fan Page, Instagram y Twitter @injuvaysen\u00a0o visitarnos presencialmente en la Direcci\u00f3n Regional de INJUV Ays\u00e9n, ubicada en Manuel Rodr\u00edguez #239, Coyhaique, de lunes a viernes durante las ma\u00f1anas de 09:00 a 13:00 horas y en la tardes de 14:00 a 17:30 horas, viernes hasta las 16:00 horas.<\/p>\n<\/div><\/section><\/div><\/p>\n<div  style='height:50px' class='hr hr-invisible   avia-builder-el-6  el_after_av_one_full  el_before_av_social_share '><span class='hr-inner ' ><span class='hr-inner-style'><\/span><\/span><\/div>\n<div  class='av-social-sharing-box  avia-builder-el-7  el_after_av_hr  el_before_av_hr  '><div class='av-share-box'><h5 class='av-share-link-description av-no-toc '>Compartir esta noticia<\/h5><ul class='av-share-box-list noLightbox'><li class='av-share-link av-social-link-facebook' ><a target=\"_blank\" aria-label=\"Compartir en Facebook\" href='https:\/\/www.facebook.com\/sharer.php?u=https:\/\/radiorevelacionfm.cl\/?p=47044&#038;t=Hablemos%20de%20Todo%3A%20Juventudes%20del%20Liceo%20Ma%C3%B1ihuales%20contar%C3%A1n%20con%20atenci%C3%B3n%20psicol%C3%B3gica%20presencial%20a%20trav%C3%A9s%20de%20INJUV' aria-hidden='false' data-av_icon='\ue8f3' data-av_iconfont='entypo-fontello' title='' data-avia-related-tooltip='Compartir en Facebook' rel=\"noopener\"><span class='avia_hidden_link_text'>Compartir en Facebook<\/span><\/a><\/li><li class='av-share-link av-social-link-twitter' ><a target=\"_blank\" aria-label=\"Compartir en Twitter\" href='https:\/\/twitter.com\/share?text=Hablemos%20de%20Todo%3A%20Juventudes%20del%20Liceo%20Ma%C3%B1ihuales%20contar%C3%A1n%20con%20atenci%C3%B3n%20psicol%C3%B3gica%20presencial%20a%20trav%C3%A9s%20de%20INJUV&#038;url=https:\/\/radiorevelacionfm.cl\/?p=47044' aria-hidden='false' data-av_icon='\ue8f1' data-av_iconfont='entypo-fontello' title='' data-avia-related-tooltip='Compartir en Twitter' rel=\"noopener\"><span class='avia_hidden_link_text'>Compartir en Twitter<\/span><\/a><\/li><li class='av-share-link av-social-link-whatsapp' ><a target=\"_blank\" aria-label=\"Compartir en Whatsapp\" href='https:\/\/api.whatsapp.com\/send?text=https:\/\/radiorevelacionfm.cl\/?p=47044' aria-hidden='false' data-av_icon='\uf232' data-av_iconfont='entypo-fontello' title='' data-avia-related-tooltip='Compartir en Whatsapp' rel=\"noopener\"><span class='avia_hidden_link_text'>Compartir en Whatsapp<\/span><\/a><\/li><li class='av-share-link av-social-link-linkedin' ><a target=\"_blank\" aria-label=\"Compartir en LinkedIn\" href='https:\/\/linkedin.com\/shareArticle?mini=true&#038;title=Hablemos%20de%20Todo%3A%20Juventudes%20del%20Liceo%20Ma%C3%B1ihuales%20contar%C3%A1n%20con%20atenci%C3%B3n%20psicol%C3%B3gica%20presencial%20a%20trav%C3%A9s%20de%20INJUV&#038;url=https:\/\/radiorevelacionfm.cl\/?p=47044' aria-hidden='false' data-av_icon='\ue8fc' data-av_iconfont='entypo-fontello' title='' data-avia-related-tooltip='Compartir en LinkedIn' rel=\"noopener\"><span class='avia_hidden_link_text'>Compartir en LinkedIn<\/span><\/a><\/li><li class='av-share-link av-social-link-mail' ><a  aria-label=\"Compartir por correo\" href='mailto:?subject=Hablemos%20de%20Todo%3A%20Juventudes%20del%20Liceo%20Ma%C3%B1ihuales%20contar%C3%A1n%20con%20atenci%C3%B3n%20psicol%C3%B3gica%20presencial%20a%20trav%C3%A9s%20de%20INJUV&#038;body=https:\/\/radiorevelacionfm.cl\/?p=47044' aria-hidden='false' data-av_icon='\ue805' data-av_iconfont='entypo-fontello' title='' data-avia-related-tooltip='Compartir por correo'><span class='avia_hidden_link_text'>Compartir por correo<\/span><\/a><\/li><\/ul><\/div><\/div>\n<div  style='height:50px' class='hr hr-invisible   avia-builder-el-8  el_after_av_social_share  el_before_av_comments_list '><span class='hr-inner ' ><span class='hr-inner-style'><\/span><\/span><\/div>\n<div  class='av-buildercomment  av-blog-meta-html-info-disabled av-blog-meta-tag-disabled  '><\/div>\n","protected":false},"excerpt":{"rendered":"","protected":false},"author":1,"featured_media":47045,"comment_status":"open","ping_status":"open","sticky":false,"template":"","format":"standard","meta":{"footnotes":""},"categories":[38],"tags":[],"class_list":["post-47044","post","type-post","status-publish","format-standard","has-post-thumbnail","hentry","category-regional"],"jetpack_featured_media_url":"https:\/\/radiorevelacionfm.cl\/wp-content\/uploads\/2024\/10\/foto-4-32-1_optimized-1.jpg","_links":{"self":[{"href":"https:\/\/radiorevelacionfm.cl\/index.php?rest_route=\/wp\/v2\/posts\/47044","targetHints":{"allow":["GET"]}}],"collection":[{"href":"https:\/\/radiorevelacionfm.cl\/index.php?rest_route=\/wp\/v2\/posts"}],"about":[{"href":"https:\/\/radiorevelacionfm.cl\/index.php?rest_route=\/wp\/v2\/types\/post"}],"author":[{"embeddable":true,"href":"https:\/\/radiorevelacionfm.cl\/index.php?rest_route=\/wp\/v2\/users\/1"}],"replies":[{"embeddable":true,"href":"https:\/\/radiorevelacionfm.cl\/index.php?rest_route=%2Fwp%2Fv2%2Fcomments&post=47044"}],"version-history":[{"count":3,"href":"https:\/\/radiorevelacionfm.cl\/index.php?rest_route=\/wp\/v2\/posts\/47044\/revisions"}],"predecessor-version":[{"id":47048,"href":"https:\/\/radiorevelacionfm.cl\/index.php?rest_route=\/wp\/v2\/posts\/47044\/revisions\/47048"}],"wp:featuredmedia":[{"embeddable":true,"href":"https:\/\/radiorevelacionfm.cl\/index.php?rest_route=\/wp\/v2\/media\/47045"}],"wp:attachment":[{"href":"https:\/\/radiorevelacionfm.cl\/index.php?rest_route=%2Fwp%2Fv2%2Fmedia&parent=47044"}],"wp:term":[{"taxonomy":"category","embeddable":true,"href":"https:\/\/radiorevelacionfm.cl\/index.php?rest_route=%2Fwp%2Fv2%2Fcategories&post=47044"},{"taxonomy":"post_tag","embeddable":true,"href":"https:\/\/radiorevelacionfm.cl\/index.php?rest_route=%2Fwp%2Fv2%2Ftags&post=47044"}],"curies":[{"name":"wp","href":"https:\/\/api.w.org\/{rel}","templated":true}]}}