{"id":47041,"date":"2024-10-14T10:51:23","date_gmt":"2024-10-14T13:51:23","guid":{"rendered":"https:\/\/radiorevelacionfm.cl\/?p=47041"},"modified":"2024-10-14T10:51:23","modified_gmt":"2024-10-14T13:51:23","slug":"patagonia-tierras-y-pueblos-de-paz-40-anos-tratado-de-paz-y-amistad-chile-argentina","status":"publish","type":"post","link":"https:\/\/radiorevelacionfm.cl\/?p=47041","title":{"rendered":"Patagonia: tierras y pueblos de paz &#8211; 40 a\u00f1os Tratado de Paz y Amistad Chile-Argentina"},"content":{"rendered":"<div class=\"flex_column av_one_full  flex_column_div av-zero-column-padding first  avia-builder-el-0  el_before_av_one_full  avia-builder-el-first  \" style='border-radius:0px; '><div  class='avia-image-container  av-styling-    avia-builder-el-1  avia-builder-el-no-sibling  avia-align-center '  itemprop=\"image\" itemscope=\"itemscope\" itemtype=\"https:\/\/schema.org\/ImageObject\"  ><div class='avia-image-container-inner'><div class='avia-image-overlay-wrap'><img decoding=\"async\" class='wp-image-47042 avia-img-lazy-loading-not-47042 avia_image' src=\"https:\/\/radiorevelacionfm.cl\/wp-content\/uploads\/2024\/10\/foto-base-40-anos-tratado-1_optimized.jpg\" alt='' title='foto-base-40-anos-tratado-(1)_optimized' height=\"600\" width=\"800\"  itemprop=\"thumbnailUrl\" srcset=\"https:\/\/radiorevelacionfm.cl\/wp-content\/uploads\/2024\/10\/foto-base-40-anos-tratado-1_optimized.jpg 800w, https:\/\/radiorevelacionfm.cl\/wp-content\/uploads\/2024\/10\/foto-base-40-anos-tratado-1_optimized-300x225.jpg 300w, https:\/\/radiorevelacionfm.cl\/wp-content\/uploads\/2024\/10\/foto-base-40-anos-tratado-1_optimized-768x576.jpg 768w, https:\/\/radiorevelacionfm.cl\/wp-content\/uploads\/2024\/10\/foto-base-40-anos-tratado-1_optimized-705x529.jpg 705w, https:\/\/radiorevelacionfm.cl\/wp-content\/uploads\/2024\/10\/foto-base-40-anos-tratado-1_optimized-450x338.jpg 450w, https:\/\/radiorevelacionfm.cl\/wp-content\/uploads\/2024\/10\/foto-base-40-anos-tratado-1_optimized-600x450.jpg 600w\" sizes=\"(max-width: 800px) 100vw, 800px\" \/><\/div><\/div><\/div><\/div><div class=\"flex_column av_one_full  flex_column_div av-zero-column-padding first  avia-builder-el-2  el_after_av_one_full  el_before_av_one_full  column-top-margin\" style='border-radius:0px; '><section class=\"av_textblock_section \"  itemscope=\"itemscope\" itemtype=\"https:\/\/schema.org\/BlogPosting\" itemprop=\"blogPost\" ><div class='avia_textblock  '   itemprop=\"text\" ><div>\n<p style=\"text-align: center;\"><strong><span style=\"font-size: 18pt;\">Patagonia: tierras y pueblos de paz &#8211; 40 a\u00f1os Tratado de Paz y Amistad Chile-Argentina<\/span><\/strong><\/p>\n<\/div>\n<div id=\"gtx-trans\" style=\"position: absolute; left: -50px; top: 4.31534px;\">\n<div class=\"gtx-trans-icon\"><\/div>\n<\/div>\n<\/div><\/section><\/div><div class=\"flex_column av_one_full  flex_column_div av-zero-column-padding first  avia-builder-el-4  el_after_av_one_full  el_before_av_hr  column-top-margin\" style='border-radius:0px; '><section class=\"av_textblock_section \"  itemscope=\"itemscope\" itemtype=\"https:\/\/schema.org\/BlogPosting\" itemprop=\"blogPost\" ><div class='avia_textblock  '   itemprop=\"text\" ><p style=\"text-align: justify;\">El Vicariato Apost\u00f3lico de Ays\u00e9n, en colaboraci\u00f3n con la Delegaci\u00f3n Presidencial, el Gobierno Regional y la Municipalidad de Coyhaique, junto al Obispo y hermanos del Chubut, Argentina, conmemorar\u00e1n el s\u00e1bado 19 de octubre el aniversario 40\u00b0 de la firma de este tratado con un encuentro binacional en la localidad de Balmaceda, para dar gracias y orar por la paz en toda Latinoam\u00e9rica.<\/p>\n<p style=\"text-align: justify;\">El programa de esta actividad contempla un encuentro de las autoridades chilenas y argentinas en la capilla de la frontera del paso Huemules, santuario \u00abVirgen de la Paz\u00bb, en el que junto con ofrecer en el altar las banderas de Chile y Argentina animados por los pastores de ambos pa\u00edses; se elevar\u00e1n oraciones y plegarias por la paz entre estas naciones y toda Am\u00e9rica Latina.<\/p>\n<p style=\"text-align: justify;\">M\u00e1s tarde, motivados por el lema de esta convocatoria:\u00a0\u00abPatagonia: tierras y pueblos de paz\u00bb, las autoridades se trasladar\u00e1 a la Escuela de Balmaceda donde se acoger\u00e1 a todos los invitados venidos de las localidades cercanas con cantos y referencias contexto y relevancia del Tratado de Paz y Amistad entre Chile y Argentina; en la espera de la eucarist\u00eda de acci\u00f3n de gracias por este hito hist\u00f3rico.<\/p>\n<p style=\"text-align: justify;\">Terminada la misa, y tras los discursos de las autoridades de Chile y Argentina, se dar\u00e1 paso a un compartir fraterno que contempla presentaciones de canto y baile folcl\u00f3rico de pa\u00edses latinoamericanos, con la especial participaci\u00f3n de alumnos y alumnas de la escuela San Jos\u00e9 Obrero de Coyhaique.<\/p>\n<\/div><\/section><\/div><div  style='height:50px' class='hr hr-invisible   avia-builder-el-6  el_after_av_one_full  el_before_av_social_share '><span class='hr-inner ' ><span class='hr-inner-style'><\/span><\/span><\/div><\/p>\n<div  class='av-social-sharing-box  avia-builder-el-7  el_after_av_hr  el_before_av_hr  '><div class='av-share-box'><h5 class='av-share-link-description av-no-toc '>Compartir esta noticia<\/h5><ul class='av-share-box-list noLightbox'><li class='av-share-link av-social-link-facebook' ><a target=\"_blank\" aria-label=\"Compartir en Facebook\" href='https:\/\/www.facebook.com\/sharer.php?u=https:\/\/radiorevelacionfm.cl\/?p=47041&#038;t=Patagonia%3A%20tierras%20y%20pueblos%20de%20paz%20%E2%80%93%2040%20a%C3%B1os%20Tratado%20de%20Paz%20y%20Amistad%20Chile-Argentina' aria-hidden='false' data-av_icon='\ue8f3' data-av_iconfont='entypo-fontello' title='' data-avia-related-tooltip='Compartir en Facebook' rel=\"noopener\"><span class='avia_hidden_link_text'>Compartir en Facebook<\/span><\/a><\/li><li class='av-share-link av-social-link-twitter' ><a target=\"_blank\" aria-label=\"Compartir en Twitter\" href='https:\/\/twitter.com\/share?text=Patagonia%3A%20tierras%20y%20pueblos%20de%20paz%20%E2%80%93%2040%20a%C3%B1os%20Tratado%20de%20Paz%20y%20Amistad%20Chile-Argentina&#038;url=https:\/\/radiorevelacionfm.cl\/?p=47041' aria-hidden='false' data-av_icon='\ue8f1' data-av_iconfont='entypo-fontello' title='' data-avia-related-tooltip='Compartir en Twitter' rel=\"noopener\"><span class='avia_hidden_link_text'>Compartir en Twitter<\/span><\/a><\/li><li class='av-share-link av-social-link-whatsapp' ><a target=\"_blank\" aria-label=\"Compartir en Whatsapp\" href='https:\/\/api.whatsapp.com\/send?text=https:\/\/radiorevelacionfm.cl\/?p=47041' aria-hidden='false' data-av_icon='\uf232' data-av_iconfont='entypo-fontello' title='' data-avia-related-tooltip='Compartir en Whatsapp' rel=\"noopener\"><span class='avia_hidden_link_text'>Compartir en Whatsapp<\/span><\/a><\/li><li class='av-share-link av-social-link-linkedin' ><a target=\"_blank\" aria-label=\"Compartir en LinkedIn\" href='https:\/\/linkedin.com\/shareArticle?mini=true&#038;title=Patagonia%3A%20tierras%20y%20pueblos%20de%20paz%20%E2%80%93%2040%20a%C3%B1os%20Tratado%20de%20Paz%20y%20Amistad%20Chile-Argentina&#038;url=https:\/\/radiorevelacionfm.cl\/?p=47041' aria-hidden='false' data-av_icon='\ue8fc' data-av_iconfont='entypo-fontello' title='' data-avia-related-tooltip='Compartir en LinkedIn' rel=\"noopener\"><span class='avia_hidden_link_text'>Compartir en LinkedIn<\/span><\/a><\/li><li class='av-share-link av-social-link-mail' ><a  aria-label=\"Compartir por correo\" href='mailto:?subject=Patagonia%3A%20tierras%20y%20pueblos%20de%20paz%20%E2%80%93%2040%20a%C3%B1os%20Tratado%20de%20Paz%20y%20Amistad%20Chile-Argentina&#038;body=https:\/\/radiorevelacionfm.cl\/?p=47041' aria-hidden='false' data-av_icon='\ue805' data-av_iconfont='entypo-fontello' title='' data-avia-related-tooltip='Compartir por correo'><span class='avia_hidden_link_text'>Compartir por correo<\/span><\/a><\/li><\/ul><\/div><\/div>\n<div  style='height:50px' class='hr hr-invisible   avia-builder-el-8  el_after_av_social_share  el_before_av_comments_list '><span class='hr-inner ' ><span class='hr-inner-style'><\/span><\/span><\/div>\n<div  class='av-buildercomment  av-blog-meta-html-info-disabled av-blog-meta-tag-disabled  '><\/div>\n","protected":false},"excerpt":{"rendered":"","protected":false},"author":1,"featured_media":47042,"comment_status":"open","ping_status":"open","sticky":false,"template":"","format":"standard","meta":{"footnotes":""},"categories":[38],"tags":[],"class_list":["post-47041","post","type-post","status-publish","format-standard","has-post-thumbnail","hentry","category-regional"],"jetpack_featured_media_url":"https:\/\/radiorevelacionfm.cl\/wp-content\/uploads\/2024\/10\/foto-base-40-anos-tratado-1_optimized.jpg","_links":{"self":[{"href":"https:\/\/radiorevelacionfm.cl\/index.php?rest_route=\/wp\/v2\/posts\/47041","targetHints":{"allow":["GET"]}}],"collection":[{"href":"https:\/\/radiorevelacionfm.cl\/index.php?rest_route=\/wp\/v2\/posts"}],"about":[{"href":"https:\/\/radiorevelacionfm.cl\/index.php?rest_route=\/wp\/v2\/types\/post"}],"author":[{"embeddable":true,"href":"https:\/\/radiorevelacionfm.cl\/index.php?rest_route=\/wp\/v2\/users\/1"}],"replies":[{"embeddable":true,"href":"https:\/\/radiorevelacionfm.cl\/index.php?rest_route=%2Fwp%2Fv2%2Fcomments&post=47041"}],"version-history":[{"count":1,"href":"https:\/\/radiorevelacionfm.cl\/index.php?rest_route=\/wp\/v2\/posts\/47041\/revisions"}],"predecessor-version":[{"id":47043,"href":"https:\/\/radiorevelacionfm.cl\/index.php?rest_route=\/wp\/v2\/posts\/47041\/revisions\/47043"}],"wp:featuredmedia":[{"embeddable":true,"href":"https:\/\/radiorevelacionfm.cl\/index.php?rest_route=\/wp\/v2\/media\/47042"}],"wp:attachment":[{"href":"https:\/\/radiorevelacionfm.cl\/index.php?rest_route=%2Fwp%2Fv2%2Fmedia&parent=47041"}],"wp:term":[{"taxonomy":"category","embeddable":true,"href":"https:\/\/radiorevelacionfm.cl\/index.php?rest_route=%2Fwp%2Fv2%2Fcategories&post=47041"},{"taxonomy":"post_tag","embeddable":true,"href":"https:\/\/radiorevelacionfm.cl\/index.php?rest_route=%2Fwp%2Fv2%2Ftags&post=47041"}],"curies":[{"name":"wp","href":"https:\/\/api.w.org\/{rel}","templated":true}]}}