{"id":47038,"date":"2024-10-13T20:20:17","date_gmt":"2024-10-13T23:20:17","guid":{"rendered":"https:\/\/radiorevelacionfm.cl\/?p=47038"},"modified":"2024-10-13T20:20:17","modified_gmt":"2024-10-13T23:20:17","slug":"empresas-bahamonde-se-posiciona-como-lider-en-economia-circular-regional-tras-encuentro-en-puerto-aysen","status":"publish","type":"post","link":"https:\/\/radiorevelacionfm.cl\/?p=47038","title":{"rendered":"Empresas Bahamonde se posiciona como l\u00edder en econom\u00eda circular regional tras encuentro en Puerto Ays\u00e9n"},"content":{"rendered":"<div class=\"flex_column av_one_full  flex_column_div av-zero-column-padding first  avia-builder-el-0  el_before_av_one_full  avia-builder-el-first  \" style='border-radius:0px; '><div  class='avia-image-container  av-styling-    avia-builder-el-1  avia-builder-el-no-sibling  avia-align-center '  itemprop=\"image\" itemscope=\"itemscope\" itemtype=\"https:\/\/schema.org\/ImageObject\"  ><div class='avia-image-container-inner'><div class='avia-image-overlay-wrap'><img decoding=\"async\" class='wp-image-47039 avia-img-lazy-loading-not-47039 avia_image' src=\"https:\/\/radiorevelacionfm.cl\/wp-content\/uploads\/2024\/10\/serec_bh2-1_optimized-1.jpeg\" alt='' title='serec_bh2-(1)_optimized (1)' height=\"600\" width=\"1066\"  itemprop=\"thumbnailUrl\" srcset=\"https:\/\/radiorevelacionfm.cl\/wp-content\/uploads\/2024\/10\/serec_bh2-1_optimized-1.jpeg 1066w, https:\/\/radiorevelacionfm.cl\/wp-content\/uploads\/2024\/10\/serec_bh2-1_optimized-1-300x169.jpeg 300w, https:\/\/radiorevelacionfm.cl\/wp-content\/uploads\/2024\/10\/serec_bh2-1_optimized-1-1030x580.jpeg 1030w, https:\/\/radiorevelacionfm.cl\/wp-content\/uploads\/2024\/10\/serec_bh2-1_optimized-1-768x432.jpeg 768w, https:\/\/radiorevelacionfm.cl\/wp-content\/uploads\/2024\/10\/serec_bh2-1_optimized-1-705x397.jpeg 705w, https:\/\/radiorevelacionfm.cl\/wp-content\/uploads\/2024\/10\/serec_bh2-1_optimized-1-450x253.jpeg 450w, https:\/\/radiorevelacionfm.cl\/wp-content\/uploads\/2024\/10\/serec_bh2-1_optimized-1-600x338.jpeg 600w\" sizes=\"(max-width: 1066px) 100vw, 1066px\" \/><\/div><\/div><\/div><\/div><div class=\"flex_column av_one_full  flex_column_div av-zero-column-padding first  avia-builder-el-2  el_after_av_one_full  el_before_av_one_full  column-top-margin\" style='border-radius:0px; '><section class=\"av_textblock_section \"  itemscope=\"itemscope\" itemtype=\"https:\/\/schema.org\/BlogPosting\" itemprop=\"blogPost\" ><div class='avia_textblock  '   itemprop=\"text\" ><p style=\"text-align: center;\"><strong><span style=\"font-size: 18pt;\">Empresas Bahamonde se posiciona como l\u00edder en econom\u00eda circular regional tras encuentro en Puerto Ays\u00e9n<\/span><\/strong><\/p>\n<div id=\"gtx-trans\" style=\"position: absolute; left: -50px; top: 4.31534px;\">\n<div class=\"gtx-trans-icon\"><\/div>\n<\/div>\n<\/div><\/section><\/div><div class=\"flex_column av_one_full  flex_column_div av-zero-column-padding first  avia-builder-el-4  el_after_av_one_full  el_before_av_hr  column-top-margin\" style='border-radius:0px; '><section class=\"av_textblock_section \"  itemscope=\"itemscope\" itemtype=\"https:\/\/schema.org\/BlogPosting\" itemprop=\"blogPost\" ><div class='avia_textblock  '   itemprop=\"text\" ><p style=\"text-align: justify;\"><em>La instancia permiti\u00f3 abordar los cambios efectuados por la empresa aysenina en favor de minimizar sus impactos ambientales. <\/em><\/p>\n<p style=\"text-align: justify;\">Tras un a\u00f1o y un mes desde su incursi\u00f3n en el mundo del reciclaje Empresas Bahamonde ha consolidado su accionar y giro a una econom\u00eda circular. La reciente participaci\u00f3n en el encuentro de la Secretar\u00eda Regional de Residuos y Econom\u00eda Circular que propicia el Gobierno Regional de Ays\u00e9n con actores p\u00fablicos y privados permiti\u00f3 visibilizar las innovadoras y pioneras pr\u00e1cticas que la empresa implementa en la comuna porte\u00f1a en sus distintas l\u00edneas de acci\u00f3n tanto en la Planta de Reciclaje como en el Relleno Sanitario, este \u00faltimo recinto destaca por ser \u00fanico en su tipo en Am\u00e9rica latina.<\/p>\n<p style=\"text-align: justify;\">Luego de una exposici\u00f3n en el Edificio Consistorial de Ays\u00e9n y seguido una ronda de preguntas los integrantes de la Secretar\u00eda Regional de Residuos y Econom\u00eda Circular junto a los participantes convocados a la instancia pudieron conocer in situ las diversas instalaciones de Empresas Bahamonde en Puerto Ays\u00e9n. Tanto en el Kil\u00f3metro 4 de la ruta Ays\u00e9n \u2013 Chacabuco para la Planta de Reciclaje como en el Km 12 de la ruta Ays\u00e9n \u2013 Coyhaique para observar el Relleno Sanitario.<\/p>\n<p style=\"text-align: justify;\">Sobre esta actividad, B\u00e1rbara Weisser Rivera, encargada de Gesti\u00f3n del Ambiente de Empresas Bahamonde destac\u00f3 que \u201cen esta oportunidad fuimos ampliamente valorados por las autoridades y quienes participaron tambi\u00e9n desde otros municipios, de acuerdo a las distintas actividades que hemos realizado para replicarlas y tambi\u00e9n que otras instituciones se sumen a las acciones que estamos realizando, que promueven la econom\u00eda circular y el manejo adecuado de los residuos\u201d.<\/p>\n<p style=\"text-align: justify;\">Con ello, la personera de la reconocida empresa enfatiz\u00f3 que \u201ctodos estos cambios no solamente contribuyen a descontaminar, tanto de forma visual, como los suelos y las aguas de la comuna o la regi\u00f3n de Ays\u00e9n, sino tambi\u00e9n contribuyen en la educaci\u00f3n ambiental y preservar actividades econ\u00f3micas como el Turismo\u201d, puntualiz\u00f3 Weisser.<\/p>\n<p style=\"text-align: justify;\">Finalmente, Empresas Bahamonde reafirma su compromiso con la econom\u00eda circular y el manejo adecuado de residuos, buscando inspirar a otras instituciones a sumarse a este esfuerzo que han denominado como la creaci\u00f3n de un \u201cAys\u00e9n de futuro\u201d.<\/p>\n<\/div><\/section><\/div><div  style='height:50px' class='hr hr-invisible   avia-builder-el-6  el_after_av_one_full  el_before_av_social_share '><span class='hr-inner ' ><span class='hr-inner-style'><\/span><\/span><\/div><\/p>\n<div  class='av-social-sharing-box  avia-builder-el-7  el_after_av_hr  el_before_av_hr  '><div class='av-share-box'><h5 class='av-share-link-description av-no-toc '>Compartir esta noticia<\/h5><ul class='av-share-box-list noLightbox'><li class='av-share-link av-social-link-facebook' ><a target=\"_blank\" aria-label=\"Compartir en Facebook\" href='https:\/\/www.facebook.com\/sharer.php?u=https:\/\/radiorevelacionfm.cl\/?p=47038&#038;t=Empresas%20Bahamonde%20se%20posiciona%20como%20l%C3%ADder%20en%20econom%C3%ADa%20circular%20regional%20tras%20encuentro%20en%20Puerto%20Ays%C3%A9n' aria-hidden='false' data-av_icon='\ue8f3' data-av_iconfont='entypo-fontello' title='' data-avia-related-tooltip='Compartir en Facebook' rel=\"noopener\"><span class='avia_hidden_link_text'>Compartir en Facebook<\/span><\/a><\/li><li class='av-share-link av-social-link-twitter' ><a target=\"_blank\" aria-label=\"Compartir en Twitter\" href='https:\/\/twitter.com\/share?text=Empresas%20Bahamonde%20se%20posiciona%20como%20l%C3%ADder%20en%20econom%C3%ADa%20circular%20regional%20tras%20encuentro%20en%20Puerto%20Ays%C3%A9n&#038;url=https:\/\/radiorevelacionfm.cl\/?p=47038' aria-hidden='false' data-av_icon='\ue8f1' data-av_iconfont='entypo-fontello' title='' data-avia-related-tooltip='Compartir en Twitter' rel=\"noopener\"><span class='avia_hidden_link_text'>Compartir en Twitter<\/span><\/a><\/li><li class='av-share-link av-social-link-whatsapp' ><a target=\"_blank\" aria-label=\"Compartir en Whatsapp\" href='https:\/\/api.whatsapp.com\/send?text=https:\/\/radiorevelacionfm.cl\/?p=47038' aria-hidden='false' data-av_icon='\uf232' data-av_iconfont='entypo-fontello' title='' data-avia-related-tooltip='Compartir en Whatsapp' rel=\"noopener\"><span class='avia_hidden_link_text'>Compartir en Whatsapp<\/span><\/a><\/li><li class='av-share-link av-social-link-linkedin' ><a target=\"_blank\" aria-label=\"Compartir en LinkedIn\" href='https:\/\/linkedin.com\/shareArticle?mini=true&#038;title=Empresas%20Bahamonde%20se%20posiciona%20como%20l%C3%ADder%20en%20econom%C3%ADa%20circular%20regional%20tras%20encuentro%20en%20Puerto%20Ays%C3%A9n&#038;url=https:\/\/radiorevelacionfm.cl\/?p=47038' aria-hidden='false' data-av_icon='\ue8fc' data-av_iconfont='entypo-fontello' title='' data-avia-related-tooltip='Compartir en LinkedIn' rel=\"noopener\"><span class='avia_hidden_link_text'>Compartir en LinkedIn<\/span><\/a><\/li><li class='av-share-link av-social-link-mail' ><a  aria-label=\"Compartir por correo\" href='mailto:?subject=Empresas%20Bahamonde%20se%20posiciona%20como%20l%C3%ADder%20en%20econom%C3%ADa%20circular%20regional%20tras%20encuentro%20en%20Puerto%20Ays%C3%A9n&#038;body=https:\/\/radiorevelacionfm.cl\/?p=47038' aria-hidden='false' data-av_icon='\ue805' data-av_iconfont='entypo-fontello' title='' data-avia-related-tooltip='Compartir por correo'><span class='avia_hidden_link_text'>Compartir por correo<\/span><\/a><\/li><\/ul><\/div><\/div>\n<div  style='height:50px' class='hr hr-invisible   avia-builder-el-8  el_after_av_social_share  el_before_av_comments_list '><span class='hr-inner ' ><span class='hr-inner-style'><\/span><\/span><\/div>\n<div  class='av-buildercomment  av-blog-meta-html-info-disabled av-blog-meta-tag-disabled  '><\/div>\n","protected":false},"excerpt":{"rendered":"","protected":false},"author":1,"featured_media":47039,"comment_status":"open","ping_status":"open","sticky":false,"template":"","format":"standard","meta":{"footnotes":""},"categories":[38],"tags":[],"class_list":["post-47038","post","type-post","status-publish","format-standard","has-post-thumbnail","hentry","category-regional"],"jetpack_featured_media_url":"https:\/\/radiorevelacionfm.cl\/wp-content\/uploads\/2024\/10\/serec_bh2-1_optimized-1.jpeg","_links":{"self":[{"href":"https:\/\/radiorevelacionfm.cl\/index.php?rest_route=\/wp\/v2\/posts\/47038","targetHints":{"allow":["GET"]}}],"collection":[{"href":"https:\/\/radiorevelacionfm.cl\/index.php?rest_route=\/wp\/v2\/posts"}],"about":[{"href":"https:\/\/radiorevelacionfm.cl\/index.php?rest_route=\/wp\/v2\/types\/post"}],"author":[{"embeddable":true,"href":"https:\/\/radiorevelacionfm.cl\/index.php?rest_route=\/wp\/v2\/users\/1"}],"replies":[{"embeddable":true,"href":"https:\/\/radiorevelacionfm.cl\/index.php?rest_route=%2Fwp%2Fv2%2Fcomments&post=47038"}],"version-history":[{"count":1,"href":"https:\/\/radiorevelacionfm.cl\/index.php?rest_route=\/wp\/v2\/posts\/47038\/revisions"}],"predecessor-version":[{"id":47040,"href":"https:\/\/radiorevelacionfm.cl\/index.php?rest_route=\/wp\/v2\/posts\/47038\/revisions\/47040"}],"wp:featuredmedia":[{"embeddable":true,"href":"https:\/\/radiorevelacionfm.cl\/index.php?rest_route=\/wp\/v2\/media\/47039"}],"wp:attachment":[{"href":"https:\/\/radiorevelacionfm.cl\/index.php?rest_route=%2Fwp%2Fv2%2Fmedia&parent=47038"}],"wp:term":[{"taxonomy":"category","embeddable":true,"href":"https:\/\/radiorevelacionfm.cl\/index.php?rest_route=%2Fwp%2Fv2%2Fcategories&post=47038"},{"taxonomy":"post_tag","embeddable":true,"href":"https:\/\/radiorevelacionfm.cl\/index.php?rest_route=%2Fwp%2Fv2%2Ftags&post=47038"}],"curies":[{"name":"wp","href":"https:\/\/api.w.org\/{rel}","templated":true}]}}