{"id":47032,"date":"2024-10-13T16:21:01","date_gmt":"2024-10-13T19:21:01","guid":{"rendered":"https:\/\/radiorevelacionfm.cl\/?p=47032"},"modified":"2024-10-13T16:21:01","modified_gmt":"2024-10-13T19:21:01","slug":"exitosa-participacion-subsecretaria-de-la-ninez-en-coyhaique-acompana-la-conformacion-del-consejo-consultivo-regional-de-ninos-ninas-y-adolescentes","status":"publish","type":"post","link":"https:\/\/radiorevelacionfm.cl\/?p=47032","title":{"rendered":"Exitosa participaci\u00f3n: Subsecretaria de la Ni\u00f1ez en Coyhaique acompa\u00f1a la conformaci\u00f3n del Consejo Consultivo Regional de ni\u00f1os, ni\u00f1as y adolescentes"},"content":{"rendered":"<div class=\"flex_column av_one_full  flex_column_div av-zero-column-padding first  avia-builder-el-0  el_before_av_one_full  avia-builder-el-first  \" style='border-radius:0px; '><div  class='avia-image-container  av-styling-    avia-builder-el-1  avia-builder-el-no-sibling  avia-align-center '  itemprop=\"image\" itemscope=\"itemscope\" itemtype=\"https:\/\/schema.org\/ImageObject\"  ><div class='avia-image-container-inner'><div class='avia-image-overlay-wrap'><img decoding=\"async\" class='wp-image-47033 avia-img-lazy-loading-not-47033 avia_image' src=\"https:\/\/radiorevelacionfm.cl\/wp-content\/uploads\/2024\/10\/consejo-1-1_optimized-1.jpeg\" alt='' title='consejo-1-(1)_optimized (1)' height=\"600\" width=\"800\"  itemprop=\"thumbnailUrl\" srcset=\"https:\/\/radiorevelacionfm.cl\/wp-content\/uploads\/2024\/10\/consejo-1-1_optimized-1.jpeg 800w, https:\/\/radiorevelacionfm.cl\/wp-content\/uploads\/2024\/10\/consejo-1-1_optimized-1-300x225.jpeg 300w, https:\/\/radiorevelacionfm.cl\/wp-content\/uploads\/2024\/10\/consejo-1-1_optimized-1-768x576.jpeg 768w, https:\/\/radiorevelacionfm.cl\/wp-content\/uploads\/2024\/10\/consejo-1-1_optimized-1-705x529.jpeg 705w, https:\/\/radiorevelacionfm.cl\/wp-content\/uploads\/2024\/10\/consejo-1-1_optimized-1-450x338.jpeg 450w, https:\/\/radiorevelacionfm.cl\/wp-content\/uploads\/2024\/10\/consejo-1-1_optimized-1-600x450.jpeg 600w\" sizes=\"(max-width: 800px) 100vw, 800px\" \/><\/div><\/div><\/div><\/div><div class=\"flex_column av_one_full  flex_column_div av-zero-column-padding first  avia-builder-el-2  el_after_av_one_full  el_before_av_one_full  column-top-margin\" style='border-radius:0px; '><section class=\"av_textblock_section \"  itemscope=\"itemscope\" itemtype=\"https:\/\/schema.org\/BlogPosting\" itemprop=\"blogPost\" ><div class='avia_textblock  '   itemprop=\"text\" ><p style=\"text-align: center;\"><strong><span style=\"font-size: 18pt;\">Exitosa participaci\u00f3n: Subsecretaria de la Ni\u00f1ez en Coyhaique acompa\u00f1a la conformaci\u00f3n del Consejo Consultivo Regional de ni\u00f1os, ni\u00f1as y adolescentes<\/span><\/strong><\/p>\n<div id=\"gtx-trans\" style=\"position: absolute; left: -50px; top: 4.31534px;\">\n<div class=\"gtx-trans-icon\"><\/div>\n<\/div>\n<\/div><\/section><\/div><div class=\"flex_column av_one_full  flex_column_div av-zero-column-padding first  avia-builder-el-4  el_after_av_one_full  el_before_av_hr  column-top-margin\" style='border-radius:0px; '><section class=\"av_textblock_section \"  itemscope=\"itemscope\" itemtype=\"https:\/\/schema.org\/BlogPosting\" itemprop=\"blogPost\" ><div class='avia_textblock  '   itemprop=\"text\" ><p style=\"text-align: justify;\">Tras ser electas por el consejo, las representantes de Melinka y Cochrane \u00a0ya se preparan para exponer en Santiago. La agenda de la autoridad en su paso por la capital regional estuvo marcada por la instancia participativa regional, adem\u00e1s de la presentaci\u00f3n de la Pol\u00edtica Nacional de la Ni\u00f1ez y Adolescencia 2024-2032.<\/p>\n<p style=\"text-align: justify;\">Hasta la regi\u00f3n de Ays\u00e9n se despleg\u00f3 la subsecretaria de la Ni\u00f1ez, Ver\u00f3nica Silva, donde acompa\u00f1ada por la Seremi de Desarrollo Social y Familia, Karina Acevedo, participaron de la elecci\u00f3n del Consejo Consultivo Regional de Ni\u00f1os, Ni\u00f1as y Adolescentes en Coyhaique. La instancia tuvo como objetivo seleccionar a 2 representantes de la regi\u00f3n y a los delegados, quienes formar\u00e1n parte del Consejo Nacional y defender\u00e1n los intereses del territorio en la mesa que se vivir\u00e1 en Santiago en el mes de noviembre.<\/p>\n<p style=\"text-align: justify;\">\u00abTuvimos la oportunidad de compartir con ni\u00f1os, ni\u00f1as y adolescentes de las 10 comunas de la regi\u00f3n, quienes tuvieron una gran jornada donde pudieron presentar los temas principales que les afectan y sus intereses para trabajar durante el a\u00f1o en el Consejo\u00bb, afirm\u00f3 la subsecretaria Silva, agregando que \u00abLas presentaciones que hicieron sobre sus preocupaciones son extraordinarias, hay puntos en com\u00fan que tendremos que abordar\u00bb.<\/p>\n<p style=\"text-align: justify;\">Por su parte la Seremi de Desarrollo Social y Familia de Ays\u00e9n Karina Acevedo Auad reafirm\u00f3 el trabajo de articulaci\u00f3n para que las consejeras regionales sean escuchadas por los distintos servicios del Estado \u00abSe van a Santiago con un gran desaf\u00edo las dos representantes de la regi\u00f3n electas oriundas de Cochrane y Melinka. El consejo tiene muy claro cu\u00e1les son las dificultades para desarrollarse como ni\u00f1os y adolescentes en sus territorios, as\u00ed que tenemos un desaf\u00edo en conjunto, as\u00ed lo asumimos al escucharlos \u00a0plantear sus alternativas de soluciones, como Ministerio nos articularemos con el resto de las instituciones para que sean escuchados\u00bb.<\/p>\n<p style=\"text-align: justify;\">Para poder conformar el Consejo Consultivo Regional y hacerlo v\u00e1lido tuvieron que trasladarse hasta la capital regional ni\u00f1as, ni\u00f1os y adolescentes de las 10 comunas, es as\u00ed que por ejemplo, la consejera de O&#8217;Higgins acompa\u00f1ada del equipo de la Oficina Local de la Ni\u00f1ez emprendieron el viaje con dos d\u00edas de anticipaci\u00f3n para poder votar.<\/p>\n<p style=\"text-align: justify;\">Lo propio sucedi\u00f3 con Valentina Cuevas, estudiante del Liceo de Melinka quien result\u00f3 electa como consejera regional con la primera mayor\u00eda \u00a0\u00abEstoy muy emocionada que me hayan elegido, que me tengan la confianza y bueno tambi\u00e9n es una gran responsabilidad el ir a Santiago y exponer las problem\u00e1ticas de la regi\u00f3n, pero es importante que nuestra voz sea escuchada y a pesar de que la regi\u00f3n es bastante extensa, tenemos todos casi las mismas problem\u00e1ticas, como la salud, la educaci\u00f3n, problemas ambientales\u00bb.<\/p>\n<p style=\"text-align: justify;\">Gabriela Maldonado, estudiante del Liceo Austral Lord Cochrane y electa con segunda mayor\u00eda se refiri\u00f3 a la conformaci\u00f3n del Consejo Consultivo Regional, institucionalidad de participaci\u00f3n establecida la Ley de Garant\u00edas y Protecci\u00f3n Integral de la Ni\u00f1ez y Adolescencia \u00abEs absolutamente necesario porque aqu\u00ed damos a conocer muchos problemas que normalmente los adultos no las abordan y que nosotros como ni\u00f1os si podemos ver\u00bb.<\/p>\n<p style=\"text-align: justify;\">En los dos d\u00edas de agenda en Coyhaique, la Subsecretaria Ver\u00f3nica Silva, se reuni\u00f3 con el Delegado Presidencial, Rodrigo Araya, el director del Servicio Local de Educaci\u00f3n P\u00fablica de Ays\u00e9n, Sebasti\u00e1n Gonz\u00e1lez y director del Servicio de Protecci\u00f3n Especializada, Javier Rodr\u00edguez, con el objetivo de continuar la articulaci\u00f3n en materia de ni\u00f1ez y adolescencia en la regi\u00f3n, cerrando posteriormente con la tercera mesa de articulaci\u00f3n interinstitucional regional, instancia regulada por la Ley de Garant\u00edas y Protecci\u00f3n Integral de la Ni\u00f1ez y Adolescencia, donde present\u00f3 a las diferentes instituciones la Pol\u00edtica Nacional de Ni\u00f1ez y Adolescencia 2024-2032.<\/p>\n<\/div><\/section><\/div><div  style='height:50px' class='hr hr-invisible   avia-builder-el-6  el_after_av_one_full  el_before_av_social_share '><span class='hr-inner ' ><span class='hr-inner-style'><\/span><\/span><\/div><\/p>\n<div  class='av-social-sharing-box  avia-builder-el-7  el_after_av_hr  el_before_av_hr  '><div class='av-share-box'><h5 class='av-share-link-description av-no-toc '>Compartir esta noticia<\/h5><ul class='av-share-box-list noLightbox'><li class='av-share-link av-social-link-facebook' ><a target=\"_blank\" aria-label=\"Compartir en Facebook\" href='https:\/\/www.facebook.com\/sharer.php?u=https:\/\/radiorevelacionfm.cl\/?p=47032&#038;t=Exitosa%20participaci%C3%B3n%3A%20Subsecretaria%20de%20la%20Ni%C3%B1ez%20en%20Coyhaique%20acompa%C3%B1a%20la%20conformaci%C3%B3n%20del%20Consejo%20Consultivo%20Regional%20de%20ni%C3%B1os%2C%20ni%C3%B1as%20y%20adolescentes' aria-hidden='false' data-av_icon='\ue8f3' data-av_iconfont='entypo-fontello' title='' data-avia-related-tooltip='Compartir en Facebook' rel=\"noopener\"><span class='avia_hidden_link_text'>Compartir en Facebook<\/span><\/a><\/li><li class='av-share-link av-social-link-twitter' ><a target=\"_blank\" aria-label=\"Compartir en Twitter\" href='https:\/\/twitter.com\/share?text=Exitosa%20participaci%C3%B3n%3A%20Subsecretaria%20de%20la%20Ni%C3%B1ez%20en%20Coyhaique%20acompa%C3%B1a%20la%20conformaci%C3%B3n%20del%20Consejo%20Consultivo%20Regional%20de%20ni%C3%B1os%2C%20ni%C3%B1as%20y%20adolescentes&#038;url=https:\/\/radiorevelacionfm.cl\/?p=47032' aria-hidden='false' data-av_icon='\ue8f1' data-av_iconfont='entypo-fontello' title='' data-avia-related-tooltip='Compartir en Twitter' rel=\"noopener\"><span class='avia_hidden_link_text'>Compartir en Twitter<\/span><\/a><\/li><li class='av-share-link av-social-link-whatsapp' ><a target=\"_blank\" aria-label=\"Compartir en Whatsapp\" href='https:\/\/api.whatsapp.com\/send?text=https:\/\/radiorevelacionfm.cl\/?p=47032' aria-hidden='false' data-av_icon='\uf232' data-av_iconfont='entypo-fontello' title='' data-avia-related-tooltip='Compartir en Whatsapp' rel=\"noopener\"><span class='avia_hidden_link_text'>Compartir en Whatsapp<\/span><\/a><\/li><li class='av-share-link av-social-link-linkedin' ><a target=\"_blank\" aria-label=\"Compartir en LinkedIn\" href='https:\/\/linkedin.com\/shareArticle?mini=true&#038;title=Exitosa%20participaci%C3%B3n%3A%20Subsecretaria%20de%20la%20Ni%C3%B1ez%20en%20Coyhaique%20acompa%C3%B1a%20la%20conformaci%C3%B3n%20del%20Consejo%20Consultivo%20Regional%20de%20ni%C3%B1os%2C%20ni%C3%B1as%20y%20adolescentes&#038;url=https:\/\/radiorevelacionfm.cl\/?p=47032' aria-hidden='false' data-av_icon='\ue8fc' data-av_iconfont='entypo-fontello' title='' data-avia-related-tooltip='Compartir en LinkedIn' rel=\"noopener\"><span class='avia_hidden_link_text'>Compartir en LinkedIn<\/span><\/a><\/li><li class='av-share-link av-social-link-mail' ><a  aria-label=\"Compartir por correo\" href='mailto:?subject=Exitosa%20participaci%C3%B3n%3A%20Subsecretaria%20de%20la%20Ni%C3%B1ez%20en%20Coyhaique%20acompa%C3%B1a%20la%20conformaci%C3%B3n%20del%20Consejo%20Consultivo%20Regional%20de%20ni%C3%B1os%2C%20ni%C3%B1as%20y%20adolescentes&#038;body=https:\/\/radiorevelacionfm.cl\/?p=47032' aria-hidden='false' data-av_icon='\ue805' data-av_iconfont='entypo-fontello' title='' data-avia-related-tooltip='Compartir por correo'><span class='avia_hidden_link_text'>Compartir por correo<\/span><\/a><\/li><\/ul><\/div><\/div>\n<div  style='height:50px' class='hr hr-invisible   avia-builder-el-8  el_after_av_social_share  el_before_av_comments_list '><span class='hr-inner ' ><span class='hr-inner-style'><\/span><\/span><\/div>\n<div  class='av-buildercomment  av-blog-meta-html-info-disabled av-blog-meta-tag-disabled  '><\/div>\n","protected":false},"excerpt":{"rendered":"","protected":false},"author":1,"featured_media":47033,"comment_status":"open","ping_status":"open","sticky":false,"template":"","format":"standard","meta":{"footnotes":""},"categories":[38],"tags":[],"class_list":["post-47032","post","type-post","status-publish","format-standard","has-post-thumbnail","hentry","category-regional"],"jetpack_featured_media_url":"https:\/\/radiorevelacionfm.cl\/wp-content\/uploads\/2024\/10\/consejo-1-1_optimized-1.jpeg","_links":{"self":[{"href":"https:\/\/radiorevelacionfm.cl\/index.php?rest_route=\/wp\/v2\/posts\/47032","targetHints":{"allow":["GET"]}}],"collection":[{"href":"https:\/\/radiorevelacionfm.cl\/index.php?rest_route=\/wp\/v2\/posts"}],"about":[{"href":"https:\/\/radiorevelacionfm.cl\/index.php?rest_route=\/wp\/v2\/types\/post"}],"author":[{"embeddable":true,"href":"https:\/\/radiorevelacionfm.cl\/index.php?rest_route=\/wp\/v2\/users\/1"}],"replies":[{"embeddable":true,"href":"https:\/\/radiorevelacionfm.cl\/index.php?rest_route=%2Fwp%2Fv2%2Fcomments&post=47032"}],"version-history":[{"count":1,"href":"https:\/\/radiorevelacionfm.cl\/index.php?rest_route=\/wp\/v2\/posts\/47032\/revisions"}],"predecessor-version":[{"id":47034,"href":"https:\/\/radiorevelacionfm.cl\/index.php?rest_route=\/wp\/v2\/posts\/47032\/revisions\/47034"}],"wp:featuredmedia":[{"embeddable":true,"href":"https:\/\/radiorevelacionfm.cl\/index.php?rest_route=\/wp\/v2\/media\/47033"}],"wp:attachment":[{"href":"https:\/\/radiorevelacionfm.cl\/index.php?rest_route=%2Fwp%2Fv2%2Fmedia&parent=47032"}],"wp:term":[{"taxonomy":"category","embeddable":true,"href":"https:\/\/radiorevelacionfm.cl\/index.php?rest_route=%2Fwp%2Fv2%2Fcategories&post=47032"},{"taxonomy":"post_tag","embeddable":true,"href":"https:\/\/radiorevelacionfm.cl\/index.php?rest_route=%2Fwp%2Fv2%2Ftags&post=47032"}],"curies":[{"name":"wp","href":"https:\/\/api.w.org\/{rel}","templated":true}]}}