{"id":4703,"date":"2021-05-30T21:45:02","date_gmt":"2021-05-31T00:45:02","guid":{"rendered":"https:\/\/radiorevelacionfm.cl\/?p=4703"},"modified":"2021-05-30T21:45:02","modified_gmt":"2021-05-31T00:45:02","slug":"adultos-mayores-de-la-comuna-de-lago-verde-seran-beneficiados-con-cajas-de-alimentos-y-kits-sanitarios","status":"publish","type":"post","link":"https:\/\/radiorevelacionfm.cl\/?p=4703","title":{"rendered":"Adultos Mayores de la comuna de Lago Verde ser\u00e1n beneficiados con cajas de alimentos y kits sanitarios"},"content":{"rendered":"<div class=\"flex_column av_one_full  flex_column_div av-zero-column-padding first  avia-builder-el-0  el_before_av_one_full  avia-builder-el-first  \" style='border-radius:0px; '><div  class='avia-image-container  av-styling-    avia-builder-el-1  avia-builder-el-no-sibling  avia-align-center '  itemprop=\"image\" itemscope=\"itemscope\" itemtype=\"https:\/\/schema.org\/ImageObject\"  ><div class='avia-image-container-inner'><div class='avia-image-overlay-wrap'><img decoding=\"async\" class='wp-image-0 avia-img-lazy-loading-not-0 avia_image' src=\"https:\/\/radiorevelacionfm.cl\/wp-content\/uploads\/2021\/05\/PROY-SOCIAL-LV-2-1.jpg\" alt='' title=''   itemprop=\"thumbnailUrl\"  \/><\/div><\/div><\/div><\/div><div class=\"flex_column av_one_full  flex_column_div av-zero-column-padding first  avia-builder-el-2  el_after_av_one_full  el_before_av_one_full  column-top-margin\" style='border-radius:0px; '><section class=\"av_textblock_section \"  itemscope=\"itemscope\" itemtype=\"https:\/\/schema.org\/BlogPosting\" itemprop=\"blogPost\" ><div class='avia_textblock  '   itemprop=\"text\" ><p style=\"text-align: center;\"><strong><span style=\"font-size: 18pt;\">Adultos Mayores de la comuna de Lago Verde ser\u00e1n beneficiados con cajas de alimentos y kits sanitarios<\/span><\/strong><\/p>\n<div id=\"gtx-trans\" style=\"position: absolute; left: -50px; top: 4.31534px;\">\n<div class=\"gtx-trans-icon\"><\/div>\n<\/div>\n<\/div><\/section><\/div><div class=\"flex_column av_one_full  flex_column_div av-zero-column-padding first  avia-builder-el-4  el_after_av_one_full  el_before_av_hr  column-top-margin\" style='border-radius:0px; '><section class=\"av_textblock_section \"  itemscope=\"itemscope\" itemtype=\"https:\/\/schema.org\/BlogPosting\" itemprop=\"blogPost\" ><div class='avia_textblock  '   itemprop=\"text\" ><p style=\"text-align: justify;\">Durante los pr\u00f3ximos d\u00edas se iniciar\u00e1 el proceso de entrega de canastas con v\u00edveres y kits sanitarios, ayuda que va dirigida particularmente a los adultos mayores de la comuna de Lago Verde y que se ha podido concretar gracias al financiamiento del Gobierno Regional de Ays\u00e9n.<\/p>\n<p style=\"text-align: justify;\">Alrededor de 100 vecinos de las localidades de Villa La Tapera, Villa Amengual y Lago Verde, ser\u00e1n los beneficiarios. Tal como lo inform\u00f3 el Alcalde, Nelson Opazo L\u00f3pez.<\/p>\n<p style=\"text-align: justify;\">\u201cEs grato poder informar a nuestra comunidad y particularmente a la gente que m\u00e1s lo necesita como son los adultos mayores, que podremos ejecutar durante esta semana, un proyecto que va en beneficio practico en el d\u00eda a d\u00eda de nuestra gente. Significa, poder aportar a trav\u00e9s de cajas con alimentos durante cuatro meses, para apoyar de alguna manera a casi 100 adultos mayores de nuestro territorio. Es una inversi\u00f3n que supera los 50, casi 60 millones de pesos en total\u201d.<\/p>\n<p style=\"text-align: justify;\">En tiempos de pandemia y tal como lo ha hecho permanentemente la Municipalidad de Lago Verde, tambi\u00e9n se hacen necesarios algunos elementos de desinfecci\u00f3n del hogar, por ello, se suma a la caja de alimentos un kit sanitario, a\u00f1adi\u00f3 el Alcalde Opazo.<\/p>\n<p style=\"text-align: justify;\">\u201cAdem\u00e1s de las cajas de alimentos est\u00e1n los kits sanitarios, que en este trabajo conjunto entre el Municipio, su equipo t\u00e9cnico y el Gobierno Regional, podemos llegar con temas pr\u00e1cticos, directos y \u00fatiles para nuestra gente en la comunidad. As\u00ed es que, muy satisfecho con este trabajo que se est\u00e1 desarrollando, que nos permiti\u00f3 adjudicar y proceder a la entrega finalizando esta semana, esperamos en todo el territorio, Tapera, Amengual, sus alrededores y Lago Verde por supuesto, pudiendo as\u00ed, concretar un apoyo directo e importante en esta \u00e9poca de invierno y donde se hace m\u00e1s compleja la vida en estos lugares tan aislados, como es la comuna de Lago Verde\u201d.<\/p>\n<p style=\"text-align: justify;\">El Alcalde Nelson Opazo, reafirm\u00f3 su compromiso en temas sociales y que vayan en directo beneficio de la ciudadan\u00eda, particularmente de quienes m\u00e1s lo necesitan, como son nuestros adultos mayores. Esto da cuenta del trabajo integral en las distintas \u00e1reas que ha llevado adelante la administraci\u00f3n municipal en Lago Verde.<\/p>\n<\/div><\/section><\/div><div  style='height:50px' class='hr hr-invisible   avia-builder-el-6  el_after_av_one_full  el_before_av_social_share '><span class='hr-inner ' ><span class='hr-inner-style'><\/span><\/span><\/div><\/p>\n<div  class='av-social-sharing-box  avia-builder-el-7  el_after_av_hr  el_before_av_hr  '><div class='av-share-box'><h5 class='av-share-link-description av-no-toc '>Compartir esta noticia<\/h5><ul class='av-share-box-list noLightbox'><li class='av-share-link av-social-link-facebook' ><a target=\"_blank\" aria-label=\"Compartir en Facebook\" href='https:\/\/www.facebook.com\/sharer.php?u=https:\/\/radiorevelacionfm.cl\/?p=4703&#038;t=Adultos%20Mayores%20de%20la%20comuna%20de%20Lago%20Verde%20ser%C3%A1n%20beneficiados%20con%20cajas%20de%20alimentos%20y%20kits%20sanitarios' aria-hidden='false' data-av_icon='\ue8f3' data-av_iconfont='entypo-fontello' title='' data-avia-related-tooltip='Compartir en Facebook' rel=\"noopener\"><span class='avia_hidden_link_text'>Compartir en Facebook<\/span><\/a><\/li><li class='av-share-link av-social-link-twitter' ><a target=\"_blank\" aria-label=\"Compartir en Twitter\" href='https:\/\/twitter.com\/share?text=Adultos%20Mayores%20de%20la%20comuna%20de%20Lago%20Verde%20ser%C3%A1n%20beneficiados%20con%20cajas%20de%20alimentos%20y%20kits%20sanitarios&#038;url=https:\/\/radiorevelacionfm.cl\/?p=4703' aria-hidden='false' data-av_icon='\ue8f1' data-av_iconfont='entypo-fontello' title='' data-avia-related-tooltip='Compartir en Twitter' rel=\"noopener\"><span class='avia_hidden_link_text'>Compartir en Twitter<\/span><\/a><\/li><li class='av-share-link av-social-link-whatsapp' ><a target=\"_blank\" aria-label=\"Compartir en Whatsapp\" href='https:\/\/api.whatsapp.com\/send?text=https:\/\/radiorevelacionfm.cl\/?p=4703' aria-hidden='false' data-av_icon='\uf232' data-av_iconfont='entypo-fontello' title='' data-avia-related-tooltip='Compartir en Whatsapp' rel=\"noopener\"><span class='avia_hidden_link_text'>Compartir en Whatsapp<\/span><\/a><\/li><li class='av-share-link av-social-link-linkedin' ><a target=\"_blank\" aria-label=\"Compartir en LinkedIn\" href='https:\/\/linkedin.com\/shareArticle?mini=true&#038;title=Adultos%20Mayores%20de%20la%20comuna%20de%20Lago%20Verde%20ser%C3%A1n%20beneficiados%20con%20cajas%20de%20alimentos%20y%20kits%20sanitarios&#038;url=https:\/\/radiorevelacionfm.cl\/?p=4703' aria-hidden='false' data-av_icon='\ue8fc' data-av_iconfont='entypo-fontello' title='' data-avia-related-tooltip='Compartir en LinkedIn' rel=\"noopener\"><span class='avia_hidden_link_text'>Compartir en LinkedIn<\/span><\/a><\/li><li class='av-share-link av-social-link-mail' ><a  aria-label=\"Compartir por correo\" href='mailto:?subject=Adultos%20Mayores%20de%20la%20comuna%20de%20Lago%20Verde%20ser%C3%A1n%20beneficiados%20con%20cajas%20de%20alimentos%20y%20kits%20sanitarios&#038;body=https:\/\/radiorevelacionfm.cl\/?p=4703' aria-hidden='false' data-av_icon='\ue805' data-av_iconfont='entypo-fontello' title='' data-avia-related-tooltip='Compartir por correo'><span class='avia_hidden_link_text'>Compartir por correo<\/span><\/a><\/li><\/ul><\/div><\/div>\n<div  style='height:50px' class='hr hr-invisible   avia-builder-el-8  el_after_av_social_share  el_before_av_comments_list '><span class='hr-inner ' ><span class='hr-inner-style'><\/span><\/span><\/div>\n<div  class='av-buildercomment  av-blog-meta-html-info-disabled av-blog-meta-tag-disabled  '><\/div>\n","protected":false},"excerpt":{"rendered":"","protected":false},"author":1,"featured_media":0,"comment_status":"open","ping_status":"open","sticky":false,"template":"","format":"standard","meta":{"footnotes":""},"categories":[38],"tags":[],"class_list":["post-4703","post","type-post","status-publish","format-standard","hentry","category-regional"],"jetpack_featured_media_url":"","_links":{"self":[{"href":"https:\/\/radiorevelacionfm.cl\/index.php?rest_route=\/wp\/v2\/posts\/4703","targetHints":{"allow":["GET"]}}],"collection":[{"href":"https:\/\/radiorevelacionfm.cl\/index.php?rest_route=\/wp\/v2\/posts"}],"about":[{"href":"https:\/\/radiorevelacionfm.cl\/index.php?rest_route=\/wp\/v2\/types\/post"}],"author":[{"embeddable":true,"href":"https:\/\/radiorevelacionfm.cl\/index.php?rest_route=\/wp\/v2\/users\/1"}],"replies":[{"embeddable":true,"href":"https:\/\/radiorevelacionfm.cl\/index.php?rest_route=%2Fwp%2Fv2%2Fcomments&post=4703"}],"version-history":[{"count":1,"href":"https:\/\/radiorevelacionfm.cl\/index.php?rest_route=\/wp\/v2\/posts\/4703\/revisions"}],"predecessor-version":[{"id":4705,"href":"https:\/\/radiorevelacionfm.cl\/index.php?rest_route=\/wp\/v2\/posts\/4703\/revisions\/4705"}],"wp:attachment":[{"href":"https:\/\/radiorevelacionfm.cl\/index.php?rest_route=%2Fwp%2Fv2%2Fmedia&parent=4703"}],"wp:term":[{"taxonomy":"category","embeddable":true,"href":"https:\/\/radiorevelacionfm.cl\/index.php?rest_route=%2Fwp%2Fv2%2Fcategories&post=4703"},{"taxonomy":"post_tag","embeddable":true,"href":"https:\/\/radiorevelacionfm.cl\/index.php?rest_route=%2Fwp%2Fv2%2Ftags&post=4703"}],"curies":[{"name":"wp","href":"https:\/\/api.w.org\/{rel}","templated":true}]}}