{"id":47029,"date":"2024-10-13T12:30:24","date_gmt":"2024-10-13T15:30:24","guid":{"rendered":"https:\/\/radiorevelacionfm.cl\/?p=47029"},"modified":"2024-10-13T12:30:24","modified_gmt":"2024-10-13T15:30:24","slug":"estudiantes-del-liceo-altos-del-mackay-representaran-a-chile-en-mundial-de-robotica-educativa-a-realizarse-en-turquia","status":"publish","type":"post","link":"https:\/\/radiorevelacionfm.cl\/?p=47029","title":{"rendered":"Estudiantes del Liceo Altos del Mackay representar\u00e1n a Chile en Mundial de Rob\u00f3tica educativa a realizarse en Turqu\u00eda"},"content":{"rendered":"<div class=\"flex_column av_one_full  flex_column_div av-zero-column-padding first  avia-builder-el-0  el_before_av_one_full  avia-builder-el-first  \" style='border-radius:0px; '><div  class='avia-image-container  av-styling-    avia-builder-el-1  avia-builder-el-no-sibling  avia-align-center '  itemprop=\"image\" itemscope=\"itemscope\" itemtype=\"https:\/\/schema.org\/ImageObject\"  ><div class='avia-image-container-inner'><div class='avia-image-overlay-wrap'><img decoding=\"async\" class='wp-image-47030 avia-img-lazy-loading-not-47030 avia_image' src=\"https:\/\/radiorevelacionfm.cl\/wp-content\/uploads\/2024\/10\/1-2024-10-13T122439.782-1-1.jpg\" alt='' title='1 - 2024-10-13T122439.782 (1) (1)' height=\"600\" width=\"970\"  itemprop=\"thumbnailUrl\" srcset=\"https:\/\/radiorevelacionfm.cl\/wp-content\/uploads\/2024\/10\/1-2024-10-13T122439.782-1-1.jpg 970w, https:\/\/radiorevelacionfm.cl\/wp-content\/uploads\/2024\/10\/1-2024-10-13T122439.782-1-1-300x186.jpg 300w, https:\/\/radiorevelacionfm.cl\/wp-content\/uploads\/2024\/10\/1-2024-10-13T122439.782-1-1-768x475.jpg 768w, https:\/\/radiorevelacionfm.cl\/wp-content\/uploads\/2024\/10\/1-2024-10-13T122439.782-1-1-705x436.jpg 705w, https:\/\/radiorevelacionfm.cl\/wp-content\/uploads\/2024\/10\/1-2024-10-13T122439.782-1-1-450x278.jpg 450w, https:\/\/radiorevelacionfm.cl\/wp-content\/uploads\/2024\/10\/1-2024-10-13T122439.782-1-1-600x371.jpg 600w\" sizes=\"(max-width: 970px) 100vw, 970px\" \/><\/div><\/div><\/div><\/div><div class=\"flex_column av_one_full  flex_column_div av-zero-column-padding first  avia-builder-el-2  el_after_av_one_full  el_before_av_one_full  column-top-margin\" style='border-radius:0px; '><section class=\"av_textblock_section \"  itemscope=\"itemscope\" itemtype=\"https:\/\/schema.org\/BlogPosting\" itemprop=\"blogPost\" ><div class='avia_textblock  '   itemprop=\"text\" ><p style=\"text-align: center;\"><strong><span style=\"font-size: 18pt;\">Estudiantes del Liceo Altos del Mackay representar\u00e1n a Chile en Mundial de Rob\u00f3tica educativa a realizarse en Turqu\u00eda<\/span><\/strong><\/p>\n<div id=\"gtx-trans\" style=\"position: absolute; left: -50px; top: 4.31534px;\">\n<div class=\"gtx-trans-icon\"><\/div>\n<\/div>\n<\/div><\/section><\/div><div class=\"flex_column av_one_full  flex_column_div av-zero-column-padding first  avia-builder-el-4  el_after_av_one_full  el_before_av_hr  column-top-margin\" style='border-radius:0px; '><section class=\"av_textblock_section \"  itemscope=\"itemscope\" itemtype=\"https:\/\/schema.org\/BlogPosting\" itemprop=\"blogPost\" ><div class='avia_textblock  '   itemprop=\"text\" ><p style=\"text-align: justify;\"><em>Los j\u00f3venes viajar\u00e1n en noviembre junto al profesor de ciencias Luis L\u00f3pez al Encuentro Mundial World Robot Olympiad que este a\u00f1o se llevar\u00e1 a cabo en Turqu\u00eda.<\/em><\/p>\n<p style=\"text-align: justify;\">Felices se encuentra el equipo Robothink, compuesto por los estudiantes de primero medio del Liceo Altos del Mackay Benjam\u00edn Sandoval y Mateo Garrido, luego que ganaran un cupo para representar a Chile en la final de las olimpiadas de rob\u00f3tica a disputarse a fines de noviembre, donde los j\u00f3venes participan en la categor\u00eda de misiones rob\u00f3ticas senior. En total, son 6 los equipos que representar\u00e1n a nuestro pa\u00eds en el certamen internacional de rob\u00f3tica educativa, de los cuales 4 pertenecen a distintas comunas de la Regi\u00f3n Metropolitana, un equipo perteneciente a Rancagua y uno de Coyhaique, siendo este el m\u00e1s austral que ingresa en la final y el \u00fanico perteneciente a la educaci\u00f3n p\u00fablica.<\/p>\n<p style=\"text-align: justify;\">Los estudiantes participaron en la final nacional a fines de septiembre, oportunidad donde debieron dise\u00f1ar, construir y programar un robot que deb\u00eda superar una serie de retos en un tiempo acotado. Es as\u00ed como Benjam\u00edn y Mateo obtuvieron excelentes logros que les permiti\u00f3 acceder a un cupo para disputar la final mundial a fines de noviembre. Este a\u00f1o el mundial se desarrolla bajo la consigna \u201cConvivencia arm\u00f3nica con la fuerza de la naturaleza\u201d, donde los estudiantes deben programar un robot que sea capaz de recoger escombros, arreglar tuber\u00edas de agua y apilar casas dispuestas en un circuito maqueta entregada a los participantes.<\/p>\n<p style=\"text-align: justify;\">Con respecto a sus inicios en la rob\u00f3tica, Benjam\u00edn Sandoval coment\u00f3 \u201cempec\u00e9 a hacer esto en el taller de rob\u00f3tica desde s\u00e9ptimo b\u00e1sico y estos tres a\u00f1os han sido maravillosos porque he podido experimentar mucho y por eso invito a los j\u00f3venes a atreverse y a no tener miedo a desarrollar sus habilidades. Mis expectativas sobre nuestra participaci\u00f3n es dar lo mejor, conocer tanta gente como sea posible, enfocarnos en la competencia y a disfrutar la experiencia. Nuestro liceo nos ha apoyado en todo y ha sido incre\u00edble recibir las felicitaciones de nuestros compa\u00f1eros\u201d.<\/p>\n<p style=\"text-align: justify;\">En esta l\u00ednea, el estudiante Mateo Garrido agreg\u00f3 \u201cesto es algo que me apasiona y es donde siento que encajo, me gusta y creo que siempre me va a gustar. Por eso invito a los j\u00f3venes a descubrir cu\u00e1les son sus motivaciones, porque eso es lo que nos acompa\u00f1a toda la vida. Me emociona haber conseguido un cupo para ir al mundial, me genera ansias de ir a disfrutar, viajar al extranjero, es ir al otro lado del mundo y la verdad voy con las expectativas de disfrutar y crecer. El pr\u00f3ximo a\u00f1o queremos participar de otro tipo de concursos, ya no con legos sino con arduinos (tarjeta electr\u00f3nica programable), que son concursos que nos permitir\u00e1n ir avanzando en estos escalones de la rob\u00f3tica y pasar a programaciones con c\u00f3digos\u201d.<\/p>\n<p style=\"text-align: justify;\">Para Luis L\u00f3pez, profesor de ciencias del Liceo Altos del Mackay \u201cambos estudiantes han demostrado un notorio talento, por lo que hemos ido escalando en las participaciones en concursos. Fue una apuesta donde ellos enfrentaron esta oportunidad para aprender cosas nuevas y que hoy nos tiene prontos a hacer este viaje a Turqu\u00eda. Agradezco a los chicos el tiempo y esfuerzo que dedicaron, eso no lo hace cualquier estudiante, pero fue lo que yo vi cuando los invit\u00e9 y estuvieron a la altura, llegando donde est\u00e1n ahora\u201d.<\/p>\n<p style=\"text-align: justify;\">Cabe se\u00f1alar que desde el a\u00f1o 2018, el Liceo Altos del Mackay ha destacado en varias \u00e1reas de las ciencias y tecnolog\u00eda, siendo representantes de la regi\u00f3n en torneos nacionales e internacionales, lo que marca el sello cient\u00edfico de la unidad educativa dependiente del Servicio Local de Educaci\u00f3n P\u00fablica de Ays\u00e9n. Al respecto, el director del SLEP Ays\u00e9n Sebasti\u00e1n Gonz\u00e1lez indic\u00f3 \u201cestamos muy orgullosos de lo que ellos han logrado. Esto nos demuestra que cuando creemos en los estudiantes y les entregamos las herramientas se pueden alcanzar los sue\u00f1os y es eso lo que queremos lograr como servicio. Esperamos que tengan una excelente experiencia en Turqu\u00eda y por ello los estamos apoyando para que este sue\u00f1o se pueda cumplir\u201d.<\/p>\n<p style=\"text-align: justify;\">Esta es la primera vez que nuestro pa\u00eds participa de la World Robot Olympiad (WRO) a desarrollarse en Izmir, Turqu\u00eda. Una competencia internacional que convoca a m\u00e1s de 60.000 ni\u00f1os y j\u00f3venes de 90 pa\u00edses. En Chile, el proceso de selecci\u00f3n estuvo a cargo de las fundaciones Volemos Alto y Fedusteam, quienes realizaron una convocatoria a nivel nacional, donde participaron m\u00e1s de 400 estudiantes de ense\u00f1anza media desde Arica a Coyhaique.<\/p>\n<\/div><\/section><\/div><div  style='height:50px' class='hr hr-invisible   avia-builder-el-6  el_after_av_one_full  el_before_av_social_share '><span class='hr-inner ' ><span class='hr-inner-style'><\/span><\/span><\/div><\/p>\n<div  class='av-social-sharing-box  avia-builder-el-7  el_after_av_hr  el_before_av_hr  '><div class='av-share-box'><h5 class='av-share-link-description av-no-toc '>Compartir esta noticia<\/h5><ul class='av-share-box-list noLightbox'><li class='av-share-link av-social-link-facebook' ><a target=\"_blank\" aria-label=\"Compartir en Facebook\" href='https:\/\/www.facebook.com\/sharer.php?u=https:\/\/radiorevelacionfm.cl\/?p=47029&#038;t=Estudiantes%20del%20Liceo%20Altos%20del%20Mackay%20representar%C3%A1n%20a%20Chile%20en%20Mundial%20de%20Rob%C3%B3tica%20educativa%20a%20realizarse%20en%20Turqu%C3%ADa' aria-hidden='false' data-av_icon='\ue8f3' data-av_iconfont='entypo-fontello' title='' data-avia-related-tooltip='Compartir en Facebook' rel=\"noopener\"><span class='avia_hidden_link_text'>Compartir en Facebook<\/span><\/a><\/li><li class='av-share-link av-social-link-twitter' ><a target=\"_blank\" aria-label=\"Compartir en Twitter\" href='https:\/\/twitter.com\/share?text=Estudiantes%20del%20Liceo%20Altos%20del%20Mackay%20representar%C3%A1n%20a%20Chile%20en%20Mundial%20de%20Rob%C3%B3tica%20educativa%20a%20realizarse%20en%20Turqu%C3%ADa&#038;url=https:\/\/radiorevelacionfm.cl\/?p=47029' aria-hidden='false' data-av_icon='\ue8f1' data-av_iconfont='entypo-fontello' title='' data-avia-related-tooltip='Compartir en Twitter' rel=\"noopener\"><span class='avia_hidden_link_text'>Compartir en Twitter<\/span><\/a><\/li><li class='av-share-link av-social-link-whatsapp' ><a target=\"_blank\" aria-label=\"Compartir en Whatsapp\" href='https:\/\/api.whatsapp.com\/send?text=https:\/\/radiorevelacionfm.cl\/?p=47029' aria-hidden='false' data-av_icon='\uf232' data-av_iconfont='entypo-fontello' title='' data-avia-related-tooltip='Compartir en Whatsapp' rel=\"noopener\"><span class='avia_hidden_link_text'>Compartir en Whatsapp<\/span><\/a><\/li><li class='av-share-link av-social-link-linkedin' ><a target=\"_blank\" aria-label=\"Compartir en LinkedIn\" href='https:\/\/linkedin.com\/shareArticle?mini=true&#038;title=Estudiantes%20del%20Liceo%20Altos%20del%20Mackay%20representar%C3%A1n%20a%20Chile%20en%20Mundial%20de%20Rob%C3%B3tica%20educativa%20a%20realizarse%20en%20Turqu%C3%ADa&#038;url=https:\/\/radiorevelacionfm.cl\/?p=47029' aria-hidden='false' data-av_icon='\ue8fc' data-av_iconfont='entypo-fontello' title='' data-avia-related-tooltip='Compartir en LinkedIn' rel=\"noopener\"><span class='avia_hidden_link_text'>Compartir en LinkedIn<\/span><\/a><\/li><li class='av-share-link av-social-link-mail' ><a  aria-label=\"Compartir por correo\" href='mailto:?subject=Estudiantes%20del%20Liceo%20Altos%20del%20Mackay%20representar%C3%A1n%20a%20Chile%20en%20Mundial%20de%20Rob%C3%B3tica%20educativa%20a%20realizarse%20en%20Turqu%C3%ADa&#038;body=https:\/\/radiorevelacionfm.cl\/?p=47029' aria-hidden='false' data-av_icon='\ue805' data-av_iconfont='entypo-fontello' title='' data-avia-related-tooltip='Compartir por correo'><span class='avia_hidden_link_text'>Compartir por correo<\/span><\/a><\/li><\/ul><\/div><\/div>\n<div  style='height:50px' class='hr hr-invisible   avia-builder-el-8  el_after_av_social_share  el_before_av_comments_list '><span class='hr-inner ' ><span class='hr-inner-style'><\/span><\/span><\/div>\n<div  class='av-buildercomment  av-blog-meta-html-info-disabled av-blog-meta-tag-disabled  '><\/div>\n","protected":false},"excerpt":{"rendered":"","protected":false},"author":1,"featured_media":47030,"comment_status":"open","ping_status":"open","sticky":false,"template":"","format":"standard","meta":{"footnotes":""},"categories":[49],"tags":[],"class_list":["post-47029","post","type-post","status-publish","format-standard","has-post-thumbnail","hentry","category-educacion"],"jetpack_featured_media_url":"https:\/\/radiorevelacionfm.cl\/wp-content\/uploads\/2024\/10\/1-2024-10-13T122439.782-1-1.jpg","_links":{"self":[{"href":"https:\/\/radiorevelacionfm.cl\/index.php?rest_route=\/wp\/v2\/posts\/47029","targetHints":{"allow":["GET"]}}],"collection":[{"href":"https:\/\/radiorevelacionfm.cl\/index.php?rest_route=\/wp\/v2\/posts"}],"about":[{"href":"https:\/\/radiorevelacionfm.cl\/index.php?rest_route=\/wp\/v2\/types\/post"}],"author":[{"embeddable":true,"href":"https:\/\/radiorevelacionfm.cl\/index.php?rest_route=\/wp\/v2\/users\/1"}],"replies":[{"embeddable":true,"href":"https:\/\/radiorevelacionfm.cl\/index.php?rest_route=%2Fwp%2Fv2%2Fcomments&post=47029"}],"version-history":[{"count":1,"href":"https:\/\/radiorevelacionfm.cl\/index.php?rest_route=\/wp\/v2\/posts\/47029\/revisions"}],"predecessor-version":[{"id":47031,"href":"https:\/\/radiorevelacionfm.cl\/index.php?rest_route=\/wp\/v2\/posts\/47029\/revisions\/47031"}],"wp:featuredmedia":[{"embeddable":true,"href":"https:\/\/radiorevelacionfm.cl\/index.php?rest_route=\/wp\/v2\/media\/47030"}],"wp:attachment":[{"href":"https:\/\/radiorevelacionfm.cl\/index.php?rest_route=%2Fwp%2Fv2%2Fmedia&parent=47029"}],"wp:term":[{"taxonomy":"category","embeddable":true,"href":"https:\/\/radiorevelacionfm.cl\/index.php?rest_route=%2Fwp%2Fv2%2Fcategories&post=47029"},{"taxonomy":"post_tag","embeddable":true,"href":"https:\/\/radiorevelacionfm.cl\/index.php?rest_route=%2Fwp%2Fv2%2Ftags&post=47029"}],"curies":[{"name":"wp","href":"https:\/\/api.w.org\/{rel}","templated":true}]}}