{"id":47018,"date":"2024-10-12T10:44:42","date_gmt":"2024-10-12T13:44:42","guid":{"rendered":"https:\/\/radiorevelacionfm.cl\/?p=47018"},"modified":"2024-10-12T10:44:42","modified_gmt":"2024-10-12T13:44:42","slug":"gobierno-refuerza-compromisos-en-coyhaique-con-la-presentacion-del-presupuesto-2025-y-la-reforma-previsional","status":"publish","type":"post","link":"https:\/\/radiorevelacionfm.cl\/?p=47018","title":{"rendered":"Gobierno refuerza compromisos en Coyhaique con la presentaci\u00f3n del Presupuesto 2025 y la Reforma Previsional"},"content":{"rendered":"<div class=\"flex_column av_one_full  flex_column_div av-zero-column-padding first  avia-builder-el-0  el_before_av_one_full  avia-builder-el-first  \" style='border-radius:0px; '><div  class='avia-image-container  av-styling-    avia-builder-el-1  avia-builder-el-no-sibling  avia-align-center '  itemprop=\"image\" itemscope=\"itemscope\" itemtype=\"https:\/\/schema.org\/ImageObject\"  ><div class='avia-image-container-inner'><div class='avia-image-overlay-wrap'><img decoding=\"async\" class='wp-image-47019 avia-img-lazy-loading-not-47019 avia_image' src=\"https:\/\/radiorevelacionfm.cl\/wp-content\/uploads\/2024\/10\/241011-presupuesto2025y100agnossegsocial-2-1_optimized.jpeg\" alt='' title='241011-presupuesto2025y100agnossegsocial-(2)-(1)_optimized' height=\"600\" width=\"800\"  itemprop=\"thumbnailUrl\" srcset=\"https:\/\/radiorevelacionfm.cl\/wp-content\/uploads\/2024\/10\/241011-presupuesto2025y100agnossegsocial-2-1_optimized.jpeg 800w, https:\/\/radiorevelacionfm.cl\/wp-content\/uploads\/2024\/10\/241011-presupuesto2025y100agnossegsocial-2-1_optimized-300x225.jpeg 300w, https:\/\/radiorevelacionfm.cl\/wp-content\/uploads\/2024\/10\/241011-presupuesto2025y100agnossegsocial-2-1_optimized-768x576.jpeg 768w, https:\/\/radiorevelacionfm.cl\/wp-content\/uploads\/2024\/10\/241011-presupuesto2025y100agnossegsocial-2-1_optimized-705x529.jpeg 705w, https:\/\/radiorevelacionfm.cl\/wp-content\/uploads\/2024\/10\/241011-presupuesto2025y100agnossegsocial-2-1_optimized-450x338.jpeg 450w, https:\/\/radiorevelacionfm.cl\/wp-content\/uploads\/2024\/10\/241011-presupuesto2025y100agnossegsocial-2-1_optimized-600x450.jpeg 600w\" sizes=\"(max-width: 800px) 100vw, 800px\" \/><\/div><\/div><\/div><\/div><div class=\"flex_column av_one_full  flex_column_div av-zero-column-padding first  avia-builder-el-2  el_after_av_one_full  el_before_av_one_full  column-top-margin\" style='border-radius:0px; '><section class=\"av_textblock_section \"  itemscope=\"itemscope\" itemtype=\"https:\/\/schema.org\/BlogPosting\" itemprop=\"blogPost\" ><div class='avia_textblock  '   itemprop=\"text\" ><p style=\"text-align: center;\"><span style=\"font-size: 18pt;\"><strong>Gobierno refuerza compromisos en Coyhaique con la presentaci\u00f3n del Presupuesto 2025 y la Reforma Previsional<\/strong><\/span><\/p>\n<div id=\"gtx-trans\" style=\"position: absolute; left: -50px; top: 4.31534px;\">\n<div class=\"gtx-trans-icon\"><\/div>\n<\/div>\n<\/div><\/section><\/div><div class=\"flex_column av_one_full  flex_column_div av-zero-column-padding first  avia-builder-el-4  el_after_av_one_full  el_before_av_hr  column-top-margin\" style='border-radius:0px; '><section class=\"av_textblock_section \"  itemscope=\"itemscope\" itemtype=\"https:\/\/schema.org\/BlogPosting\" itemprop=\"blogPost\" ><div class='avia_textblock  '   itemprop=\"text\" ><p style=\"text-align: justify;\">El Subsecretario de Previsi\u00f3n Social, Claudio Reyes, visit\u00f3 este viernes Coyhaique para presentar los ejes principales del Presupuesto 2025, presentados por el Presidente de la Rep\u00fablica, Gabriel Boric, que prioriza el bienestar social y econ\u00f3mico del pa\u00eds, con \u00e9nfasis en las regiones m\u00e1s alejadas como Ays\u00e9n.<\/p>\n<p style=\"text-align: justify;\">Durante la jornada, Reyes explic\u00f3 que el presupuesto crece en un 2,7% y est\u00e1 enfocado en la seguridad social, seguridad econ\u00f3mica y seguridad p\u00fablica.<\/p>\n<p style=\"text-align: justify;\">En particular, para la regi\u00f3n de Ays\u00e9n inform\u00f3 que, entre otros proyectos, se destinar\u00e1n $7.500 millones para la construcci\u00f3n de un Cesfam y un SAR de Alta Resoluci\u00f3n en Coyhaique, como parte de una inversi\u00f3n total de $24 mil millones.<\/p>\n<p style=\"text-align: justify;\">Asimismo, m\u00e1s de $61 mil millones se invertir\u00e1n en la mejora de la Carretera Austral, un proyecto estrat\u00e9gico para la conectividad y el desarrollo econ\u00f3mico de la zona.<\/p>\n<p style=\"text-align: justify;\">Adem\u00e1s de las inversiones en infraestructura vial y salud, se contempla un impulso a la productividad regional a trav\u00e9s del Fondo Regional para la Productividad y el Desarrollo, con m\u00e1s de $220 mil millones a nivel nacional, de los cuales una parte significativa beneficiar\u00e1 a la regi\u00f3n.<\/p>\n<p style=\"text-align: justify;\">\u201cComo se ha se\u00f1alado este presupuesto del a\u00f1o 2025 tiene 3 ejes centrales, la seguridad econ\u00f3mica y tambi\u00e9n la seguridad econ\u00f3mica. Dentro de la Seguridad Social, un elemento esencial tiene que ver con el aumento de la Pensi\u00f3n Garantizada Universal a 250.000 pesos, lo cual de alguna manera ya se facilita con la aprobaci\u00f3n de la ley de responsabilidad tributaria, desde d\u00f3nde va a provenir el financiamiento para aumentar esa pensi\u00f3n\u201d, afirm\u00f3 el Subsecretario de Previsi\u00f3n Social, Claudio Reyes.<\/p>\n<p style=\"text-align: justify;\">La autoridad sostuvo que estos recursos contribuir\u00e1n al desarrollo econ\u00f3mico local, fomentando la competitividad y mejorando la conectividad de Ays\u00e9n.<\/p>\n<p style=\"text-align: justify;\">Por su parte, el Delegado presidencial regional, Rodrigo Araya, destac\u00f3 sobre los anuncios, \u201cEl presupuesto 2025 est\u00e1 orientado a seguridad p\u00fablica, seguridad social y seguridad econ\u00f3mica, con un 2,7% de aumento en relaci\u00f3n al a\u00f1o anterior. En nuestra regi\u00f3n tambi\u00e9n se va a visualizar esta inversi\u00f3n, por ejemplo, en infraestructura que tambi\u00e9n se va a ver reflejada ac\u00e1\u201d.<\/p>\n<p style=\"text-align: justify;\">El Subsecretario Reyes se refiri\u00f3 durante su intervenci\u00f3n a la tramitaci\u00f3n de la Reforma Previsional, que lleva, dijo, m\u00e1s de 20 meses en tramitaci\u00f3n. Reyes record\u00f3 que la reforma incluye una cotizaci\u00f3n adicional del 6%, de la cual el 3% ir\u00e1 a las cuentas individuales, un 1% estar\u00e1 destinado a mejorar las pensiones de las mujeres, y el 2% se utilizar\u00e1 para fortalecer un fondo solidario que beneficiar\u00e1 a los pensionados actuales.<\/p>\n<p style=\"text-align: justify;\">En este contexto, el aumento de la Pensi\u00f3n Garantizada Universal (PGU) a $250.000, busca asegurar que ninguna persona mayor de Chile viva por debajo de la l\u00ednea de pobreza. Este avance es uno de los puntos m\u00e1s importantes dentro de la reforma, que tambi\u00e9n busca reducir las brechas de g\u00e9nero y otorgar mayor seguridad a los jubilados.<\/p>\n<p style=\"text-align: justify;\">Desde otro \u00e1mbito, la Subsecretaria de Turismo, Ver\u00f3nica Pardo mencion\u00f3 durante la actividad, \u201cCon respecto al Turismo, fue anunciado por la Ministra Vallejos el Congreso Mundial de Turismo Aventura, que luego de diez a\u00f1os vuelve a realizarse en Chile. Se trata de m\u00e1s de 850 operadores tur\u00edsticos a nivel mundial y viene a consolidar un trabajo que venimos haciendo con el Gobierno del Presidente Gabriel Boric, para asegurar que el turismo sea una herramienta econ\u00f3mica, de desarrollo social y de inversi\u00f3n medioambiental\u201d.<\/p>\n<p style=\"text-align: justify;\"><strong><u>100 a\u00f1os de la Seguridad Social<\/u><\/strong><\/p>\n<p style=\"text-align: justify;\">En el marco de la visita, Reyes particip\u00f3 en la actividad conmemorativa de los 100 a\u00f1os de la Seguridad Social en Chile, resaltando la evoluci\u00f3n del sistema de protecci\u00f3n social desde la promulgaci\u00f3n de la Ley del Seguro Obrero en 1924.<\/p>\n<p style=\"text-align: justify;\">Durante la actividad con la Asociaci\u00f3n Nacional de Empleadas de Casa Particular -Anecap- y adultos mayores de la regi\u00f3n, el Subsecretario subray\u00f3 que los logros alcanzados hasta ahora reflejan un esfuerzo constante por mejorar las condiciones de vida de los trabajadores y sus familias.<\/p>\n<p style=\"text-align: justify;\">Reyes tambi\u00e9n mencion\u00f3 el reciente lanzamiento del libro \u201c100 a\u00f1os de Seguridad Social en Chile\u201d, que no solo recoge los principales hitos del sistema, sino que invita a reflexionar sobre los desaf\u00edos pendientes para fortalecer un sistema equitativo y solidario.<\/p>\n<p style=\"text-align: justify;\">Por otro lado, resalt\u00f3 el programa Chile Cuida, con una inversi\u00f3n de $3.400 millones para el cuidado domiciliario de adultos mayores, beneficiando a m\u00e1s de 1.750 personas en todo el pa\u00eds, y los Centros Diurnos de Adulto Mayor, que recibir\u00e1n m\u00e1s de $12 mil millones.<\/p>\n<p style=\"text-align: justify;\">La actividad cont\u00f3 con la participaci\u00f3n de diversas autoridades, entre ellas el delegado Presidencial Regional, Rodrigo Araya; la Subsecretaria de Turismo, Ver\u00f3nica Pardo; el Diputado Ren\u00e9 Alinco; el presidente(s) del Consejo Regional de Ays\u00e9n, Ra\u00fal Rudolphi; el Seremi(s) de Trabajo y Previsi\u00f3n Social y Director del Trabajo, Christian Aros. Tambi\u00e9n estuvieron presentes autoridades regionales y comunales, representantes de la ANEF, dirigentes sindicales y p\u00fablico en general.<\/p>\n<\/div><\/section><\/div><div  style='height:50px' class='hr hr-invisible   avia-builder-el-6  el_after_av_one_full  el_before_av_social_share '><span class='hr-inner ' ><span class='hr-inner-style'><\/span><\/span><\/div><\/p>\n<div  class='av-social-sharing-box  avia-builder-el-7  el_after_av_hr  el_before_av_hr  '><div class='av-share-box'><h5 class='av-share-link-description av-no-toc '>Compartir esta noticia<\/h5><ul class='av-share-box-list noLightbox'><li class='av-share-link av-social-link-facebook' ><a target=\"_blank\" aria-label=\"Compartir en Facebook\" href='https:\/\/www.facebook.com\/sharer.php?u=https:\/\/radiorevelacionfm.cl\/?p=47018&#038;t=Gobierno%20refuerza%20compromisos%20en%20Coyhaique%20con%20la%20presentaci%C3%B3n%20del%20Presupuesto%202025%20y%20la%20Reforma%20Previsional' aria-hidden='false' data-av_icon='\ue8f3' data-av_iconfont='entypo-fontello' title='' data-avia-related-tooltip='Compartir en Facebook' rel=\"noopener\"><span class='avia_hidden_link_text'>Compartir en Facebook<\/span><\/a><\/li><li class='av-share-link av-social-link-twitter' ><a target=\"_blank\" aria-label=\"Compartir en Twitter\" href='https:\/\/twitter.com\/share?text=Gobierno%20refuerza%20compromisos%20en%20Coyhaique%20con%20la%20presentaci%C3%B3n%20del%20Presupuesto%202025%20y%20la%20Reforma%20Previsional&#038;url=https:\/\/radiorevelacionfm.cl\/?p=47018' aria-hidden='false' data-av_icon='\ue8f1' data-av_iconfont='entypo-fontello' title='' data-avia-related-tooltip='Compartir en Twitter' rel=\"noopener\"><span class='avia_hidden_link_text'>Compartir en Twitter<\/span><\/a><\/li><li class='av-share-link av-social-link-whatsapp' ><a target=\"_blank\" aria-label=\"Compartir en Whatsapp\" href='https:\/\/api.whatsapp.com\/send?text=https:\/\/radiorevelacionfm.cl\/?p=47018' aria-hidden='false' data-av_icon='\uf232' data-av_iconfont='entypo-fontello' title='' data-avia-related-tooltip='Compartir en Whatsapp' rel=\"noopener\"><span class='avia_hidden_link_text'>Compartir en Whatsapp<\/span><\/a><\/li><li class='av-share-link av-social-link-linkedin' ><a target=\"_blank\" aria-label=\"Compartir en LinkedIn\" href='https:\/\/linkedin.com\/shareArticle?mini=true&#038;title=Gobierno%20refuerza%20compromisos%20en%20Coyhaique%20con%20la%20presentaci%C3%B3n%20del%20Presupuesto%202025%20y%20la%20Reforma%20Previsional&#038;url=https:\/\/radiorevelacionfm.cl\/?p=47018' aria-hidden='false' data-av_icon='\ue8fc' data-av_iconfont='entypo-fontello' title='' data-avia-related-tooltip='Compartir en LinkedIn' rel=\"noopener\"><span class='avia_hidden_link_text'>Compartir en LinkedIn<\/span><\/a><\/li><li class='av-share-link av-social-link-mail' ><a  aria-label=\"Compartir por correo\" href='mailto:?subject=Gobierno%20refuerza%20compromisos%20en%20Coyhaique%20con%20la%20presentaci%C3%B3n%20del%20Presupuesto%202025%20y%20la%20Reforma%20Previsional&#038;body=https:\/\/radiorevelacionfm.cl\/?p=47018' aria-hidden='false' data-av_icon='\ue805' data-av_iconfont='entypo-fontello' title='' data-avia-related-tooltip='Compartir por correo'><span class='avia_hidden_link_text'>Compartir por correo<\/span><\/a><\/li><\/ul><\/div><\/div>\n<div  style='height:50px' class='hr hr-invisible   avia-builder-el-8  el_after_av_social_share  el_before_av_comments_list '><span class='hr-inner ' ><span class='hr-inner-style'><\/span><\/span><\/div>\n<div  class='av-buildercomment  av-blog-meta-html-info-disabled av-blog-meta-tag-disabled  '><\/div>\n","protected":false},"excerpt":{"rendered":"","protected":false},"author":1,"featured_media":47019,"comment_status":"open","ping_status":"open","sticky":false,"template":"","format":"standard","meta":{"footnotes":""},"categories":[56],"tags":[],"class_list":["post-47018","post","type-post","status-publish","format-standard","has-post-thumbnail","hentry","category-trabajo"],"jetpack_featured_media_url":"https:\/\/radiorevelacionfm.cl\/wp-content\/uploads\/2024\/10\/241011-presupuesto2025y100agnossegsocial-2-1_optimized.jpeg","_links":{"self":[{"href":"https:\/\/radiorevelacionfm.cl\/index.php?rest_route=\/wp\/v2\/posts\/47018","targetHints":{"allow":["GET"]}}],"collection":[{"href":"https:\/\/radiorevelacionfm.cl\/index.php?rest_route=\/wp\/v2\/posts"}],"about":[{"href":"https:\/\/radiorevelacionfm.cl\/index.php?rest_route=\/wp\/v2\/types\/post"}],"author":[{"embeddable":true,"href":"https:\/\/radiorevelacionfm.cl\/index.php?rest_route=\/wp\/v2\/users\/1"}],"replies":[{"embeddable":true,"href":"https:\/\/radiorevelacionfm.cl\/index.php?rest_route=%2Fwp%2Fv2%2Fcomments&post=47018"}],"version-history":[{"count":1,"href":"https:\/\/radiorevelacionfm.cl\/index.php?rest_route=\/wp\/v2\/posts\/47018\/revisions"}],"predecessor-version":[{"id":47020,"href":"https:\/\/radiorevelacionfm.cl\/index.php?rest_route=\/wp\/v2\/posts\/47018\/revisions\/47020"}],"wp:featuredmedia":[{"embeddable":true,"href":"https:\/\/radiorevelacionfm.cl\/index.php?rest_route=\/wp\/v2\/media\/47019"}],"wp:attachment":[{"href":"https:\/\/radiorevelacionfm.cl\/index.php?rest_route=%2Fwp%2Fv2%2Fmedia&parent=47018"}],"wp:term":[{"taxonomy":"category","embeddable":true,"href":"https:\/\/radiorevelacionfm.cl\/index.php?rest_route=%2Fwp%2Fv2%2Fcategories&post=47018"},{"taxonomy":"post_tag","embeddable":true,"href":"https:\/\/radiorevelacionfm.cl\/index.php?rest_route=%2Fwp%2Fv2%2Ftags&post=47018"}],"curies":[{"name":"wp","href":"https:\/\/api.w.org\/{rel}","templated":true}]}}