{"id":47005,"date":"2024-10-11T16:19:05","date_gmt":"2024-10-11T19:19:05","guid":{"rendered":"https:\/\/radiorevelacionfm.cl\/?p=47005"},"modified":"2024-10-11T16:19:05","modified_gmt":"2024-10-11T19:19:05","slug":"puerto-rio-tranquilo-cuenta-con-nuevo-inspector-municipal","status":"publish","type":"post","link":"https:\/\/radiorevelacionfm.cl\/?p=47005","title":{"rendered":"Puerto R\u00edo Tranquilo cuenta con nuevo inspector municipal"},"content":{"rendered":"<div class=\"flex_column av_one_full  flex_column_div av-zero-column-padding first  avia-builder-el-0  el_before_av_one_full  avia-builder-el-first  \" style='border-radius:0px; '><div  class='avia-image-container  av-styling-    avia-builder-el-1  avia-builder-el-no-sibling  avia-align-center '  itemprop=\"image\" itemscope=\"itemscope\" itemtype=\"https:\/\/schema.org\/ImageObject\"  ><div class='avia-image-container-inner'><div class='avia-image-overlay-wrap'><img decoding=\"async\" class='wp-image-47006 avia-img-lazy-loading-not-47006 avia_image' src=\"https:\/\/radiorevelacionfm.cl\/wp-content\/uploads\/2024\/10\/01-13-1_optimized.jpg\" alt='' title='01-(13)-(1)_optimized' height=\"600\" width=\"900\"  itemprop=\"thumbnailUrl\" srcset=\"https:\/\/radiorevelacionfm.cl\/wp-content\/uploads\/2024\/10\/01-13-1_optimized.jpg 900w, https:\/\/radiorevelacionfm.cl\/wp-content\/uploads\/2024\/10\/01-13-1_optimized-300x200.jpg 300w, https:\/\/radiorevelacionfm.cl\/wp-content\/uploads\/2024\/10\/01-13-1_optimized-768x512.jpg 768w, https:\/\/radiorevelacionfm.cl\/wp-content\/uploads\/2024\/10\/01-13-1_optimized-705x470.jpg 705w, https:\/\/radiorevelacionfm.cl\/wp-content\/uploads\/2024\/10\/01-13-1_optimized-450x300.jpg 450w, https:\/\/radiorevelacionfm.cl\/wp-content\/uploads\/2024\/10\/01-13-1_optimized-600x400.jpg 600w\" sizes=\"(max-width: 900px) 100vw, 900px\" \/><\/div><\/div><\/div><\/div><div class=\"flex_column av_one_full  flex_column_div av-zero-column-padding first  avia-builder-el-2  el_after_av_one_full  el_before_av_one_full  column-top-margin\" style='border-radius:0px; '><section class=\"av_textblock_section \"  itemscope=\"itemscope\" itemtype=\"https:\/\/schema.org\/BlogPosting\" itemprop=\"blogPost\" ><div class='avia_textblock  '   itemprop=\"text\" ><p style=\"text-align: center;\"><strong><span style=\"font-size: 18pt;\">Puerto R\u00edo Tranquilo cuenta con nuevo inspector municipal<\/span><\/strong><\/p>\n<div id=\"gtx-trans\" style=\"position: absolute; left: -50px; top: 4.31534px;\">\n<div class=\"gtx-trans-icon\"><\/div>\n<\/div>\n<\/div><\/section><\/div><div class=\"flex_column av_one_full  flex_column_div av-zero-column-padding first  avia-builder-el-4  el_after_av_one_full  el_before_av_hr  column-top-margin\" style='border-radius:0px; '><section class=\"av_textblock_section \"  itemscope=\"itemscope\" itemtype=\"https:\/\/schema.org\/BlogPosting\" itemprop=\"blogPost\" ><div class='avia_textblock  '   itemprop=\"text\" ><p style=\"text-align: justify;\"><em>El nuevo funcionario fue presentado a inicios de este mes octubre ante el concejo municipal. Cumplir\u00e1 labores de fiscalizaci\u00f3n y seguridad en sectores del interior de la comuna de R\u00edo Ib\u00e1\u00f1ez. <\/em><\/p>\n<p style=\"text-align: justify;\">Fortaleciendo los trabajos de fiscalizaci\u00f3n, seguridad y cumplimiento de ordenanzas municipales en las localidades del interior de la comuna de R\u00edo Ib\u00e1\u00f1ez, este martes 08 de octubre fue presentado de manera oficial el nuevo inspector municipal de Puerto R\u00edo Tranquilo.<\/p>\n<p style=\"text-align: justify;\">El funcionario, Jos\u00e9 Berrocal Fa\u00fandez, es un ex funcionario de Carabinero de Chile con 15 a\u00f1os de experiencia en la instituci\u00f3n policial. Su misi\u00f3n incluir\u00e1 patrullajes en el marco del convenio OS14 por las localidades de Bah\u00eda Murta y Puerto S\u00e1nchez, as\u00ed como tambi\u00e9n, un rol de apoyo en la inspecci\u00f3n del comercio, especialmente en v\u00edsperas de la nueva temporada estival 2024-25.<\/p>\n<p style=\"text-align: justify;\">Al respecto, Carina Briones Poblete, presidenta de la C\u00e1mara de Turismo y Comercio de Puerto R\u00edo Tranquilo, consider\u00f3 clave la presencia de un inspector municipal en la localidad. \u201cComo empresas que trabajamos en turismo, contar con estas fiscalizaciones nos permite generar un desarrollo de esta actividad econ\u00f3mica m\u00e1s ordenada y que no se otorgue espacio a pr\u00e1cticas ilegales o no autorizadas\u201d, indic\u00f3.<\/p>\n<p style=\"text-align: justify;\">El Alcalde Subrogante de R\u00edo Ib\u00e1\u00f1ez, Ignacio Carrasco Moreno, finaliz\u00f3 expresando su satisfacci\u00f3n por la incorporaci\u00f3n de este nuevo recurso humano, afirmando que \u201cnos permite hacer efectivas nuestras ordenanzas municipales y mantener la seguridad en nuestras localidades del interior. Cada a\u00f1o observamos un aumento en el n\u00famero de visitantes, lo que requiere una acci\u00f3n preventiva m\u00e1s robusta de nuestra parte para enfrentar este contexto\u201d.<\/p>\n<\/div><\/section><\/div><div  style='height:50px' class='hr hr-invisible   avia-builder-el-6  el_after_av_one_full  el_before_av_social_share '><span class='hr-inner ' ><span class='hr-inner-style'><\/span><\/span><\/div><\/p>\n<div  class='av-social-sharing-box  avia-builder-el-7  el_after_av_hr  el_before_av_hr  '><div class='av-share-box'><h5 class='av-share-link-description av-no-toc '>Compartir esta noticia<\/h5><ul class='av-share-box-list noLightbox'><li class='av-share-link av-social-link-facebook' ><a target=\"_blank\" aria-label=\"Compartir en Facebook\" href='https:\/\/www.facebook.com\/sharer.php?u=https:\/\/radiorevelacionfm.cl\/?p=47005&#038;t=Puerto%20R%C3%ADo%20Tranquilo%20cuenta%20con%20nuevo%20inspector%20municipal' aria-hidden='false' data-av_icon='\ue8f3' data-av_iconfont='entypo-fontello' title='' data-avia-related-tooltip='Compartir en Facebook' rel=\"noopener\"><span class='avia_hidden_link_text'>Compartir en Facebook<\/span><\/a><\/li><li class='av-share-link av-social-link-twitter' ><a target=\"_blank\" aria-label=\"Compartir en Twitter\" href='https:\/\/twitter.com\/share?text=Puerto%20R%C3%ADo%20Tranquilo%20cuenta%20con%20nuevo%20inspector%20municipal&#038;url=https:\/\/radiorevelacionfm.cl\/?p=47005' aria-hidden='false' data-av_icon='\ue8f1' data-av_iconfont='entypo-fontello' title='' data-avia-related-tooltip='Compartir en Twitter' rel=\"noopener\"><span class='avia_hidden_link_text'>Compartir en Twitter<\/span><\/a><\/li><li class='av-share-link av-social-link-whatsapp' ><a target=\"_blank\" aria-label=\"Compartir en Whatsapp\" href='https:\/\/api.whatsapp.com\/send?text=https:\/\/radiorevelacionfm.cl\/?p=47005' aria-hidden='false' data-av_icon='\uf232' data-av_iconfont='entypo-fontello' title='' data-avia-related-tooltip='Compartir en Whatsapp' rel=\"noopener\"><span class='avia_hidden_link_text'>Compartir en Whatsapp<\/span><\/a><\/li><li class='av-share-link av-social-link-linkedin' ><a target=\"_blank\" aria-label=\"Compartir en LinkedIn\" href='https:\/\/linkedin.com\/shareArticle?mini=true&#038;title=Puerto%20R%C3%ADo%20Tranquilo%20cuenta%20con%20nuevo%20inspector%20municipal&#038;url=https:\/\/radiorevelacionfm.cl\/?p=47005' aria-hidden='false' data-av_icon='\ue8fc' data-av_iconfont='entypo-fontello' title='' data-avia-related-tooltip='Compartir en LinkedIn' rel=\"noopener\"><span class='avia_hidden_link_text'>Compartir en LinkedIn<\/span><\/a><\/li><li class='av-share-link av-social-link-mail' ><a  aria-label=\"Compartir por correo\" href='mailto:?subject=Puerto%20R%C3%ADo%20Tranquilo%20cuenta%20con%20nuevo%20inspector%20municipal&#038;body=https:\/\/radiorevelacionfm.cl\/?p=47005' aria-hidden='false' data-av_icon='\ue805' data-av_iconfont='entypo-fontello' title='' data-avia-related-tooltip='Compartir por correo'><span class='avia_hidden_link_text'>Compartir por correo<\/span><\/a><\/li><\/ul><\/div><\/div>\n<div  style='height:50px' class='hr hr-invisible   avia-builder-el-8  el_after_av_social_share  el_before_av_comments_list '><span class='hr-inner ' ><span class='hr-inner-style'><\/span><\/span><\/div>\n<div  class='av-buildercomment  av-blog-meta-html-info-disabled av-blog-meta-tag-disabled  '><\/div>\n","protected":false},"excerpt":{"rendered":"","protected":false},"author":1,"featured_media":47006,"comment_status":"open","ping_status":"open","sticky":false,"template":"","format":"standard","meta":{"footnotes":""},"categories":[38],"tags":[],"class_list":["post-47005","post","type-post","status-publish","format-standard","has-post-thumbnail","hentry","category-regional"],"jetpack_featured_media_url":"https:\/\/radiorevelacionfm.cl\/wp-content\/uploads\/2024\/10\/01-13-1_optimized.jpg","_links":{"self":[{"href":"https:\/\/radiorevelacionfm.cl\/index.php?rest_route=\/wp\/v2\/posts\/47005","targetHints":{"allow":["GET"]}}],"collection":[{"href":"https:\/\/radiorevelacionfm.cl\/index.php?rest_route=\/wp\/v2\/posts"}],"about":[{"href":"https:\/\/radiorevelacionfm.cl\/index.php?rest_route=\/wp\/v2\/types\/post"}],"author":[{"embeddable":true,"href":"https:\/\/radiorevelacionfm.cl\/index.php?rest_route=\/wp\/v2\/users\/1"}],"replies":[{"embeddable":true,"href":"https:\/\/radiorevelacionfm.cl\/index.php?rest_route=%2Fwp%2Fv2%2Fcomments&post=47005"}],"version-history":[{"count":1,"href":"https:\/\/radiorevelacionfm.cl\/index.php?rest_route=\/wp\/v2\/posts\/47005\/revisions"}],"predecessor-version":[{"id":47007,"href":"https:\/\/radiorevelacionfm.cl\/index.php?rest_route=\/wp\/v2\/posts\/47005\/revisions\/47007"}],"wp:featuredmedia":[{"embeddable":true,"href":"https:\/\/radiorevelacionfm.cl\/index.php?rest_route=\/wp\/v2\/media\/47006"}],"wp:attachment":[{"href":"https:\/\/radiorevelacionfm.cl\/index.php?rest_route=%2Fwp%2Fv2%2Fmedia&parent=47005"}],"wp:term":[{"taxonomy":"category","embeddable":true,"href":"https:\/\/radiorevelacionfm.cl\/index.php?rest_route=%2Fwp%2Fv2%2Fcategories&post=47005"},{"taxonomy":"post_tag","embeddable":true,"href":"https:\/\/radiorevelacionfm.cl\/index.php?rest_route=%2Fwp%2Fv2%2Ftags&post=47005"}],"curies":[{"name":"wp","href":"https:\/\/api.w.org\/{rel}","templated":true}]}}