{"id":4700,"date":"2021-05-30T20:38:32","date_gmt":"2021-05-30T23:38:32","guid":{"rendered":"https:\/\/radiorevelacionfm.cl\/?p=4700"},"modified":"2021-05-30T20:38:32","modified_gmt":"2021-05-30T23:38:32","slug":"masiva-participacion-ciudadana-registra-dia-del-patrimonio-cultural-2021","status":"publish","type":"post","link":"https:\/\/radiorevelacionfm.cl\/?p=4700","title":{"rendered":"Masiva participaci\u00f3n ciudadana registra D\u00eda del Patrimonio Cultural 2021"},"content":{"rendered":"<div class=\"flex_column av_one_full  flex_column_div av-zero-column-padding first  avia-builder-el-0  el_before_av_one_full  avia-builder-el-first  \" style='border-radius:0px; '><div  class='avia-image-container  av-styling-    avia-builder-el-1  avia-builder-el-no-sibling  avia-align-center '  itemprop=\"image\" itemscope=\"itemscope\" itemtype=\"https:\/\/schema.org\/ImageObject\"  ><div class='avia-image-container-inner'><div class='avia-image-overlay-wrap'><img decoding=\"async\" class='wp-image-0 avia-img-lazy-loading-not-0 avia_image' src=\"https:\/\/radiorevelacionfm.cl\/wp-content\/uploads\/2021\/05\/1.-Litoral-General-1-1.jpg\" alt='' title=''   itemprop=\"thumbnailUrl\"  \/><\/div><\/div><\/div><\/div><div class=\"flex_column av_one_full  flex_column_div av-zero-column-padding first  avia-builder-el-2  el_after_av_one_full  el_before_av_one_full  column-top-margin\" style='border-radius:0px; '><section class=\"av_textblock_section \"  itemscope=\"itemscope\" itemtype=\"https:\/\/schema.org\/BlogPosting\" itemprop=\"blogPost\" ><div class='avia_textblock  '   itemprop=\"text\" ><p style=\"text-align: center;\"><strong><span style=\"font-size: 18pt;\">Masiva participaci\u00f3n ciudadana registra D\u00eda del Patrimonio Cultural 2021<\/span><\/strong><\/p>\n<div id=\"gtx-trans\" style=\"position: absolute; left: -50px; top: 4.31534px;\">\n<div class=\"gtx-trans-icon\"><\/div>\n<\/div>\n<\/div><\/section><\/div><div class=\"flex_column av_one_full  flex_column_div av-zero-column-padding first  avia-builder-el-4  el_after_av_one_full  el_before_av_hr  column-top-margin\" style='border-radius:0px; '><section class=\"av_textblock_section \"  itemscope=\"itemscope\" itemtype=\"https:\/\/schema.org\/BlogPosting\" itemprop=\"blogPost\" ><div class='avia_textblock  '   itemprop=\"text\" ><p class=\"v1x_x_MsoNormal\" style=\"text-align: justify;\">Por segundo a\u00f1o consecutivo, en medio de la emergencia sanitaria, una vez m\u00e1s la ciudadan\u00eda se comprometi\u00f3 con el rescate y difusi\u00f3n del patrimonio material e inmaterial del pa\u00eds y particip\u00f3 masivamente de las m\u00e1s de 1.800 actividades que dieron vida al D\u00eda del Patrimonio Cultural, fiesta ciudadana organizada por el Ministerio de las Culturas, las Artes y el Patrimonio que en su edici\u00f3n 2021 result\u00f3 todo un \u00e9xito. Por primera vez se apost\u00f3 por\u00a0una modalidad mixta que incluy\u00f3 principalmente actividades virtuales y tambi\u00e9n presenciales en aquellas comunas sin cuarentena, respetando todos los protocolos y aforos.<\/p>\n<p class=\"v1x_x_MsoNormal\" style=\"text-align: justify;\">Recorridos virtuales, conversatorios en vivo con artistas y cultores, talleres, presentaciones art\u00edsticas y lanzamientos audiovisuales fueron parte de la nutrida cartelera disponible este 28, 29 y 30 de mayo en\u00a0<a href=\"http:\/\/www.diadelpatrimonio.cl\/\" target=\"_blank\" rel=\"noopener noreferrer\">www.diadelpatrimonio.cl<\/a>.<\/p>\n<p class=\"v1x_x_MsoNormal\" style=\"text-align: justify;\">\u00abEstamos alegres por la gran respuesta de la ciudadan\u00eda en este D\u00eda del Patrimonio 2021. Hasta el mediod\u00eda de hoy domingo ten\u00edamos 2,7 millones de visitas estimadas para las 1.800 actividades disponibles en la cartelera. El D\u00eda del Patrimonio por segundo a\u00f1o desaf\u00edo la pandemia y se abri\u00f3 camino porque los organizadores de todo el pa\u00eds innovamos, nos volcamos a la virtualidad para seguir con esta tradici\u00f3n tan arraigada en Chile y lo logramos entre todos y todas\u00bb,\u00a0dijo la ministra de las Culturas, Consuelo Vald\u00e9s, quien agrega que:\u00a0\u00abEstas cifras nos demuestran lo importante que resulta para la ciudadan\u00eda conocer de cerca nuestra historia, cultura y patrimonio, porque el presente y el futuro no se construyen desde cero, sino que a partir de aquellas ideas y obras que representan valores importantes y nos hacen mejores. Agradecemos a las organizaciones p\u00fablicas, privadas y de la sociedad civil que inscribieron sus panoramas, y desde luego a las personas que se unieron a esta fiesta cultural\u00bb.<\/p>\n<p class=\"v1x_x_MsoNormal\" style=\"text-align: justify;\"><b>D\u00eda del Patrimonio en Ays\u00e9n<\/b><\/p>\n<p class=\"v1x_x_MsoNormal\" style=\"text-align: justify;\">En la Regi\u00f3n de Ays\u00e9n hubo m\u00e1s de 70 alternativas patrimoniales entre conversatorios, recorridos virtuales, exhibici\u00f3n de documentales, entre muchas otras a cargo de la red de museos, el Museo Regional de Ays\u00e9n, la Seremi de Culturas Ays\u00e9n, la Biblioteca Regional, la Universidad de Ays\u00e9n, Patrimonio Cultural Inmaterial del Ministerio de las Culturas, entre otras instituciones y organismos p\u00fablicos y privados.<\/p>\n<div class=\"v1x_x_MsoNormal\" style=\"text-align: justify;\">\n<p class=\"v1p3\">Ver\u00f3nica D\u00edaz, seremi de las Culturas Ays\u00e9n, destac\u00f3 la masiva participaci\u00f3n y dijo que \u00abestamos muy contentos y satisfechos con el inter\u00e9s que hubo en nuestro territorio. Tuvimos m\u00e1s de 70 actividades de diferentes instituciones y tambi\u00e9n de personas que hicieron muy lindos trabajos, grandes aportes a la cartelera regional en este D\u00eda del Patrimonio. Quiero destacar la labor de los equipos regionales durante este fin de semana y sobre todo que m\u00e1s de 11 mil<span class=\"v1Apple-converted-space\">\u00a0\u00a0<\/span>personas nos acompa\u00f1aron y se hicieron parte de esta fiesta cultural en la Regi\u00f3n de Ays\u00e9n\u00bb.<\/p>\n<\/div>\n<p class=\"v1x_x_MsoNormal\" style=\"text-align: justify;\">Desde el portal <a href=\"http:\/\/www.diadelpatrimonio.cl\/\" target=\"_blank\" rel=\"noopener noreferrer\">www.diadelpatrimonio.cl<\/a>\u00a0y a trav\u00e9s de las redes sociales de las propias instituciones organizadoras, las personas pudieron elegir entre las distintas actividades y contenidos desplegados desde el viernes y durante todo el fin se semana.\u00a0Entre las actividades se contaron 100 eventos presenciales tales como visitas guiadas por museos o recorridos por zonas patrimoniales y parques\u00a0como el Museo Nacional de Bellas Artes (144 visitantes), el Museo Interactivo de las Condes (28), el Centro Gabriela Mistral GAM (13), el Museo Baburizza (165), el Museo de Historia Natural de Valpara\u00edso (20), El Parque Cerro Caracol de Concepci\u00f3n (144) o el Museo de Sitio Chait\u00e9n (21). Entre otros tambi\u00e9n abrieron sus puertas de manera presencial, el Palacio Pereira del Ministerio de las Culturas, cuyas visitas guiadas ya pueden inscribirse en www.palaciopereira.cl.<\/p>\n<p class=\"v1x_x_MsoBodyText\" style=\"text-align: justify;\">Respecto a las actividades virtuales, se ofrecieron m\u00e1s de 550 lanzamientos audiovisuales, 192 recorridos por museos y espacios patrimoniales, 395 conversatorios, 85 talleres, entre otros. En la Regi\u00f3n Metropolitana se sumaron 578 actividades virtuales y 30 presenciales, mientras que 2\/3 de los panoramas se realizaron desde otras regiones. El D\u00eda del Patrimonio tambi\u00e9n cruz\u00f3 fronteras: cinco embajadas adhirieron a esta fiesta cultural con diversas iniciativas (Brasil, Espa\u00f1a, EE.UU, Irlanda y Argentina).<\/p>\n<p class=\"v1x_x_MsoBodyText\" style=\"text-align: justify;\">En las actividades virtuales destacadas est\u00e1 el Teatro Municipal de Santiago que lleg\u00f3 a m\u00e1s de 87 mil visitas, el Parque Metropolitano con m\u00e1s de 34 mil, el Museo de Artes Linares con 3 mil 900, el Museo Mar\u00edtimo Nacional con m\u00e1s de 44 mil y el Museo Regional de la Araucan\u00eda con m\u00e1s de 2 mil visitas.<\/p>\n<\/div><\/section><\/div><div  style='height:50px' class='hr hr-invisible   avia-builder-el-6  el_after_av_one_full  el_before_av_social_share '><span class='hr-inner ' ><span class='hr-inner-style'><\/span><\/span><\/div><\/p>\n<div  class='av-social-sharing-box  avia-builder-el-7  el_after_av_hr  el_before_av_hr  '><div class='av-share-box'><h5 class='av-share-link-description av-no-toc '>Compartir esta noticia<\/h5><ul class='av-share-box-list noLightbox'><li class='av-share-link av-social-link-facebook' ><a target=\"_blank\" aria-label=\"Compartir en Facebook\" href='https:\/\/www.facebook.com\/sharer.php?u=https:\/\/radiorevelacionfm.cl\/?p=4700&#038;t=Masiva%20participaci%C3%B3n%20ciudadana%20registra%20D%C3%ADa%20del%20Patrimonio%20Cultural%202021' aria-hidden='false' data-av_icon='\ue8f3' data-av_iconfont='entypo-fontello' title='' data-avia-related-tooltip='Compartir en Facebook' rel=\"noopener\"><span class='avia_hidden_link_text'>Compartir en Facebook<\/span><\/a><\/li><li class='av-share-link av-social-link-twitter' ><a target=\"_blank\" aria-label=\"Compartir en Twitter\" href='https:\/\/twitter.com\/share?text=Masiva%20participaci%C3%B3n%20ciudadana%20registra%20D%C3%ADa%20del%20Patrimonio%20Cultural%202021&#038;url=https:\/\/radiorevelacionfm.cl\/?p=4700' aria-hidden='false' data-av_icon='\ue8f1' data-av_iconfont='entypo-fontello' title='' data-avia-related-tooltip='Compartir en Twitter' rel=\"noopener\"><span class='avia_hidden_link_text'>Compartir en Twitter<\/span><\/a><\/li><li class='av-share-link av-social-link-whatsapp' ><a target=\"_blank\" aria-label=\"Compartir en Whatsapp\" href='https:\/\/api.whatsapp.com\/send?text=https:\/\/radiorevelacionfm.cl\/?p=4700' aria-hidden='false' data-av_icon='\uf232' data-av_iconfont='entypo-fontello' title='' data-avia-related-tooltip='Compartir en Whatsapp' rel=\"noopener\"><span class='avia_hidden_link_text'>Compartir en Whatsapp<\/span><\/a><\/li><li class='av-share-link av-social-link-linkedin' ><a target=\"_blank\" aria-label=\"Compartir en LinkedIn\" href='https:\/\/linkedin.com\/shareArticle?mini=true&#038;title=Masiva%20participaci%C3%B3n%20ciudadana%20registra%20D%C3%ADa%20del%20Patrimonio%20Cultural%202021&#038;url=https:\/\/radiorevelacionfm.cl\/?p=4700' aria-hidden='false' data-av_icon='\ue8fc' data-av_iconfont='entypo-fontello' title='' data-avia-related-tooltip='Compartir en LinkedIn' rel=\"noopener\"><span class='avia_hidden_link_text'>Compartir en LinkedIn<\/span><\/a><\/li><li class='av-share-link av-social-link-mail' ><a  aria-label=\"Compartir por correo\" href='mailto:?subject=Masiva%20participaci%C3%B3n%20ciudadana%20registra%20D%C3%ADa%20del%20Patrimonio%20Cultural%202021&#038;body=https:\/\/radiorevelacionfm.cl\/?p=4700' aria-hidden='false' data-av_icon='\ue805' data-av_iconfont='entypo-fontello' title='' data-avia-related-tooltip='Compartir por correo'><span class='avia_hidden_link_text'>Compartir por correo<\/span><\/a><\/li><\/ul><\/div><\/div>\n<div  style='height:50px' class='hr hr-invisible   avia-builder-el-8  el_after_av_social_share  el_before_av_comments_list '><span class='hr-inner ' ><span class='hr-inner-style'><\/span><\/span><\/div>\n<div  class='av-buildercomment  av-blog-meta-html-info-disabled av-blog-meta-tag-disabled  '><\/div>\n","protected":false},"excerpt":{"rendered":"","protected":false},"author":1,"featured_media":0,"comment_status":"open","ping_status":"open","sticky":false,"template":"","format":"standard","meta":{"footnotes":""},"categories":[52],"tags":[],"class_list":["post-4700","post","type-post","status-publish","format-standard","hentry","category-cultura"],"jetpack_featured_media_url":"","_links":{"self":[{"href":"https:\/\/radiorevelacionfm.cl\/index.php?rest_route=\/wp\/v2\/posts\/4700","targetHints":{"allow":["GET"]}}],"collection":[{"href":"https:\/\/radiorevelacionfm.cl\/index.php?rest_route=\/wp\/v2\/posts"}],"about":[{"href":"https:\/\/radiorevelacionfm.cl\/index.php?rest_route=\/wp\/v2\/types\/post"}],"author":[{"embeddable":true,"href":"https:\/\/radiorevelacionfm.cl\/index.php?rest_route=\/wp\/v2\/users\/1"}],"replies":[{"embeddable":true,"href":"https:\/\/radiorevelacionfm.cl\/index.php?rest_route=%2Fwp%2Fv2%2Fcomments&post=4700"}],"version-history":[{"count":1,"href":"https:\/\/radiorevelacionfm.cl\/index.php?rest_route=\/wp\/v2\/posts\/4700\/revisions"}],"predecessor-version":[{"id":4702,"href":"https:\/\/radiorevelacionfm.cl\/index.php?rest_route=\/wp\/v2\/posts\/4700\/revisions\/4702"}],"wp:attachment":[{"href":"https:\/\/radiorevelacionfm.cl\/index.php?rest_route=%2Fwp%2Fv2%2Fmedia&parent=4700"}],"wp:term":[{"taxonomy":"category","embeddable":true,"href":"https:\/\/radiorevelacionfm.cl\/index.php?rest_route=%2Fwp%2Fv2%2Fcategories&post=4700"},{"taxonomy":"post_tag","embeddable":true,"href":"https:\/\/radiorevelacionfm.cl\/index.php?rest_route=%2Fwp%2Fv2%2Ftags&post=4700"}],"curies":[{"name":"wp","href":"https:\/\/api.w.org\/{rel}","templated":true}]}}