{"id":46996,"date":"2024-10-11T16:56:20","date_gmt":"2024-10-11T19:56:20","guid":{"rendered":"https:\/\/radiorevelacionfm.cl\/?p=46996"},"modified":"2024-10-11T16:56:20","modified_gmt":"2024-10-11T19:56:20","slug":"termometro-laboral-de-aysen-por-segundo-trimestre-consecutivo-se-mantiene-la-mayor-tasa-de-ocupacion-laboral-nacional","status":"publish","type":"post","link":"https:\/\/radiorevelacionfm.cl\/?p=46996","title":{"rendered":"Term\u00f3metro laboral de Ays\u00e9n: Por segundo trimestre consecutivo se mantiene la mayor tasa de ocupaci\u00f3n laboral nacional"},"content":{"rendered":"<div class=\"flex_column av_one_full  flex_column_div av-zero-column-padding first  avia-builder-el-0  el_before_av_one_full  avia-builder-el-first  \" style='border-radius:0px; '><div  class='avia-image-container  av-styling-    avia-builder-el-1  avia-builder-el-no-sibling  avia-align-center '  itemprop=\"image\" itemscope=\"itemscope\" itemtype=\"https:\/\/schema.org\/ImageObject\"  ><div class='avia-image-container-inner'><div class='avia-image-overlay-wrap'><img decoding=\"async\" class='wp-image-46997 avia-img-lazy-loading-not-46997 avia_image' src=\"https:\/\/radiorevelacionfm.cl\/wp-content\/uploads\/2024\/10\/planta-proceso-1_optimized.jpg\" alt='' title='planta-proceso-(1)_optimized' height=\"600\" width=\"828\"  itemprop=\"thumbnailUrl\" srcset=\"https:\/\/radiorevelacionfm.cl\/wp-content\/uploads\/2024\/10\/planta-proceso-1_optimized.jpg 828w, https:\/\/radiorevelacionfm.cl\/wp-content\/uploads\/2024\/10\/planta-proceso-1_optimized-300x217.jpg 300w, https:\/\/radiorevelacionfm.cl\/wp-content\/uploads\/2024\/10\/planta-proceso-1_optimized-768x557.jpg 768w, https:\/\/radiorevelacionfm.cl\/wp-content\/uploads\/2024\/10\/planta-proceso-1_optimized-705x511.jpg 705w, https:\/\/radiorevelacionfm.cl\/wp-content\/uploads\/2024\/10\/planta-proceso-1_optimized-450x326.jpg 450w, https:\/\/radiorevelacionfm.cl\/wp-content\/uploads\/2024\/10\/planta-proceso-1_optimized-600x435.jpg 600w\" sizes=\"(max-width: 828px) 100vw, 828px\" \/><\/div><\/div><\/div><\/div><div class=\"flex_column av_one_full  flex_column_div av-zero-column-padding first  avia-builder-el-2  el_after_av_one_full  el_before_av_one_full  column-top-margin\" style='border-radius:0px; '><section class=\"av_textblock_section \"  itemscope=\"itemscope\" itemtype=\"https:\/\/schema.org\/BlogPosting\" itemprop=\"blogPost\" ><div class='avia_textblock  '   itemprop=\"text\" ><p style=\"text-align: center;\"><strong><span style=\"font-size: 18pt;\">Term\u00f3metro laboral de Ays\u00e9n: Por segundo trimestre consecutivo se mantiene la mayor tasa de ocupaci\u00f3n laboral nacional<\/span><\/strong><\/p>\n<div id=\"gtx-trans\" style=\"position: absolute; left: -50px; top: 4.31534px;\">\n<div class=\"gtx-trans-icon\"><\/div>\n<\/div>\n<\/div><\/section><\/div><div class=\"flex_column av_one_full  flex_column_div av-zero-column-padding first  avia-builder-el-4  el_after_av_one_full  el_before_av_hr  column-top-margin\" style='border-radius:0px; '><section class=\"av_textblock_section \"  itemscope=\"itemscope\" itemtype=\"https:\/\/schema.org\/BlogPosting\" itemprop=\"blogPost\" ><div class='avia_textblock  '   itemprop=\"text\" ><p style=\"text-align: justify;\"><em>Otro dato para destacar de este informe mensual es que, de manera paralela, la regi\u00f3n tiene la menor tasa de desocupaci\u00f3n a nivel nacional con un 4,2%.<\/em><\/p>\n<p style=\"text-align: justify;\">De manera positiva catalogan el mes de octubre desde La Seremi de Trabajo y Previsi\u00f3n Social y el Observatorio Laboral de Ays\u00e9n, ya que el term\u00f3metro laboral sigue comport\u00e1ndose de manera estable por segundo trimestre consecutivo, lo que sin lugar a duda es una excelente noticia a nivel regional.<\/p>\n<p style=\"text-align: justify;\">En palabras de Paulina Ruz Delf\u00edn, Seremi (s) del Trabajo y Previsi\u00f3n Social, esto fortalece el trabajo que desde las diferentes carteras ministeriales se ha hecho para dar las herramientas necesarias en la poblaci\u00f3n de tal manera que el empleo vaya experimentando una evoluci\u00f3n positiva no solo en la regi\u00f3n, sino tambi\u00e9n a nivel nacional, \u201cPor segundo trimestre consecutivo, la regi\u00f3n de Ays\u00e9n ha registrado la tasa de desocupaci\u00f3n m\u00e1s baja y la de ocupaci\u00f3n m\u00e1s alta a nivel pa\u00eds, 4,2% y 67,6% respectivamente. Entre los desaf\u00edos que tenemos como regi\u00f3n tenemos a los j\u00f3venes y mujeres. Entre los j\u00f3venes de 15 a 29 a\u00f1os la desocupaci\u00f3n es m\u00e1s alta que la media, alcanzando un 10,8% y la brecha de ocupaci\u00f3n entre hombres y mujeres tiene una diferencia de 13,1 puntos porcentuales\u201d.<\/p>\n<p style=\"text-align: justify;\">La Seremi Paulina Ruz detall\u00f3 algunas acciones frente a estos desaf\u00edos laborales, \u201cFrente a esta situaci\u00f3n, como seremi del Trabajo y Previsi\u00f3n Social, a trav\u00e9s de Sence, estamos dando mayor impulso al incentivo a la contrataci\u00f3n y formalidad, como son el Subsidio al Empleo Joven para apoyar la inserci\u00f3n laboral de nuestros j\u00f3venes y el Bono al Trabajo de la Mujer. Tambi\u00e9n se est\u00e1n creando espacios que conectan a los trabajadores j\u00f3venes y a la fuerza laboral femenina con el empleo, por ejemplo, en la Feria Laboral Litoral-Trabajo que realizamos la semana pasada en Puerto Ays\u00e9n, justamente estos dos grupos son quienes mayoritariamente participaron en la feria. Esta actividad fue muy exitosa y esperamos seguir trabajando con diversas \u00e1reas econ\u00f3micas, para continuar con m\u00e1s instancias que promuevan aquello\u201d<\/p>\n<p style=\"text-align: justify;\"><strong><u>Trimestre junio-julio-agosto 2024<\/u><\/strong><\/p>\n<p style=\"text-align: justify;\">Este nuevo term\u00f3metro laboral de octubre, que eval\u00faa el trimestre m\u00f3vil de junio-julio y agosto 2024 da como resultados cifras bastante positivas con respecto a ocupaci\u00f3n laboral.<\/p>\n<p style=\"text-align: justify;\">Si hablamos de datos duros, Ays\u00e9n muestra un 67,6% de actividad laboral que representa un total de 58.752 personas empleadas, donde solo un 45% son mujeres.<\/p>\n<p style=\"text-align: justify;\">En palabras de C\u00e9sar G\u00f3mez Berrocal, Director del Observatorio Laboral Ays\u00e9n, estas cifras dan cuenta una disminuci\u00f3n consecutiva de los \u00faltimos 4 trimestres que sigue posicionando positivamente a nuestro territorio en la realidad nacional, pero que de todas formas es importante seguir trabajando de manera conjunta con todos los servicios necesarios para seguir disminuyendo los porcentajes de desocupaci\u00f3n.<\/p>\n<p style=\"text-align: justify;\">En este contexto se\u00f1al\u00f3 \u201cLa tasa de desocupaci\u00f3n en la regi\u00f3n, que es del orden del 4,2% est\u00e1 compuesta por una desocupaci\u00f3n de 5,7 % en el caso de las mujeres y un 3% en el caso de los hombres, lo que da cuenta de la brecha de participaci\u00f3n laboral entre hombres y mujeres en la regi\u00f3n\u201d al mismo tiempo el total de la poblaci\u00f3n ocupada tuvo un crecimiento del 2,4% donde la rama de actividad econ\u00f3mica que m\u00e1s ha crecido es el de Administraci\u00f3n P\u00fablica y defensa con una variaci\u00f3n anual del 9,2%, al mismo tiempo el sector que m\u00e1s ha decrecido durante los \u00faltimos 12 meses es el de la Construcci\u00f3n con un retroceso del 18,6%.<\/p>\n<p style=\"text-align: justify;\">En general la regi\u00f3n de Ays\u00e9n presenta los mayores niveles de ocupaci\u00f3n y participaci\u00f3n a nivel nacional y por el contrario el menor nivel de desocupaci\u00f3n en el pa\u00eds con un promedio del 4,2%.<\/p>\n<p style=\"text-align: justify;\">El Observatorio Laboral de Ays\u00e9n, es parte de la Estrategia Nacional de Prospecci\u00f3n Laboral, convenio firmado entre el Centro de Formaci\u00f3n T\u00e9cnica Estatal de Ays\u00e9n y la Subsecretaria del Trabajo, representada por la Seremi de Trabajo y Previsi\u00f3n Social. Para acceder al Term\u00f3metro Laboral del observatorio, el link es: https:\/\/www.subtrab.gob.cl\/tlr\/ y dar click a regi\u00f3n de Ays\u00e9n.<\/p>\n<\/div><\/section><\/div><div  style='height:50px' class='hr hr-invisible   avia-builder-el-6  el_after_av_one_full  el_before_av_social_share '><span class='hr-inner ' ><span class='hr-inner-style'><\/span><\/span><\/div><\/p>\n<div  class='av-social-sharing-box  avia-builder-el-7  el_after_av_hr  el_before_av_hr  '><div class='av-share-box'><h5 class='av-share-link-description av-no-toc '>Compartir esta noticia<\/h5><ul class='av-share-box-list noLightbox'><li class='av-share-link av-social-link-facebook' ><a target=\"_blank\" aria-label=\"Compartir en Facebook\" href='https:\/\/www.facebook.com\/sharer.php?u=https:\/\/radiorevelacionfm.cl\/?p=46996&#038;t=Term%C3%B3metro%20laboral%20de%20Ays%C3%A9n%3A%20Por%20segundo%20trimestre%20consecutivo%20se%20mantiene%20la%20mayor%20tasa%20de%20ocupaci%C3%B3n%20laboral%20nacional' aria-hidden='false' data-av_icon='\ue8f3' data-av_iconfont='entypo-fontello' title='' data-avia-related-tooltip='Compartir en Facebook' rel=\"noopener\"><span class='avia_hidden_link_text'>Compartir en Facebook<\/span><\/a><\/li><li class='av-share-link av-social-link-twitter' ><a target=\"_blank\" aria-label=\"Compartir en Twitter\" href='https:\/\/twitter.com\/share?text=Term%C3%B3metro%20laboral%20de%20Ays%C3%A9n%3A%20Por%20segundo%20trimestre%20consecutivo%20se%20mantiene%20la%20mayor%20tasa%20de%20ocupaci%C3%B3n%20laboral%20nacional&#038;url=https:\/\/radiorevelacionfm.cl\/?p=46996' aria-hidden='false' data-av_icon='\ue8f1' data-av_iconfont='entypo-fontello' title='' data-avia-related-tooltip='Compartir en Twitter' rel=\"noopener\"><span class='avia_hidden_link_text'>Compartir en Twitter<\/span><\/a><\/li><li class='av-share-link av-social-link-whatsapp' ><a target=\"_blank\" aria-label=\"Compartir en Whatsapp\" href='https:\/\/api.whatsapp.com\/send?text=https:\/\/radiorevelacionfm.cl\/?p=46996' aria-hidden='false' data-av_icon='\uf232' data-av_iconfont='entypo-fontello' title='' data-avia-related-tooltip='Compartir en Whatsapp' rel=\"noopener\"><span class='avia_hidden_link_text'>Compartir en Whatsapp<\/span><\/a><\/li><li class='av-share-link av-social-link-linkedin' ><a target=\"_blank\" aria-label=\"Compartir en LinkedIn\" href='https:\/\/linkedin.com\/shareArticle?mini=true&#038;title=Term%C3%B3metro%20laboral%20de%20Ays%C3%A9n%3A%20Por%20segundo%20trimestre%20consecutivo%20se%20mantiene%20la%20mayor%20tasa%20de%20ocupaci%C3%B3n%20laboral%20nacional&#038;url=https:\/\/radiorevelacionfm.cl\/?p=46996' aria-hidden='false' data-av_icon='\ue8fc' data-av_iconfont='entypo-fontello' title='' data-avia-related-tooltip='Compartir en LinkedIn' rel=\"noopener\"><span class='avia_hidden_link_text'>Compartir en LinkedIn<\/span><\/a><\/li><li class='av-share-link av-social-link-mail' ><a  aria-label=\"Compartir por correo\" href='mailto:?subject=Term%C3%B3metro%20laboral%20de%20Ays%C3%A9n%3A%20Por%20segundo%20trimestre%20consecutivo%20se%20mantiene%20la%20mayor%20tasa%20de%20ocupaci%C3%B3n%20laboral%20nacional&#038;body=https:\/\/radiorevelacionfm.cl\/?p=46996' aria-hidden='false' data-av_icon='\ue805' data-av_iconfont='entypo-fontello' title='' data-avia-related-tooltip='Compartir por correo'><span class='avia_hidden_link_text'>Compartir por correo<\/span><\/a><\/li><\/ul><\/div><\/div>\n<div  style='height:50px' class='hr hr-invisible   avia-builder-el-8  el_after_av_social_share  el_before_av_comments_list '><span class='hr-inner ' ><span class='hr-inner-style'><\/span><\/span><\/div>\n<div  class='av-buildercomment  av-blog-meta-html-info-disabled av-blog-meta-tag-disabled  '><\/div>\n","protected":false},"excerpt":{"rendered":"","protected":false},"author":1,"featured_media":46997,"comment_status":"open","ping_status":"open","sticky":false,"template":"","format":"standard","meta":{"footnotes":""},"categories":[38],"tags":[],"class_list":["post-46996","post","type-post","status-publish","format-standard","has-post-thumbnail","hentry","category-regional"],"jetpack_featured_media_url":"https:\/\/radiorevelacionfm.cl\/wp-content\/uploads\/2024\/10\/planta-proceso-1_optimized.jpg","_links":{"self":[{"href":"https:\/\/radiorevelacionfm.cl\/index.php?rest_route=\/wp\/v2\/posts\/46996","targetHints":{"allow":["GET"]}}],"collection":[{"href":"https:\/\/radiorevelacionfm.cl\/index.php?rest_route=\/wp\/v2\/posts"}],"about":[{"href":"https:\/\/radiorevelacionfm.cl\/index.php?rest_route=\/wp\/v2\/types\/post"}],"author":[{"embeddable":true,"href":"https:\/\/radiorevelacionfm.cl\/index.php?rest_route=\/wp\/v2\/users\/1"}],"replies":[{"embeddable":true,"href":"https:\/\/radiorevelacionfm.cl\/index.php?rest_route=%2Fwp%2Fv2%2Fcomments&post=46996"}],"version-history":[{"count":1,"href":"https:\/\/radiorevelacionfm.cl\/index.php?rest_route=\/wp\/v2\/posts\/46996\/revisions"}],"predecessor-version":[{"id":46998,"href":"https:\/\/radiorevelacionfm.cl\/index.php?rest_route=\/wp\/v2\/posts\/46996\/revisions\/46998"}],"wp:featuredmedia":[{"embeddable":true,"href":"https:\/\/radiorevelacionfm.cl\/index.php?rest_route=\/wp\/v2\/media\/46997"}],"wp:attachment":[{"href":"https:\/\/radiorevelacionfm.cl\/index.php?rest_route=%2Fwp%2Fv2%2Fmedia&parent=46996"}],"wp:term":[{"taxonomy":"category","embeddable":true,"href":"https:\/\/radiorevelacionfm.cl\/index.php?rest_route=%2Fwp%2Fv2%2Fcategories&post=46996"},{"taxonomy":"post_tag","embeddable":true,"href":"https:\/\/radiorevelacionfm.cl\/index.php?rest_route=%2Fwp%2Fv2%2Ftags&post=46996"}],"curies":[{"name":"wp","href":"https:\/\/api.w.org\/{rel}","templated":true}]}}