{"id":46993,"date":"2024-10-10T22:45:43","date_gmt":"2024-10-11T01:45:43","guid":{"rendered":"https:\/\/radiorevelacionfm.cl\/?p=46993"},"modified":"2024-10-10T22:45:43","modified_gmt":"2024-10-11T01:45:43","slug":"incendio-forestal-en-peninsula-levican-afecta-captacion-de-agua-potable-contaminando-el-vital-elemento","status":"publish","type":"post","link":"https:\/\/radiorevelacionfm.cl\/?p=46993","title":{"rendered":"Incendio forestal en Pen\u00ednsula Levic\u00e1n afecta captaci\u00f3n de agua potable contaminando el vital elemento"},"content":{"rendered":"<div class=\"flex_column av_one_full  flex_column_div av-zero-column-padding first  avia-builder-el-0  el_before_av_one_full  avia-builder-el-first  \" style='border-radius:0px; '><div  class='avia-image-container  av-styling-    avia-builder-el-1  avia-builder-el-no-sibling  avia-align-center '  itemprop=\"image\" itemscope=\"itemscope\" itemtype=\"https:\/\/schema.org\/ImageObject\"  ><div class='avia-image-container-inner'><div class='avia-image-overlay-wrap'><img decoding=\"async\" class='wp-image-46994 avia-img-lazy-loading-not-46994 avia_image' src=\"https:\/\/radiorevelacionfm.cl\/wp-content\/uploads\/2024\/10\/462446165_1476459013075521_2492214989650179426_n-1-1.jpg\" alt='' title='462446165_1476459013075521_2492214989650179426_n (1) (1)' height=\"600\" width=\"901\"  itemprop=\"thumbnailUrl\" srcset=\"https:\/\/radiorevelacionfm.cl\/wp-content\/uploads\/2024\/10\/462446165_1476459013075521_2492214989650179426_n-1-1.jpg 901w, https:\/\/radiorevelacionfm.cl\/wp-content\/uploads\/2024\/10\/462446165_1476459013075521_2492214989650179426_n-1-1-300x200.jpg 300w, https:\/\/radiorevelacionfm.cl\/wp-content\/uploads\/2024\/10\/462446165_1476459013075521_2492214989650179426_n-1-1-768x511.jpg 768w, https:\/\/radiorevelacionfm.cl\/wp-content\/uploads\/2024\/10\/462446165_1476459013075521_2492214989650179426_n-1-1-705x469.jpg 705w, https:\/\/radiorevelacionfm.cl\/wp-content\/uploads\/2024\/10\/462446165_1476459013075521_2492214989650179426_n-1-1-450x300.jpg 450w, https:\/\/radiorevelacionfm.cl\/wp-content\/uploads\/2024\/10\/462446165_1476459013075521_2492214989650179426_n-1-1-600x400.jpg 600w\" sizes=\"(max-width: 901px) 100vw, 901px\" \/><\/div><\/div><\/div><\/div><div class=\"flex_column av_one_full  flex_column_div av-zero-column-padding first  avia-builder-el-2  el_after_av_one_full  el_before_av_one_full  column-top-margin\" style='border-radius:0px; '><section class=\"av_textblock_section \"  itemscope=\"itemscope\" itemtype=\"https:\/\/schema.org\/BlogPosting\" itemprop=\"blogPost\" ><div class='avia_textblock  '   itemprop=\"text\" ><p style=\"text-align: center;\"><strong><span style=\"font-size: 18pt;\">Incendio forestal en Pen\u00ednsula Levic\u00e1n afecta captaci\u00f3n de agua potable contaminando el vital elemento<\/span><\/strong><\/p>\n<div id=\"gtx-trans\" style=\"position: absolute; left: -50px; top: 4.31534px;\">\n<div class=\"gtx-trans-icon\"><\/div>\n<\/div>\n<\/div><\/section><\/div><div class=\"flex_column av_one_full  flex_column_div av-zero-column-padding first  avia-builder-el-4  el_after_av_one_full  el_before_av_hr  column-top-margin\" style='border-radius:0px; '><section class=\"av_textblock_section \"  itemscope=\"itemscope\" itemtype=\"https:\/\/schema.org\/BlogPosting\" itemprop=\"blogPost\" ><div class='avia_textblock  '   itemprop=\"text\" ><p style=\"text-align: justify;\">El incendio que se inici\u00f3 la tarde-noche de este mi\u00e9rcoles 09 de octubre de 2024 en localidad de Pen\u00ednsula Levic\u00e1n ha consumido 10 hect\u00e1reas.<\/p>\n<p style=\"text-align: justify;\">El incendio se encuentra en proceso de combate. La evoluci\u00f3n del fuego es monitoreada de acuerdo a proyecciones meteorol\u00f3gicas, que indican que podr\u00eda avanzar hacia el lago dependiendo de las condiciones del viento, que actualmente supera los 60-70 kil\u00f3metros por hora y sin precipitaciones. La direcci\u00f3n del viento podr\u00eda favorecer la contenci\u00f3n del fuego.<\/p>\n<p style=\"text-align: justify;\">Personal de Conaf, Bomberos de Puerto Ib\u00e1\u00f1ez, Coyhaique y equipos de emergencia municipales, se mantienen en el sector. De ser necesario, y previa evaluaci\u00f3n de condiciones meteorol\u00f3gicas, un helic\u00f3ptero de Carabineros podr\u00eda intervenir en apoyo. Equipos contin\u00faan trabajando para controlar y extinguir el incendio.<\/p>\n<p style=\"text-align: justify;\">Durante esta tarde y de acuerdo con informaci\u00f3n proporcionada por Encargada de APR del sector de Levic\u00e1n, indica que producto del Incendio Forestal se vio afectada la captaci\u00f3n de agua potable del sector, por contaminaci\u00f3n de cenizas en curso de agua.<\/p>\n<p style=\"text-align: justify;\">Clientes afectados en la localidad de Levic\u00e1n 14 aproximadamente.<\/p>\n<p style=\"text-align: justify;\">Municipalidad de Rio Ib\u00e1\u00f1ez env\u00eda cami\u00f3n con estanque de 3.000 litros de agua potable, para distribuir a la poblaci\u00f3n.<\/p>\n<p style=\"text-align: justify;\">Personal de la Municipalidad y encargada de la APR se mantendr\u00e1n monitoreando la captaci\u00f3n.<\/p>\n<\/div><\/section><\/div><div  style='height:50px' class='hr hr-invisible   avia-builder-el-6  el_after_av_one_full  el_before_av_social_share '><span class='hr-inner ' ><span class='hr-inner-style'><\/span><\/span><\/div><\/p>\n<div  class='av-social-sharing-box  avia-builder-el-7  el_after_av_hr  el_before_av_hr  '><div class='av-share-box'><h5 class='av-share-link-description av-no-toc '>Compartir esta noticia<\/h5><ul class='av-share-box-list noLightbox'><li class='av-share-link av-social-link-facebook' ><a target=\"_blank\" aria-label=\"Compartir en Facebook\" href='https:\/\/www.facebook.com\/sharer.php?u=https:\/\/radiorevelacionfm.cl\/?p=46993&#038;t=Incendio%20forestal%20en%20Pen%C3%ADnsula%20Levic%C3%A1n%20afecta%20captaci%C3%B3n%20de%20agua%20potable%20contaminando%20el%20vital%20elemento' aria-hidden='false' data-av_icon='\ue8f3' data-av_iconfont='entypo-fontello' title='' data-avia-related-tooltip='Compartir en Facebook' rel=\"noopener\"><span class='avia_hidden_link_text'>Compartir en Facebook<\/span><\/a><\/li><li class='av-share-link av-social-link-twitter' ><a target=\"_blank\" aria-label=\"Compartir en Twitter\" href='https:\/\/twitter.com\/share?text=Incendio%20forestal%20en%20Pen%C3%ADnsula%20Levic%C3%A1n%20afecta%20captaci%C3%B3n%20de%20agua%20potable%20contaminando%20el%20vital%20elemento&#038;url=https:\/\/radiorevelacionfm.cl\/?p=46993' aria-hidden='false' data-av_icon='\ue8f1' data-av_iconfont='entypo-fontello' title='' data-avia-related-tooltip='Compartir en Twitter' rel=\"noopener\"><span class='avia_hidden_link_text'>Compartir en Twitter<\/span><\/a><\/li><li class='av-share-link av-social-link-whatsapp' ><a target=\"_blank\" aria-label=\"Compartir en Whatsapp\" href='https:\/\/api.whatsapp.com\/send?text=https:\/\/radiorevelacionfm.cl\/?p=46993' aria-hidden='false' data-av_icon='\uf232' data-av_iconfont='entypo-fontello' title='' data-avia-related-tooltip='Compartir en Whatsapp' rel=\"noopener\"><span class='avia_hidden_link_text'>Compartir en Whatsapp<\/span><\/a><\/li><li class='av-share-link av-social-link-linkedin' ><a target=\"_blank\" aria-label=\"Compartir en LinkedIn\" href='https:\/\/linkedin.com\/shareArticle?mini=true&#038;title=Incendio%20forestal%20en%20Pen%C3%ADnsula%20Levic%C3%A1n%20afecta%20captaci%C3%B3n%20de%20agua%20potable%20contaminando%20el%20vital%20elemento&#038;url=https:\/\/radiorevelacionfm.cl\/?p=46993' aria-hidden='false' data-av_icon='\ue8fc' data-av_iconfont='entypo-fontello' title='' data-avia-related-tooltip='Compartir en LinkedIn' rel=\"noopener\"><span class='avia_hidden_link_text'>Compartir en LinkedIn<\/span><\/a><\/li><li class='av-share-link av-social-link-mail' ><a  aria-label=\"Compartir por correo\" href='mailto:?subject=Incendio%20forestal%20en%20Pen%C3%ADnsula%20Levic%C3%A1n%20afecta%20captaci%C3%B3n%20de%20agua%20potable%20contaminando%20el%20vital%20elemento&#038;body=https:\/\/radiorevelacionfm.cl\/?p=46993' aria-hidden='false' data-av_icon='\ue805' data-av_iconfont='entypo-fontello' title='' data-avia-related-tooltip='Compartir por correo'><span class='avia_hidden_link_text'>Compartir por correo<\/span><\/a><\/li><\/ul><\/div><\/div>\n<div  style='height:50px' class='hr hr-invisible   avia-builder-el-8  el_after_av_social_share  el_before_av_comments_list '><span class='hr-inner ' ><span class='hr-inner-style'><\/span><\/span><\/div>\n<div  class='av-buildercomment  av-blog-meta-html-info-disabled av-blog-meta-tag-disabled  '><\/div>\n","protected":false},"excerpt":{"rendered":"","protected":false},"author":1,"featured_media":46994,"comment_status":"open","ping_status":"open","sticky":false,"template":"","format":"standard","meta":{"footnotes":""},"categories":[38],"tags":[],"class_list":["post-46993","post","type-post","status-publish","format-standard","has-post-thumbnail","hentry","category-regional"],"jetpack_featured_media_url":"https:\/\/radiorevelacionfm.cl\/wp-content\/uploads\/2024\/10\/462446165_1476459013075521_2492214989650179426_n-1-1.jpg","_links":{"self":[{"href":"https:\/\/radiorevelacionfm.cl\/index.php?rest_route=\/wp\/v2\/posts\/46993","targetHints":{"allow":["GET"]}}],"collection":[{"href":"https:\/\/radiorevelacionfm.cl\/index.php?rest_route=\/wp\/v2\/posts"}],"about":[{"href":"https:\/\/radiorevelacionfm.cl\/index.php?rest_route=\/wp\/v2\/types\/post"}],"author":[{"embeddable":true,"href":"https:\/\/radiorevelacionfm.cl\/index.php?rest_route=\/wp\/v2\/users\/1"}],"replies":[{"embeddable":true,"href":"https:\/\/radiorevelacionfm.cl\/index.php?rest_route=%2Fwp%2Fv2%2Fcomments&post=46993"}],"version-history":[{"count":1,"href":"https:\/\/radiorevelacionfm.cl\/index.php?rest_route=\/wp\/v2\/posts\/46993\/revisions"}],"predecessor-version":[{"id":46995,"href":"https:\/\/radiorevelacionfm.cl\/index.php?rest_route=\/wp\/v2\/posts\/46993\/revisions\/46995"}],"wp:featuredmedia":[{"embeddable":true,"href":"https:\/\/radiorevelacionfm.cl\/index.php?rest_route=\/wp\/v2\/media\/46994"}],"wp:attachment":[{"href":"https:\/\/radiorevelacionfm.cl\/index.php?rest_route=%2Fwp%2Fv2%2Fmedia&parent=46993"}],"wp:term":[{"taxonomy":"category","embeddable":true,"href":"https:\/\/radiorevelacionfm.cl\/index.php?rest_route=%2Fwp%2Fv2%2Fcategories&post=46993"},{"taxonomy":"post_tag","embeddable":true,"href":"https:\/\/radiorevelacionfm.cl\/index.php?rest_route=%2Fwp%2Fv2%2Ftags&post=46993"}],"curies":[{"name":"wp","href":"https:\/\/api.w.org\/{rel}","templated":true}]}}