{"id":46987,"date":"2024-10-11T09:39:25","date_gmt":"2024-10-11T12:39:25","guid":{"rendered":"https:\/\/radiorevelacionfm.cl\/?p=46987"},"modified":"2024-10-11T09:39:25","modified_gmt":"2024-10-11T12:39:25","slug":"mas-de-200-funcionarios-del-ejercito-se-capacitan-en-salud-mental-y-prevencion-del-suicidio-en-lugares-de-trabajo","status":"publish","type":"post","link":"https:\/\/radiorevelacionfm.cl\/?p=46987","title":{"rendered":"M\u00e1s de 200 funcionarios del Ej\u00e9rcito se capacitan en salud mental y prevenci\u00f3n del suicidio en lugares de trabajo"},"content":{"rendered":"<div class=\"flex_column av_one_full  flex_column_div av-zero-column-padding first  avia-builder-el-0  el_before_av_one_full  avia-builder-el-first  \" style='border-radius:0px; '><div  class='avia-image-container  av-styling-    avia-builder-el-1  avia-builder-el-no-sibling  avia-align-center '  itemprop=\"image\" itemscope=\"itemscope\" itemtype=\"https:\/\/schema.org\/ImageObject\"  ><div class='avia-image-container-inner'><div class='avia-image-overlay-wrap'><img decoding=\"async\" class='wp-image-46988 avia-img-lazy-loading-not-46988 avia_image' src=\"https:\/\/radiorevelacionfm.cl\/wp-content\/uploads\/2024\/10\/img_9551-1_optimized.jpeg\" alt='' title='img_9551-(1)_optimized' height=\"600\" width=\"800\"  itemprop=\"thumbnailUrl\" srcset=\"https:\/\/radiorevelacionfm.cl\/wp-content\/uploads\/2024\/10\/img_9551-1_optimized.jpeg 800w, https:\/\/radiorevelacionfm.cl\/wp-content\/uploads\/2024\/10\/img_9551-1_optimized-300x225.jpeg 300w, https:\/\/radiorevelacionfm.cl\/wp-content\/uploads\/2024\/10\/img_9551-1_optimized-768x576.jpeg 768w, https:\/\/radiorevelacionfm.cl\/wp-content\/uploads\/2024\/10\/img_9551-1_optimized-705x529.jpeg 705w, https:\/\/radiorevelacionfm.cl\/wp-content\/uploads\/2024\/10\/img_9551-1_optimized-450x338.jpeg 450w, https:\/\/radiorevelacionfm.cl\/wp-content\/uploads\/2024\/10\/img_9551-1_optimized-600x450.jpeg 600w\" sizes=\"(max-width: 800px) 100vw, 800px\" \/><\/div><\/div><\/div><\/div><div class=\"flex_column av_one_full  flex_column_div av-zero-column-padding first  avia-builder-el-2  el_after_av_one_full  el_before_av_one_full  column-top-margin\" style='border-radius:0px; '><section class=\"av_textblock_section \"  itemscope=\"itemscope\" itemtype=\"https:\/\/schema.org\/BlogPosting\" itemprop=\"blogPost\" ><div class='avia_textblock  '   itemprop=\"text\" ><p style=\"text-align: center;\"><strong><span style=\"font-size: 18pt;\">M\u00e1s de 200 funcionarios del Ej\u00e9rcito se capacitan en salud mental y prevenci\u00f3n del suicidio en lugares de trabajo<\/span><\/strong><\/p>\n<div id=\"gtx-trans\" style=\"position: absolute; left: -50px; top: 4.31534px;\">\n<div class=\"gtx-trans-icon\"><\/div>\n<\/div>\n<\/div><\/section><\/div><div class=\"flex_column av_one_full  flex_column_div av-zero-column-padding first  avia-builder-el-4  el_after_av_one_full  el_before_av_hr  column-top-margin\" style='border-radius:0px; '><section class=\"av_textblock_section \"  itemscope=\"itemscope\" itemtype=\"https:\/\/schema.org\/BlogPosting\" itemprop=\"blogPost\" ><div class='avia_textblock  '   itemprop=\"text\" ><p style=\"text-align: justify;\"><em>La iniciativa, liderada por la Seremi de Salud Ays\u00e9n, es parte de las actividades enmarcadas en la conmemoraci\u00f3n del D\u00eda Mundial de la Salud Mental, cuyo lema es \u201ces tiempo de priorizar la salud mental en los lugares de trabajo\u201d.<\/em><\/p>\n<p style=\"text-align: justify;\">En el marco de la conmemoraci\u00f3n del D\u00eda Mundial de la Salud Mental, cuyo lema 2024 es \u201ces tiempo de priorizar la salud mental en los lugares de trabajo\u201d, la encargada de Salud Mental de la Seremi de Salud Ays\u00e9n, Yared Schulz, brind\u00f3 una capacitaci\u00f3n a m\u00e1s de 200 funcionarios del Ej\u00e9rcito.<\/p>\n<p style=\"text-align: justify;\">La actividad, que cont\u00f3 con la participaci\u00f3n de funcionarios y funcionarias de la instituci\u00f3n, se centr\u00f3 en salud mental y prevenci\u00f3n del suicidio en lugares de trabajo.<\/p>\n<p style=\"text-align: justify;\">En el caso del Ej\u00e9rcito, que cuenta con m\u00e1s 1.500 funcionarios y conscriptos desplegados en toda la regi\u00f3n, \u00e9stos suelen estar alejados de sus familias, siendo sus compa\u00f1eros de trabajo su propia red de apoyo, por lo que capacitarse en salud mental es clave para desarrollar una vida personal y familiar en armon\u00eda.<\/p>\n<p style=\"text-align: justify;\">\u201cQuisimos conmemorar este d\u00eda junto al Ej\u00e9rcito de Chile para realizar una intervenci\u00f3n de sensibilizaci\u00f3n y concientizaci\u00f3n respecto de la situaci\u00f3n de la salud mental en la regi\u00f3n, la importancia de promoverla y c\u00f3mo identificar situaciones de riesgo para que los miembros de la instituci\u00f3n puedan realizar intervenciones oportunas, pesquisar factores de riesgo y evitar que situaciones de salud mental afecten el bienestar de nuestra comunidad\u201d, sostuvo la Seremi de Salud Ays\u00e9n, Carmen Monsalve G\u00f3mez.<\/p>\n<p style=\"text-align: justify;\">La autoridad sanitaria destac\u00f3 que las cifras en materia de salud mental en la regi\u00f3n de Ays\u00e9n implican un gran desaf\u00edo que se debe abordar de manera transversal y multisectorial. En efecto, del total de licencias m\u00e9dicas emitidas en la regi\u00f3n de Ays\u00e9n durante el a\u00f1o 2023, un 30% corresponde a patolog\u00edas de salud mental, cifra que grafica la realidad de las y los trabajadores de la regi\u00f3n.<\/p>\n<p style=\"text-align: justify;\">\u201cEl 10 de octubre conmemoramos a nivel mundial el D\u00eda de la Salud Mental, y el lema de la Organizaci\u00f3n Mundial de la Salud (OMS) se enfoca en proteger los lugares de trabajo y poner foco en la salud mental, para proteger esos espacios que compartimos con otras personas y por muchas horas en el d\u00eda\u201d, se\u00f1al\u00f3 la Seremi de Salud Ays\u00e9n.<\/p>\n<p style=\"text-align: justify;\">Por su parte, el Teniente Coronel Alexis P\u00e9rez Luco, jefe de Administraci\u00f3n y Log\u00edstica de la Guarnici\u00f3n Coyhaique, destac\u00f3 el trabajo que se viene realizando con la Seremi de Salud Ays\u00e9n, en pro de la salud mental de todas y todos quienes se desempe\u00f1an en el Ej\u00e9rcito, sobre todo de los soldados conscriptos, j\u00f3venes que en su mayor\u00eda vienen desde otros puntos del pa\u00eds y que no cuentan con familia ni red de apoyo en la regi\u00f3n. En efecto, en el caso de la regi\u00f3n la mayor tasa de suicidios se concentra en personas entre los 20 y 44 a\u00f1os, en su mayor\u00eda hombres.<\/p>\n<p style=\"text-align: justify;\">\u201cComo Ej\u00e9rcito de Chile, tenemos la tutela de los soldados conscriptos. Muchos de ellos vienen de regiones lejanas a \u00e9sta, y el \u00fanico apoyo que tienen son sus instructores, el personal de planta que est\u00e1 viviendo con ellos y pudiendo identificar algunos aspectos que los puedan aquejar en su quehacer diario\u201d, sostuvo el Teniente Coronel P\u00e9rez Luco.<\/p>\n<p style=\"text-align: justify;\">El oficial de Ej\u00e9rcito agreg\u00f3 que si bien como Ej\u00e9rcito cuentan con protocolos de salud mental, incluso previo al ingreso de los soldados conscriptos, \u201cconstantemente se revisa que los protocolos se cumplan y poder apoyar a estos soldados que est\u00e1n lejos de sus familias, entendiendo que nosotros somos su pilar fundamental\u201d.<\/p>\n<p style=\"text-align: justify;\"><strong>ASISTENTES<\/strong><\/p>\n<p style=\"text-align: justify;\">\u201cLa charla fue bastante instructiva para cada uno de nosotros, me llam\u00f3 la atenci\u00f3n la tasa de suicidios que hay a nivel nacional y principalmente en la regi\u00f3n de Ays\u00e9n. Considero que es fundamental que podamos tener conocimiento de lo que ocurre d\u00eda a d\u00eda, porque la salud mental est\u00e1 presente en nuestra cotidianidad\u201d, destac\u00f3 la capit\u00e1n Cherry Droguet.<\/p>\n<p style=\"text-align: justify;\">En tanto, el Tte. Coronel Jos\u00e9 Ignacio G\u00f3mez, comandante de la Zona de Bienestar Coyhaique, agradeci\u00f3 la realizaci\u00f3n de esta capacitaci\u00f3n, ya que \u201cnos orienta y abre los ojos en relaci\u00f3n a la realidad que se vive en nuestra regi\u00f3n, como tambi\u00e9n en nuestra instituci\u00f3n. Es muy importante abordar estos temas, porque la detecci\u00f3n temprana ayuda bastante a disminuir las estad\u00edsticas. Lo primero de todo es el autocuidado, y qu\u00e9 mejor que tener los canales disponibles para ello\u201d.<\/p>\n<\/div><\/section><\/div><div  style='height:50px' class='hr hr-invisible   avia-builder-el-6  el_after_av_one_full  el_before_av_social_share '><span class='hr-inner ' ><span class='hr-inner-style'><\/span><\/span><\/div><\/p>\n<div  class='av-social-sharing-box  avia-builder-el-7  el_after_av_hr  el_before_av_hr  '><div class='av-share-box'><h5 class='av-share-link-description av-no-toc '>Compartir esta noticia<\/h5><ul class='av-share-box-list noLightbox'><li class='av-share-link av-social-link-facebook' ><a target=\"_blank\" aria-label=\"Compartir en Facebook\" href='https:\/\/www.facebook.com\/sharer.php?u=https:\/\/radiorevelacionfm.cl\/?p=46987&#038;t=M%C3%A1s%20de%20200%20funcionarios%20del%20Ej%C3%A9rcito%20se%20capacitan%20en%20salud%20mental%20y%20prevenci%C3%B3n%20del%20suicidio%20en%20lugares%20de%20trabajo' aria-hidden='false' data-av_icon='\ue8f3' data-av_iconfont='entypo-fontello' title='' data-avia-related-tooltip='Compartir en Facebook' rel=\"noopener\"><span class='avia_hidden_link_text'>Compartir en Facebook<\/span><\/a><\/li><li class='av-share-link av-social-link-twitter' ><a target=\"_blank\" aria-label=\"Compartir en Twitter\" href='https:\/\/twitter.com\/share?text=M%C3%A1s%20de%20200%20funcionarios%20del%20Ej%C3%A9rcito%20se%20capacitan%20en%20salud%20mental%20y%20prevenci%C3%B3n%20del%20suicidio%20en%20lugares%20de%20trabajo&#038;url=https:\/\/radiorevelacionfm.cl\/?p=46987' aria-hidden='false' data-av_icon='\ue8f1' data-av_iconfont='entypo-fontello' title='' data-avia-related-tooltip='Compartir en Twitter' rel=\"noopener\"><span class='avia_hidden_link_text'>Compartir en Twitter<\/span><\/a><\/li><li class='av-share-link av-social-link-whatsapp' ><a target=\"_blank\" aria-label=\"Compartir en Whatsapp\" href='https:\/\/api.whatsapp.com\/send?text=https:\/\/radiorevelacionfm.cl\/?p=46987' aria-hidden='false' data-av_icon='\uf232' data-av_iconfont='entypo-fontello' title='' data-avia-related-tooltip='Compartir en Whatsapp' rel=\"noopener\"><span class='avia_hidden_link_text'>Compartir en Whatsapp<\/span><\/a><\/li><li class='av-share-link av-social-link-linkedin' ><a target=\"_blank\" aria-label=\"Compartir en LinkedIn\" href='https:\/\/linkedin.com\/shareArticle?mini=true&#038;title=M%C3%A1s%20de%20200%20funcionarios%20del%20Ej%C3%A9rcito%20se%20capacitan%20en%20salud%20mental%20y%20prevenci%C3%B3n%20del%20suicidio%20en%20lugares%20de%20trabajo&#038;url=https:\/\/radiorevelacionfm.cl\/?p=46987' aria-hidden='false' data-av_icon='\ue8fc' data-av_iconfont='entypo-fontello' title='' data-avia-related-tooltip='Compartir en LinkedIn' rel=\"noopener\"><span class='avia_hidden_link_text'>Compartir en LinkedIn<\/span><\/a><\/li><li class='av-share-link av-social-link-mail' ><a  aria-label=\"Compartir por correo\" href='mailto:?subject=M%C3%A1s%20de%20200%20funcionarios%20del%20Ej%C3%A9rcito%20se%20capacitan%20en%20salud%20mental%20y%20prevenci%C3%B3n%20del%20suicidio%20en%20lugares%20de%20trabajo&#038;body=https:\/\/radiorevelacionfm.cl\/?p=46987' aria-hidden='false' data-av_icon='\ue805' data-av_iconfont='entypo-fontello' title='' data-avia-related-tooltip='Compartir por correo'><span class='avia_hidden_link_text'>Compartir por correo<\/span><\/a><\/li><\/ul><\/div><\/div>\n<div  style='height:50px' class='hr hr-invisible   avia-builder-el-8  el_after_av_social_share  el_before_av_comments_list '><span class='hr-inner ' ><span class='hr-inner-style'><\/span><\/span><\/div>\n<div  class='av-buildercomment  av-blog-meta-html-info-disabled av-blog-meta-tag-disabled  '><\/div>\n","protected":false},"excerpt":{"rendered":"","protected":false},"author":1,"featured_media":46988,"comment_status":"open","ping_status":"open","sticky":false,"template":"","format":"standard","meta":{"footnotes":""},"categories":[46],"tags":[],"class_list":["post-46987","post","type-post","status-publish","format-standard","has-post-thumbnail","hentry","category-salud"],"jetpack_featured_media_url":"https:\/\/radiorevelacionfm.cl\/wp-content\/uploads\/2024\/10\/img_9551-1_optimized.jpeg","_links":{"self":[{"href":"https:\/\/radiorevelacionfm.cl\/index.php?rest_route=\/wp\/v2\/posts\/46987","targetHints":{"allow":["GET"]}}],"collection":[{"href":"https:\/\/radiorevelacionfm.cl\/index.php?rest_route=\/wp\/v2\/posts"}],"about":[{"href":"https:\/\/radiorevelacionfm.cl\/index.php?rest_route=\/wp\/v2\/types\/post"}],"author":[{"embeddable":true,"href":"https:\/\/radiorevelacionfm.cl\/index.php?rest_route=\/wp\/v2\/users\/1"}],"replies":[{"embeddable":true,"href":"https:\/\/radiorevelacionfm.cl\/index.php?rest_route=%2Fwp%2Fv2%2Fcomments&post=46987"}],"version-history":[{"count":1,"href":"https:\/\/radiorevelacionfm.cl\/index.php?rest_route=\/wp\/v2\/posts\/46987\/revisions"}],"predecessor-version":[{"id":46989,"href":"https:\/\/radiorevelacionfm.cl\/index.php?rest_route=\/wp\/v2\/posts\/46987\/revisions\/46989"}],"wp:featuredmedia":[{"embeddable":true,"href":"https:\/\/radiorevelacionfm.cl\/index.php?rest_route=\/wp\/v2\/media\/46988"}],"wp:attachment":[{"href":"https:\/\/radiorevelacionfm.cl\/index.php?rest_route=%2Fwp%2Fv2%2Fmedia&parent=46987"}],"wp:term":[{"taxonomy":"category","embeddable":true,"href":"https:\/\/radiorevelacionfm.cl\/index.php?rest_route=%2Fwp%2Fv2%2Fcategories&post=46987"},{"taxonomy":"post_tag","embeddable":true,"href":"https:\/\/radiorevelacionfm.cl\/index.php?rest_route=%2Fwp%2Fv2%2Ftags&post=46987"}],"curies":[{"name":"wp","href":"https:\/\/api.w.org\/{rel}","templated":true}]}}