{"id":46978,"date":"2024-10-10T21:44:55","date_gmt":"2024-10-11T00:44:55","guid":{"rendered":"https:\/\/radiorevelacionfm.cl\/?p=46978"},"modified":"2024-10-10T21:44:55","modified_gmt":"2024-10-11T00:44:55","slug":"contraloria-confirma-que-delegado-municipal-de-guadal-falto-al-principio-de-probidad-administrativa-y-cometio-malas-practicas-contra-vecina","status":"publish","type":"post","link":"https:\/\/radiorevelacionfm.cl\/?p=46978","title":{"rendered":"Contralor\u00eda confirma que delegado municipal de Guadal falt\u00f3 al principio de probidad administrativa y cometi\u00f3 malas pr\u00e1cticas contra vecina"},"content":{"rendered":"<div class=\"flex_column av_one_full  flex_column_div av-zero-column-padding first  avia-builder-el-0  el_before_av_one_full  avia-builder-el-first  \" style='border-radius:0px; '><div  class='avia-image-container  av-styling-    avia-builder-el-1  avia-builder-el-no-sibling  avia-align-center '  itemprop=\"image\" itemscope=\"itemscope\" itemtype=\"https:\/\/schema.org\/ImageObject\"  ><div class='avia-image-container-inner'><div class='avia-image-overlay-wrap'><img decoding=\"async\" class='wp-image-46979 avia-img-lazy-loading-not-46979 avia_image' src=\"https:\/\/radiorevelacionfm.cl\/wp-content\/uploads\/2024\/10\/puerto-guadal-1_optimized.jpg\" alt='' title='puerto-guadal-(1)_optimized' height=\"600\" width=\"800\"  itemprop=\"thumbnailUrl\" srcset=\"https:\/\/radiorevelacionfm.cl\/wp-content\/uploads\/2024\/10\/puerto-guadal-1_optimized.jpg 800w, https:\/\/radiorevelacionfm.cl\/wp-content\/uploads\/2024\/10\/puerto-guadal-1_optimized-300x225.jpg 300w, https:\/\/radiorevelacionfm.cl\/wp-content\/uploads\/2024\/10\/puerto-guadal-1_optimized-768x576.jpg 768w, https:\/\/radiorevelacionfm.cl\/wp-content\/uploads\/2024\/10\/puerto-guadal-1_optimized-705x529.jpg 705w, https:\/\/radiorevelacionfm.cl\/wp-content\/uploads\/2024\/10\/puerto-guadal-1_optimized-450x338.jpg 450w, https:\/\/radiorevelacionfm.cl\/wp-content\/uploads\/2024\/10\/puerto-guadal-1_optimized-600x450.jpg 600w\" sizes=\"(max-width: 800px) 100vw, 800px\" \/><\/div><\/div><\/div><\/div><div class=\"flex_column av_one_full  flex_column_div av-zero-column-padding first  avia-builder-el-2  el_after_av_one_full  el_before_av_one_full  column-top-margin\" style='border-radius:0px; '><section class=\"av_textblock_section \"  itemscope=\"itemscope\" itemtype=\"https:\/\/schema.org\/BlogPosting\" itemprop=\"blogPost\" ><div class='avia_textblock  '   itemprop=\"text\" ><p style=\"text-align: center;\"><strong><span style=\"font-size: 18pt;\">Contralor\u00eda confirma que delegado municipal de Guadal falt\u00f3 al principio de probidad administrativa y cometi\u00f3 malas pr\u00e1cticas contra vecina<\/span><\/strong><\/p>\n<div id=\"gtx-trans\" style=\"position: absolute; left: -50px; top: 4.31534px;\">\n<div class=\"gtx-trans-icon\"><\/div>\n<\/div>\n<\/div><\/section><\/div><div class=\"flex_column av_one_full  flex_column_div av-zero-column-padding first  avia-builder-el-4  el_after_av_one_full  el_before_av_hr  column-top-margin\" style='border-radius:0px; '><section class=\"av_textblock_section \"  itemscope=\"itemscope\" itemtype=\"https:\/\/schema.org\/BlogPosting\" itemprop=\"blogPost\" ><div class='avia_textblock  '   itemprop=\"text\" ><p class=\"v1gmail-MsoListParagraph\" style=\"text-align: justify;\"><i><span lang=\"ES-TRAD\">La controversia se remonta a 2022, cuando vecino\/as de la localidad denunciaron hechos de maltrato ante el alcalde Mu\u00f1oz, quien se neg\u00f3 a iniciar sumario adem\u00e1s de respaldar \u00abfirmemente al delegado municipal de Puerto Guadal don Jorge Parra, brindando todo el apoyo ante los dichos de malas pr\u00e1cticas en contra de \u00e9l\u00bb.<\/span><\/i><\/p>\n<p class=\"v1MsoNormal\" style=\"text-align: justify;\"><span lang=\"ES-TRAD\">Tras m\u00e1s de dos a\u00f1os desde que tanto la afectada como la junta de vecinos N8 de Puerto Guadal dieran a conocer los hechos, la Contralor\u00eda Regional confirm\u00f3 la veracidad de la denuncia en contra del delegado municipal Jorge Parra Riquelme. Mediante resoluci\u00f3n del 28 de mayo de este a\u00f1o, determin\u00f3 que el funcionario incumpli\u00f3 normativas relacionadas con \u00ab<i>realizar sus labores con esmero, cortes\u00eda, dedicaci\u00f3n y eficiencia<\/i>\u00bb y \u00ab<i>observar estrictamente el principio de la probidad administrativa regulado<\/i>\u00ab.<\/span><\/p>\n<p class=\"v1MsoNormal\" style=\"text-align: justify;\"><span lang=\"ES-TRAD\">Los hechos se remontan a principios de 2022, cuando<span class=\"v1gmail-Apple-converted-space\">\u00a0<\/span><\/span><a href=\"https:\/\/www.litoralpress.cl\/sitio\/Prensa_Texto?LPKey=ZWZCUNW2ZANGIXLRITZNKA4TC4U4CJJ4W545U557VC7RWN66EU3Q\" target=\"_blank\" rel=\"noopener noreferrer\"><span lang=\"ES-TRAD\">un grupo de vecino\/as juntaron firmas para dar cuenta de las situaciones de maltrato y discriminaci\u00f3n que vivi\u00f3 Consuelo P\u00e9rez Di\u00e9guez<\/span><\/a><span lang=\"ES-TRAD\">, quien fuera matrona de la localidad, por parte de Parra. En la ocasi\u00f3n se detall\u00f3 que sufri\u00f3 \u00ab<i>maltrato verbal y sicol\u00f3gico, incluyendo actos penados por la Ley Zamudio que sanciona la discriminaci\u00f3n arbitraria a las personas por diversos aspectos, incluida la orientaci\u00f3n sexual<\/i>\u00ab<\/span><\/p>\n<p class=\"v1MsoNormal\" style=\"text-align: justify;\"><span lang=\"ES-TRAD\">Estos hechos fueron puestos en conocimiento del alcalde Luperciano Mu\u00f1oz, junto con una carta de la junta de vecinos, con el fin de que se iniciara una investigaci\u00f3n sumaria.\u00a0<span class=\"v1gmail-Apple-converted-space\">\u00a0<\/span><\/span><\/p>\n<p class=\"v1MsoNormal\" style=\"text-align: justify;\"><span lang=\"ES-TRAD\">Pero no sirvi\u00f3 de mucho el reclamo: mediante ordinario del 2 marzo de 2022 el edil desestim\u00f3 las denuncias se\u00f1alando que \u00ab<i>esta autoridad respalda firmemente al delegado municipal de Puerto Guadal don Jorge Parra, brindando todo el apoyo ante los dichos de malas pr\u00e1cticas en contra de \u00e9l, no existiendo la fecha una denuncia formal que avale su falta de habilidad en sus funciones<\/i>\u00ab.<\/span><\/p>\n<p class=\"v1MsoNormal\" style=\"text-align: justify;\"><span lang=\"ES-TRAD\">Esto fue cuestionado en su momento por la ex seremi de la Mujer y Equidad de G\u00e9nero, B\u00e1rbara Ort\u00fazar, quien se\u00f1al\u00f3 que \u00ab<i>no puede ser normal que cuando una mujer ha sido violentada, quede impune. Sin duda siempre debiese haber una investigaci\u00f3n de por medio y es la justicia quien debe declarar si hay culpables o no. Siempre nosotros le creemos a todas las mujeres violentadas<\/i>\u00ab.<\/span><\/p>\n<p class=\"v1MsoNormal\" style=\"text-align: justify;\"><span lang=\"ES-TRAD\">Ante la decisi\u00f3n del edil de no investigar los hechos, se presentaron los antecedentes a la Contralor\u00eda Regional, la cual el 10 de mayo de ese a\u00f1o instruy\u00f3 al edil realizar un sumario administrativo. Este fue iniciado el 10 de junio siguiente.<\/span><\/p>\n<p class=\"v1MsoNormal\" style=\"text-align: justify;\"><span lang=\"ES-TRAD\">Sin embargo, producto de que en el organismo fiscalizador se acumularon \u00ab<i>m\u00faltiples denuncias<\/i>\u00bb en contra de Jorge Parra, el 12 de octubre de 2022 tom\u00f3 directamente la investigaci\u00f3n para determinar los hechos y eventuales sanciones.<\/span><\/p>\n<p class=\"v1MsoNormal\" style=\"text-align: justify;\"><span lang=\"ES-TRAD\">Es as\u00ed que el resultado determin\u00f3 que con respecto de Consuelo P\u00e9rez el funcionario \u00ab<i>no ejerci\u00f3 dicha labor con la debida diligencia y cuidado, toda vez que no dio respuesta a los requerimientos que la se\u00f1ora Consuelo P\u00e9rez Dieguez -residente de la localidad a la fecha de los hechos- le efectu\u00f3 mediante los oficios de 26 de enero y 25 de febrero, ambos de 2022, as\u00ed como tambi\u00e9n de lo requerido mediante los correos electr\u00f3nicos de 11 de noviembre de 2021 y de 15 de febrero de 2022<\/i>\u00ab.<\/span><\/p>\n<p class=\"v1MsoNormal\" style=\"text-align: justify;\"><span lang=\"ES-TRAD\">A esto se agrega que, extralimit\u00e1ndose en sus atribuciones, \u00ab<i>solicit\u00f3 expresamente<span class=\"v1gmail-Apple-converted-space\">\u00a0<\/span><\/i>(al alcalde)<i><span class=\"v1gmail-Apple-converted-space\">\u00a0<\/span>que considerara no acceder a la solicitud de financiamiento para un programa deportivo presentada por ella al municipio, en base a los problemas de \u00edndole personal que manten\u00eda con la interesada<\/i>\u00ab.<\/span><\/p>\n<p class=\"v1MsoNormal\" style=\"text-align: justify;\"><span lang=\"ES-TRAD\">Ante esto, se estableci\u00f3 que qued\u00f3 \u00ab<i>plenamente acreditada la responsabilidad administrativa de don Jorge del Tr\u00e1nsito Parra Riquelme y se justifica la aplicaci\u00f3n de una sanci\u00f3n disciplinaria<\/i>\u00ab.<\/span><\/p>\n<p class=\"v1MsoNormal\" style=\"text-align: justify;\"><span lang=\"ES-TRAD\">Por ello, recomend\u00f3 al alcalde Luperciano Mu\u00f1oz \u00ab<i>la medida disciplinaria de multa del 20% de su remuneraci\u00f3n, y una anotaci\u00f3n de dem\u00e9rito en el factor de calificaci\u00f3n de cuatro puntos<\/i>\u00ab.<\/span><\/p>\n<p class=\"v1MsoNormal\" style=\"text-align: justify;\"><span lang=\"ES-TRAD\">A la fecha, no existe conocimiento si el edil aplic\u00f3 o no la sanci\u00f3n propuesta. En paralelo, la joven afectada determin\u00f3 emigrar de la localidad.<\/span><\/p>\n<\/div><\/section><\/div><div  style='height:50px' class='hr hr-invisible   avia-builder-el-6  el_after_av_one_full  el_before_av_social_share '><span class='hr-inner ' ><span class='hr-inner-style'><\/span><\/span><\/div><\/p>\n<div  class='av-social-sharing-box  avia-builder-el-7  el_after_av_hr  el_before_av_hr  '><div class='av-share-box'><h5 class='av-share-link-description av-no-toc '>Compartir esta noticia<\/h5><ul class='av-share-box-list noLightbox'><li class='av-share-link av-social-link-facebook' ><a target=\"_blank\" aria-label=\"Compartir en Facebook\" href='https:\/\/www.facebook.com\/sharer.php?u=https:\/\/radiorevelacionfm.cl\/?p=46978&#038;t=Contralor%C3%ADa%20confirma%20que%20delegado%20municipal%20de%20Guadal%20falt%C3%B3%20al%20principio%20de%20probidad%20administrativa%20y%20cometi%C3%B3%20malas%20pr%C3%A1cticas%20contra%20vecina' aria-hidden='false' data-av_icon='\ue8f3' data-av_iconfont='entypo-fontello' title='' data-avia-related-tooltip='Compartir en Facebook' rel=\"noopener\"><span class='avia_hidden_link_text'>Compartir en Facebook<\/span><\/a><\/li><li class='av-share-link av-social-link-twitter' ><a target=\"_blank\" aria-label=\"Compartir en Twitter\" href='https:\/\/twitter.com\/share?text=Contralor%C3%ADa%20confirma%20que%20delegado%20municipal%20de%20Guadal%20falt%C3%B3%20al%20principio%20de%20probidad%20administrativa%20y%20cometi%C3%B3%20malas%20pr%C3%A1cticas%20contra%20vecina&#038;url=https:\/\/radiorevelacionfm.cl\/?p=46978' aria-hidden='false' data-av_icon='\ue8f1' data-av_iconfont='entypo-fontello' title='' data-avia-related-tooltip='Compartir en Twitter' rel=\"noopener\"><span class='avia_hidden_link_text'>Compartir en Twitter<\/span><\/a><\/li><li class='av-share-link av-social-link-whatsapp' ><a target=\"_blank\" aria-label=\"Compartir en Whatsapp\" href='https:\/\/api.whatsapp.com\/send?text=https:\/\/radiorevelacionfm.cl\/?p=46978' aria-hidden='false' data-av_icon='\uf232' data-av_iconfont='entypo-fontello' title='' data-avia-related-tooltip='Compartir en Whatsapp' rel=\"noopener\"><span class='avia_hidden_link_text'>Compartir en Whatsapp<\/span><\/a><\/li><li class='av-share-link av-social-link-linkedin' ><a target=\"_blank\" aria-label=\"Compartir en LinkedIn\" href='https:\/\/linkedin.com\/shareArticle?mini=true&#038;title=Contralor%C3%ADa%20confirma%20que%20delegado%20municipal%20de%20Guadal%20falt%C3%B3%20al%20principio%20de%20probidad%20administrativa%20y%20cometi%C3%B3%20malas%20pr%C3%A1cticas%20contra%20vecina&#038;url=https:\/\/radiorevelacionfm.cl\/?p=46978' aria-hidden='false' data-av_icon='\ue8fc' data-av_iconfont='entypo-fontello' title='' data-avia-related-tooltip='Compartir en LinkedIn' rel=\"noopener\"><span class='avia_hidden_link_text'>Compartir en LinkedIn<\/span><\/a><\/li><li class='av-share-link av-social-link-mail' ><a  aria-label=\"Compartir por correo\" href='mailto:?subject=Contralor%C3%ADa%20confirma%20que%20delegado%20municipal%20de%20Guadal%20falt%C3%B3%20al%20principio%20de%20probidad%20administrativa%20y%20cometi%C3%B3%20malas%20pr%C3%A1cticas%20contra%20vecina&#038;body=https:\/\/radiorevelacionfm.cl\/?p=46978' aria-hidden='false' data-av_icon='\ue805' data-av_iconfont='entypo-fontello' title='' data-avia-related-tooltip='Compartir por correo'><span class='avia_hidden_link_text'>Compartir por correo<\/span><\/a><\/li><\/ul><\/div><\/div>\n<div  style='height:50px' class='hr hr-invisible   avia-builder-el-8  el_after_av_social_share  el_before_av_comments_list '><span class='hr-inner ' ><span class='hr-inner-style'><\/span><\/span><\/div>\n<div  class='av-buildercomment  av-blog-meta-html-info-disabled av-blog-meta-tag-disabled  '><\/div>\n","protected":false},"excerpt":{"rendered":"","protected":false},"author":1,"featured_media":46979,"comment_status":"open","ping_status":"open","sticky":false,"template":"","format":"standard","meta":{"footnotes":""},"categories":[38],"tags":[],"class_list":["post-46978","post","type-post","status-publish","format-standard","has-post-thumbnail","hentry","category-regional"],"jetpack_featured_media_url":"https:\/\/radiorevelacionfm.cl\/wp-content\/uploads\/2024\/10\/puerto-guadal-1_optimized.jpg","_links":{"self":[{"href":"https:\/\/radiorevelacionfm.cl\/index.php?rest_route=\/wp\/v2\/posts\/46978","targetHints":{"allow":["GET"]}}],"collection":[{"href":"https:\/\/radiorevelacionfm.cl\/index.php?rest_route=\/wp\/v2\/posts"}],"about":[{"href":"https:\/\/radiorevelacionfm.cl\/index.php?rest_route=\/wp\/v2\/types\/post"}],"author":[{"embeddable":true,"href":"https:\/\/radiorevelacionfm.cl\/index.php?rest_route=\/wp\/v2\/users\/1"}],"replies":[{"embeddable":true,"href":"https:\/\/radiorevelacionfm.cl\/index.php?rest_route=%2Fwp%2Fv2%2Fcomments&post=46978"}],"version-history":[{"count":1,"href":"https:\/\/radiorevelacionfm.cl\/index.php?rest_route=\/wp\/v2\/posts\/46978\/revisions"}],"predecessor-version":[{"id":46980,"href":"https:\/\/radiorevelacionfm.cl\/index.php?rest_route=\/wp\/v2\/posts\/46978\/revisions\/46980"}],"wp:featuredmedia":[{"embeddable":true,"href":"https:\/\/radiorevelacionfm.cl\/index.php?rest_route=\/wp\/v2\/media\/46979"}],"wp:attachment":[{"href":"https:\/\/radiorevelacionfm.cl\/index.php?rest_route=%2Fwp%2Fv2%2Fmedia&parent=46978"}],"wp:term":[{"taxonomy":"category","embeddable":true,"href":"https:\/\/radiorevelacionfm.cl\/index.php?rest_route=%2Fwp%2Fv2%2Fcategories&post=46978"},{"taxonomy":"post_tag","embeddable":true,"href":"https:\/\/radiorevelacionfm.cl\/index.php?rest_route=%2Fwp%2Fv2%2Ftags&post=46978"}],"curies":[{"name":"wp","href":"https:\/\/api.w.org\/{rel}","templated":true}]}}