{"id":46972,"date":"2024-10-10T21:08:47","date_gmt":"2024-10-11T00:08:47","guid":{"rendered":"https:\/\/radiorevelacionfm.cl\/?p=46972"},"modified":"2024-10-10T21:08:47","modified_gmt":"2024-10-11T00:08:47","slug":"convocan-a-organizaciones-productivas-de-coyhaique-para-postular-a-programa-grupal-autogestionado-del-fosis","status":"publish","type":"post","link":"https:\/\/radiorevelacionfm.cl\/?p=46972","title":{"rendered":"Convocan a organizaciones productivas de Coyhaique para postular a programa grupal autogestionado del FOSIS"},"content":{"rendered":"<div class=\"flex_column av_one_full  flex_column_div av-zero-column-padding first  avia-builder-el-0  el_before_av_one_full  avia-builder-el-first  \" style='border-radius:0px; '><div  class='avia-image-container  av-styling-    avia-builder-el-1  avia-builder-el-no-sibling  avia-align-center '  itemprop=\"image\" itemscope=\"itemscope\" itemtype=\"https:\/\/schema.org\/ImageObject\"  ><div class='avia-image-container-inner'><div class='avia-image-overlay-wrap'><img decoding=\"async\" class='wp-image-46973 avia-img-lazy-loading-not-46973 avia_image' src=\"https:\/\/radiorevelacionfm.cl\/wp-content\/uploads\/2024\/10\/DR-FOSIS-1-1.jpeg\" alt='' title='DR FOSIS (1) (1)' height=\"645\" width=\"800\"  itemprop=\"thumbnailUrl\" srcset=\"https:\/\/radiorevelacionfm.cl\/wp-content\/uploads\/2024\/10\/DR-FOSIS-1-1.jpeg 800w, https:\/\/radiorevelacionfm.cl\/wp-content\/uploads\/2024\/10\/DR-FOSIS-1-1-300x242.jpeg 300w, https:\/\/radiorevelacionfm.cl\/wp-content\/uploads\/2024\/10\/DR-FOSIS-1-1-768x619.jpeg 768w, https:\/\/radiorevelacionfm.cl\/wp-content\/uploads\/2024\/10\/DR-FOSIS-1-1-495x400.jpeg 495w, https:\/\/radiorevelacionfm.cl\/wp-content\/uploads\/2024\/10\/DR-FOSIS-1-1-705x568.jpeg 705w, https:\/\/radiorevelacionfm.cl\/wp-content\/uploads\/2024\/10\/DR-FOSIS-1-1-450x363.jpeg 450w, https:\/\/radiorevelacionfm.cl\/wp-content\/uploads\/2024\/10\/DR-FOSIS-1-1-600x484.jpeg 600w\" sizes=\"(max-width: 800px) 100vw, 800px\" \/><\/div><\/div><\/div><\/div><div class=\"flex_column av_one_full  flex_column_div av-zero-column-padding first  avia-builder-el-2  el_after_av_one_full  el_before_av_one_full  column-top-margin\" style='border-radius:0px; '><section class=\"av_textblock_section \"  itemscope=\"itemscope\" itemtype=\"https:\/\/schema.org\/BlogPosting\" itemprop=\"blogPost\" ><div class='avia_textblock  '   itemprop=\"text\" ><p style=\"text-align: center;\"><span style=\"font-size: 18pt;\"><strong>Convocan a organizaciones productivas de Coyhaique para postular a programa grupal autogestionado del FOSIS<\/strong><\/span><\/p>\n<div id=\"gtx-trans\" style=\"position: absolute; left: -50px; top: 4.31534px;\">\n<div class=\"gtx-trans-icon\"><\/div>\n<\/div>\n<\/div><\/section><\/div><div class=\"flex_column av_one_full  flex_column_div av-zero-column-padding first  avia-builder-el-4  el_after_av_one_full  el_before_av_hr  column-top-margin\" style='border-radius:0px; '><section class=\"av_textblock_section \"  itemscope=\"itemscope\" itemtype=\"https:\/\/schema.org\/BlogPosting\" itemprop=\"blogPost\" ><div class='avia_textblock  '   itemprop=\"text\" ><p style=\"text-align: justify;\"><em>El FOSIS entregar\u00e1 apoyo a organizaciones productivas, donde financiar\u00e1 propuestas de hasta $6 millones de pesos. Las postulaciones estar\u00e1n abiertas hasta el jueves 17 de octubre en www.fosis.gob.cl<\/em><\/p>\n<p style=\"text-align: justify;\">El programa Emprendamos Grupal, financiado por el Fondo de Solidaridad e Inversi\u00f3n Social, FOSIS, busca apoyar a grupos y organizaciones productivas, de la comuna de Coyhaique, para que desarrollen sus actividades econ\u00f3micas y mejoren las condiciones de producci\u00f3n del negocio, fortaleciendo capacidades personales y de las organizaciones, lazos de asociatividad y acceso a redes; con el fin de aumentar sus ingresos.<\/p>\n<p style=\"text-align: justify;\">Hasta $6 millones de pesos entrega este fondo de financiamiento, donde las agrupaciones productivas interesadas en postular pueden presentar sus propuestas en \u00e1reas como la comercializaci\u00f3n, producci\u00f3n, imagen corporativa, habilitaci\u00f3n de lugar de trabajo, formalizaci\u00f3n, desarrollo organizacional y otros.<\/p>\n<p style=\"text-align: justify;\">Fernanda Leiva, directora regional del FOSIS en Ays\u00e9n, convoc\u00f3 a agrupaciones productivas de la comuna de Coyhaique para aprovechar estos recursos. \u201cQueremos invitar a organizaciones productivas est\u00e9n interesadas en desarrollarse y fortalecer sus actividades econ\u00f3micas y potenciar colectivamente sus negocios, para que se informen, revisen las bases y postulen al programa Emprendamos Grupal. Esta instancia nos permite impulsar a agrupaciones productivas locales, para que puedan capacitarse, recibir asesor\u00eda y financiar maquinaria, herramientas, equipamiento e insumos con la finalidad de mejorar sus condiciones, capacidades, procesos de producci\u00f3n, que tengan la oportunidad de innovar, visibilizarse y aumentar su generaci\u00f3n de ingresos\u201d.<\/p>\n<p style=\"text-align: justify;\">Las organizaciones que deseen postular a este programa deben pertenecer a la comuna de Coyhaique, contar con personalidad jur\u00eddica y que el fin de sus agrupaciones sea la gesti\u00f3n de actividades productivas, comerciales y\/o econ\u00f3micas, entre algunos de los requisitos estipulados por las bases. Las postulaciones estar\u00e1n abiertas hasta las 12:00 horas del jueves 17 de octubre.<\/p>\n<p style=\"text-align: justify;\">Las bases para las postulaciones pueden ser retiradas en la Direcci\u00f3n Regional del FOSIS, ubicada en calle Sim\u00f3n Bolivar 367, Coyhaique en horario de oficina. Los documentos se encuentran disponibles en la p\u00e1gina web del FOSIS (<a href=\"http:\/\/www.fosis.gob.cl\">www.fosis.gob.cl<\/a>) o pueden ser solicitados al correo <a href=\"mailto:ofpartesaysen@fosis.gob.cl\">ofpartesaysen@fosis.gob.cl<\/a> o llamando al (67) 2262600.<\/p>\n<\/div><\/section><\/div><div  style='height:50px' class='hr hr-invisible   avia-builder-el-6  el_after_av_one_full  el_before_av_social_share '><span class='hr-inner ' ><span class='hr-inner-style'><\/span><\/span><\/div><\/p>\n<div  class='av-social-sharing-box  avia-builder-el-7  el_after_av_hr  el_before_av_hr  '><div class='av-share-box'><h5 class='av-share-link-description av-no-toc '>Compartir esta noticia<\/h5><ul class='av-share-box-list noLightbox'><li class='av-share-link av-social-link-facebook' ><a target=\"_blank\" aria-label=\"Compartir en Facebook\" href='https:\/\/www.facebook.com\/sharer.php?u=https:\/\/radiorevelacionfm.cl\/?p=46972&#038;t=Convocan%20a%20organizaciones%20productivas%20de%20Coyhaique%20para%20postular%20a%20programa%20grupal%20autogestionado%20del%20FOSIS' aria-hidden='false' data-av_icon='\ue8f3' data-av_iconfont='entypo-fontello' title='' data-avia-related-tooltip='Compartir en Facebook' rel=\"noopener\"><span class='avia_hidden_link_text'>Compartir en Facebook<\/span><\/a><\/li><li class='av-share-link av-social-link-twitter' ><a target=\"_blank\" aria-label=\"Compartir en Twitter\" href='https:\/\/twitter.com\/share?text=Convocan%20a%20organizaciones%20productivas%20de%20Coyhaique%20para%20postular%20a%20programa%20grupal%20autogestionado%20del%20FOSIS&#038;url=https:\/\/radiorevelacionfm.cl\/?p=46972' aria-hidden='false' data-av_icon='\ue8f1' data-av_iconfont='entypo-fontello' title='' data-avia-related-tooltip='Compartir en Twitter' rel=\"noopener\"><span class='avia_hidden_link_text'>Compartir en Twitter<\/span><\/a><\/li><li class='av-share-link av-social-link-whatsapp' ><a target=\"_blank\" aria-label=\"Compartir en Whatsapp\" href='https:\/\/api.whatsapp.com\/send?text=https:\/\/radiorevelacionfm.cl\/?p=46972' aria-hidden='false' data-av_icon='\uf232' data-av_iconfont='entypo-fontello' title='' data-avia-related-tooltip='Compartir en Whatsapp' rel=\"noopener\"><span class='avia_hidden_link_text'>Compartir en Whatsapp<\/span><\/a><\/li><li class='av-share-link av-social-link-linkedin' ><a target=\"_blank\" aria-label=\"Compartir en LinkedIn\" href='https:\/\/linkedin.com\/shareArticle?mini=true&#038;title=Convocan%20a%20organizaciones%20productivas%20de%20Coyhaique%20para%20postular%20a%20programa%20grupal%20autogestionado%20del%20FOSIS&#038;url=https:\/\/radiorevelacionfm.cl\/?p=46972' aria-hidden='false' data-av_icon='\ue8fc' data-av_iconfont='entypo-fontello' title='' data-avia-related-tooltip='Compartir en LinkedIn' rel=\"noopener\"><span class='avia_hidden_link_text'>Compartir en LinkedIn<\/span><\/a><\/li><li class='av-share-link av-social-link-mail' ><a  aria-label=\"Compartir por correo\" href='mailto:?subject=Convocan%20a%20organizaciones%20productivas%20de%20Coyhaique%20para%20postular%20a%20programa%20grupal%20autogestionado%20del%20FOSIS&#038;body=https:\/\/radiorevelacionfm.cl\/?p=46972' aria-hidden='false' data-av_icon='\ue805' data-av_iconfont='entypo-fontello' title='' data-avia-related-tooltip='Compartir por correo'><span class='avia_hidden_link_text'>Compartir por correo<\/span><\/a><\/li><\/ul><\/div><\/div>\n<div  style='height:50px' class='hr hr-invisible   avia-builder-el-8  el_after_av_social_share  el_before_av_comments_list '><span class='hr-inner ' ><span class='hr-inner-style'><\/span><\/span><\/div>\n<div  class='av-buildercomment  av-blog-meta-html-info-disabled av-blog-meta-tag-disabled  '><\/div>\n","protected":false},"excerpt":{"rendered":"","protected":false},"author":1,"featured_media":46973,"comment_status":"open","ping_status":"open","sticky":false,"template":"","format":"standard","meta":{"footnotes":""},"categories":[38],"tags":[],"class_list":["post-46972","post","type-post","status-publish","format-standard","has-post-thumbnail","hentry","category-regional"],"jetpack_featured_media_url":"https:\/\/radiorevelacionfm.cl\/wp-content\/uploads\/2024\/10\/DR-FOSIS-1-1.jpeg","_links":{"self":[{"href":"https:\/\/radiorevelacionfm.cl\/index.php?rest_route=\/wp\/v2\/posts\/46972","targetHints":{"allow":["GET"]}}],"collection":[{"href":"https:\/\/radiorevelacionfm.cl\/index.php?rest_route=\/wp\/v2\/posts"}],"about":[{"href":"https:\/\/radiorevelacionfm.cl\/index.php?rest_route=\/wp\/v2\/types\/post"}],"author":[{"embeddable":true,"href":"https:\/\/radiorevelacionfm.cl\/index.php?rest_route=\/wp\/v2\/users\/1"}],"replies":[{"embeddable":true,"href":"https:\/\/radiorevelacionfm.cl\/index.php?rest_route=%2Fwp%2Fv2%2Fcomments&post=46972"}],"version-history":[{"count":1,"href":"https:\/\/radiorevelacionfm.cl\/index.php?rest_route=\/wp\/v2\/posts\/46972\/revisions"}],"predecessor-version":[{"id":46974,"href":"https:\/\/radiorevelacionfm.cl\/index.php?rest_route=\/wp\/v2\/posts\/46972\/revisions\/46974"}],"wp:featuredmedia":[{"embeddable":true,"href":"https:\/\/radiorevelacionfm.cl\/index.php?rest_route=\/wp\/v2\/media\/46973"}],"wp:attachment":[{"href":"https:\/\/radiorevelacionfm.cl\/index.php?rest_route=%2Fwp%2Fv2%2Fmedia&parent=46972"}],"wp:term":[{"taxonomy":"category","embeddable":true,"href":"https:\/\/radiorevelacionfm.cl\/index.php?rest_route=%2Fwp%2Fv2%2Fcategories&post=46972"},{"taxonomy":"post_tag","embeddable":true,"href":"https:\/\/radiorevelacionfm.cl\/index.php?rest_route=%2Fwp%2Fv2%2Ftags&post=46972"}],"curies":[{"name":"wp","href":"https:\/\/api.w.org\/{rel}","templated":true}]}}