{"id":46955,"date":"2024-10-10T18:32:10","date_gmt":"2024-10-10T21:32:10","guid":{"rendered":"https:\/\/radiorevelacionfm.cl\/?p=46955"},"modified":"2024-10-10T18:32:10","modified_gmt":"2024-10-10T21:32:10","slug":"noche-de-museos-2024-una-experiencia-cultural-imperdible-en-el-museo-regional-de-aysen","status":"publish","type":"post","link":"https:\/\/radiorevelacionfm.cl\/?p=46955","title":{"rendered":"Noche de Museos 2024: Una experiencia cultural imperdible en el Museo Regional de Ays\u00e9n"},"content":{"rendered":"<div class=\"flex_column av_one_full  flex_column_div av-zero-column-padding first  avia-builder-el-0  el_before_av_one_full  avia-builder-el-first  \" style='border-radius:0px; '><div  class='avia-image-container  av-styling-    avia-builder-el-1  avia-builder-el-no-sibling  avia-align-center '  itemprop=\"image\" itemscope=\"itemscope\" itemtype=\"https:\/\/schema.org\/ImageObject\"  ><div class='avia-image-container-inner'><div class='avia-image-overlay-wrap'><img decoding=\"async\" class='wp-image-46956 avia-img-lazy-loading-not-46956 avia_image' src=\"https:\/\/radiorevelacionfm.cl\/wp-content\/uploads\/2024\/10\/ndm-1_optimized.jpeg\" alt='' title='ndm-(1)_optimized' height=\"1000\" width=\"800\"  itemprop=\"thumbnailUrl\" srcset=\"https:\/\/radiorevelacionfm.cl\/wp-content\/uploads\/2024\/10\/ndm-1_optimized.jpeg 800w, https:\/\/radiorevelacionfm.cl\/wp-content\/uploads\/2024\/10\/ndm-1_optimized-240x300.jpeg 240w, https:\/\/radiorevelacionfm.cl\/wp-content\/uploads\/2024\/10\/ndm-1_optimized-768x960.jpeg 768w, https:\/\/radiorevelacionfm.cl\/wp-content\/uploads\/2024\/10\/ndm-1_optimized-564x705.jpeg 564w, https:\/\/radiorevelacionfm.cl\/wp-content\/uploads\/2024\/10\/ndm-1_optimized-450x563.jpeg 450w, https:\/\/radiorevelacionfm.cl\/wp-content\/uploads\/2024\/10\/ndm-1_optimized-600x750.jpeg 600w\" sizes=\"(max-width: 800px) 100vw, 800px\" \/><\/div><\/div><\/div><\/div><div class=\"flex_column av_one_full  flex_column_div av-zero-column-padding first  avia-builder-el-2  el_after_av_one_full  el_before_av_one_full  column-top-margin\" style='border-radius:0px; '><section class=\"av_textblock_section \"  itemscope=\"itemscope\" itemtype=\"https:\/\/schema.org\/BlogPosting\" itemprop=\"blogPost\" ><div class='avia_textblock  '   itemprop=\"text\" ><p style=\"text-align: center;\"><span style=\"font-size: 18pt;\"><strong>Noche de Museos 2024: Una experiencia cultural imperdible en el Museo Regional de Ays\u00e9n<\/strong><\/span><\/p>\n<div id=\"gtx-trans\" style=\"position: absolute; left: -50px; top: 4.31534px;\">\n<div class=\"gtx-trans-icon\"><\/div>\n<\/div>\n<\/div><\/section><\/div><div class=\"flex_column av_one_full  flex_column_div av-zero-column-padding first  avia-builder-el-4  el_after_av_one_full  el_before_av_hr  column-top-margin\" style='border-radius:0px; '><section class=\"av_textblock_section \"  itemscope=\"itemscope\" itemtype=\"https:\/\/schema.org\/BlogPosting\" itemprop=\"blogPost\" ><div class='avia_textblock  '   itemprop=\"text\" ><p style=\"text-align: justify;\">El Museo Regional de Ays\u00e9n se prepara para abrir sus puertas a la comunidad de una manera especial, en el marco de la tan esperada <em>Noche de Museos 2024<\/em>. Este evento, que tendr\u00e1 lugar el pr\u00f3ximo 11 de octubre, promete una velada \u00fanica donde el arte, la historia y la cultura se entrelazar\u00e1n para ofrecer una experiencia inolvidable a los visitantes.<\/p>\n<p style=\"text-align: justify;\">La Noche de Museos es una actividad que busca acercar el patrimonio y las expresiones art\u00edsticas a la comunidad en un formato nocturno, permitiendo que los asistentes disfruten de las exhibiciones en un ambiente distinto, lleno de magia y misterio. La jornada comenzar\u00e1 a las 19:00 horas y se extender\u00e1 hasta la medianoche, ofreciendo diversas actividades para todas las edades.<\/p>\n<p style=\"text-align: justify;\">Entre las actividades destacadas de la velada se incluyen:<\/p>\n<p style=\"text-align: justify;\">17.00 horas: Pintando el Museo Regional, Mediaci\u00f3n juego \u201cMemorice Patrimonial\u201d y Muestra Paleontol\u00f3gica.<\/p>\n<p style=\"text-align: justify;\">18.30 horas: EPEW Mapuche con la muestra \u201cMuday\u201d a cargo de Yafutuwe, educaci\u00f3n patrimonial.<\/p>\n<p style=\"text-align: justify;\">19.00 horas: Concurso disfraces tem\u00e1ticos. Invitaci\u00f3n a venir con disfraz representativo de Ays\u00e9n (flora, fauna, personajes hist\u00f3ricos, etc. Tambi\u00e9n con trajes t\u00edpicos).<\/p>\n<p style=\"text-align: justify;\">19.30 horas: Inauguraci\u00f3n exposici\u00f3n fotogr\u00e1fica \u201cRETAZOS\u201d, homenaje a Fabian Espa\u00f1a Rivera.<\/p>\n<p style=\"text-align: justify;\">\u201cEsta es una oportunidad \u00fanica para que la comunidad se sumerja en la riqueza cultural de Ays\u00e9n, bajo un formato distinto y lleno de sorpresas. Invitamos a todos a participar y disfrutar de una noche llena de arte y patrimonio, como gobierno queremos avanzar en la mejora integral de la seguridad, y hacerlo desde las culturas y los patrimonios creemos que es una potente sinerg\u00eda para avanzar como comunidad\u201d afirm\u00f3 Felipe Quiroz V\u00e1squez, SEREMI de Culturas, Artes y Patrimonio<\/p>\n<p style=\"text-align: justify;\">La Noche de Museos 2024 no solo ser\u00e1 una oportunidad para explorar el museo desde una \u00f3ptica diferente, sino tambi\u00e9n para disfrutar de actividades culturales gratuitas y para toda la familia.<\/p>\n<p style=\"text-align: justify;\">La entrada es liberada y abierta a todo p\u00fablico, en un esfuerzo por fomentar la accesibilidad a la cultura y el arte en la regi\u00f3n. Se espera una gran concurrencia, por lo que se recomienda llegar temprano para disfrutar plenamente de todas las actividades disponibles.<\/p>\n<p style=\"text-align: justify;\">\u201cQueremos que este evento sea un espacio donde las familias y amigos puedan compartir y aprender, mientras recorren nuestras instalaciones de una manera \u00fanica. Es una forma de cerrar este a\u00f1o con una celebraci\u00f3n del arte y la cultura\u201d, coment\u00f3 Claudia Cantero, directora del Servicio del Patrimonio Cultural.<\/p>\n<\/div><\/section><\/div><div  style='height:50px' class='hr hr-invisible   avia-builder-el-6  el_after_av_one_full  el_before_av_social_share '><span class='hr-inner ' ><span class='hr-inner-style'><\/span><\/span><\/div><\/p>\n<div  class='av-social-sharing-box  avia-builder-el-7  el_after_av_hr  el_before_av_hr  '><div class='av-share-box'><h5 class='av-share-link-description av-no-toc '>Compartir esta noticia<\/h5><ul class='av-share-box-list noLightbox'><li class='av-share-link av-social-link-facebook' ><a target=\"_blank\" aria-label=\"Compartir en Facebook\" href='https:\/\/www.facebook.com\/sharer.php?u=https:\/\/radiorevelacionfm.cl\/?p=46955&#038;t=Noche%20de%20Museos%202024%3A%20Una%20experiencia%20cultural%20imperdible%20en%20el%20Museo%20Regional%20de%20Ays%C3%A9n' aria-hidden='false' data-av_icon='\ue8f3' data-av_iconfont='entypo-fontello' title='' data-avia-related-tooltip='Compartir en Facebook' rel=\"noopener\"><span class='avia_hidden_link_text'>Compartir en Facebook<\/span><\/a><\/li><li class='av-share-link av-social-link-twitter' ><a target=\"_blank\" aria-label=\"Compartir en Twitter\" href='https:\/\/twitter.com\/share?text=Noche%20de%20Museos%202024%3A%20Una%20experiencia%20cultural%20imperdible%20en%20el%20Museo%20Regional%20de%20Ays%C3%A9n&#038;url=https:\/\/radiorevelacionfm.cl\/?p=46955' aria-hidden='false' data-av_icon='\ue8f1' data-av_iconfont='entypo-fontello' title='' data-avia-related-tooltip='Compartir en Twitter' rel=\"noopener\"><span class='avia_hidden_link_text'>Compartir en Twitter<\/span><\/a><\/li><li class='av-share-link av-social-link-whatsapp' ><a target=\"_blank\" aria-label=\"Compartir en Whatsapp\" href='https:\/\/api.whatsapp.com\/send?text=https:\/\/radiorevelacionfm.cl\/?p=46955' aria-hidden='false' data-av_icon='\uf232' data-av_iconfont='entypo-fontello' title='' data-avia-related-tooltip='Compartir en Whatsapp' rel=\"noopener\"><span class='avia_hidden_link_text'>Compartir en Whatsapp<\/span><\/a><\/li><li class='av-share-link av-social-link-linkedin' ><a target=\"_blank\" aria-label=\"Compartir en LinkedIn\" href='https:\/\/linkedin.com\/shareArticle?mini=true&#038;title=Noche%20de%20Museos%202024%3A%20Una%20experiencia%20cultural%20imperdible%20en%20el%20Museo%20Regional%20de%20Ays%C3%A9n&#038;url=https:\/\/radiorevelacionfm.cl\/?p=46955' aria-hidden='false' data-av_icon='\ue8fc' data-av_iconfont='entypo-fontello' title='' data-avia-related-tooltip='Compartir en LinkedIn' rel=\"noopener\"><span class='avia_hidden_link_text'>Compartir en LinkedIn<\/span><\/a><\/li><li class='av-share-link av-social-link-mail' ><a  aria-label=\"Compartir por correo\" href='mailto:?subject=Noche%20de%20Museos%202024%3A%20Una%20experiencia%20cultural%20imperdible%20en%20el%20Museo%20Regional%20de%20Ays%C3%A9n&#038;body=https:\/\/radiorevelacionfm.cl\/?p=46955' aria-hidden='false' data-av_icon='\ue805' data-av_iconfont='entypo-fontello' title='' data-avia-related-tooltip='Compartir por correo'><span class='avia_hidden_link_text'>Compartir por correo<\/span><\/a><\/li><\/ul><\/div><\/div>\n<div  style='height:50px' class='hr hr-invisible   avia-builder-el-8  el_after_av_social_share  el_before_av_comments_list '><span class='hr-inner ' ><span class='hr-inner-style'><\/span><\/span><\/div>\n<div  class='av-buildercomment  av-blog-meta-html-info-disabled av-blog-meta-tag-disabled  '><\/div>\n","protected":false},"excerpt":{"rendered":"","protected":false},"author":1,"featured_media":46956,"comment_status":"open","ping_status":"open","sticky":false,"template":"","format":"standard","meta":{"footnotes":""},"categories":[52],"tags":[],"class_list":["post-46955","post","type-post","status-publish","format-standard","has-post-thumbnail","hentry","category-cultura"],"jetpack_featured_media_url":"https:\/\/radiorevelacionfm.cl\/wp-content\/uploads\/2024\/10\/ndm-1_optimized.jpeg","_links":{"self":[{"href":"https:\/\/radiorevelacionfm.cl\/index.php?rest_route=\/wp\/v2\/posts\/46955","targetHints":{"allow":["GET"]}}],"collection":[{"href":"https:\/\/radiorevelacionfm.cl\/index.php?rest_route=\/wp\/v2\/posts"}],"about":[{"href":"https:\/\/radiorevelacionfm.cl\/index.php?rest_route=\/wp\/v2\/types\/post"}],"author":[{"embeddable":true,"href":"https:\/\/radiorevelacionfm.cl\/index.php?rest_route=\/wp\/v2\/users\/1"}],"replies":[{"embeddable":true,"href":"https:\/\/radiorevelacionfm.cl\/index.php?rest_route=%2Fwp%2Fv2%2Fcomments&post=46955"}],"version-history":[{"count":1,"href":"https:\/\/radiorevelacionfm.cl\/index.php?rest_route=\/wp\/v2\/posts\/46955\/revisions"}],"predecessor-version":[{"id":46957,"href":"https:\/\/radiorevelacionfm.cl\/index.php?rest_route=\/wp\/v2\/posts\/46955\/revisions\/46957"}],"wp:featuredmedia":[{"embeddable":true,"href":"https:\/\/radiorevelacionfm.cl\/index.php?rest_route=\/wp\/v2\/media\/46956"}],"wp:attachment":[{"href":"https:\/\/radiorevelacionfm.cl\/index.php?rest_route=%2Fwp%2Fv2%2Fmedia&parent=46955"}],"wp:term":[{"taxonomy":"category","embeddable":true,"href":"https:\/\/radiorevelacionfm.cl\/index.php?rest_route=%2Fwp%2Fv2%2Fcategories&post=46955"},{"taxonomy":"post_tag","embeddable":true,"href":"https:\/\/radiorevelacionfm.cl\/index.php?rest_route=%2Fwp%2Fv2%2Ftags&post=46955"}],"curies":[{"name":"wp","href":"https:\/\/api.w.org\/{rel}","templated":true}]}}