{"id":4695,"date":"2021-05-31T10:45:40","date_gmt":"2021-05-31T13:45:40","guid":{"rendered":"https:\/\/radiorevelacionfm.cl\/?p=4695"},"modified":"2021-05-31T10:57:05","modified_gmt":"2021-05-31T13:57:05","slug":"realizan-difusion-en-terreno-del-subsidio-al-empleo-en-las-cuatro-provincias-de-la-region-de-aysen","status":"publish","type":"post","link":"https:\/\/radiorevelacionfm.cl\/?p=4695","title":{"rendered":"Realizan difusi\u00f3n en terreno del Subsidio al Empleo en las cuatro provincias de la Regi\u00f3n de Ays\u00e9n"},"content":{"rendered":"<div class=\"flex_column av_one_full  flex_column_div av-zero-column-padding first  avia-builder-el-0  el_before_av_one_full  avia-builder-el-first  \" style='border-radius:0px; '><div  class='avia-image-container  av-styling-    avia-builder-el-1  avia-builder-el-no-sibling  avia-align-center '  itemprop=\"image\" itemscope=\"itemscope\" itemtype=\"https:\/\/schema.org\/ImageObject\"  ><div class='avia-image-container-inner'><div class='avia-image-overlay-wrap'><img decoding=\"async\" class='wp-image-0 avia-img-lazy-loading-not-0 avia_image' src=\"https:\/\/radiorevelacionfm.cl\/wp-content\/uploads\/2021\/05\/Difusion_ChileChico-1.1-1-1.jpg\" alt='' title=''   itemprop=\"thumbnailUrl\"  \/><\/div><\/div><\/div><\/div><div class=\"flex_column av_one_full  flex_column_div av-zero-column-padding first  avia-builder-el-2  el_after_av_one_full  el_before_av_one_full  column-top-margin\" style='border-radius:0px; '><section class=\"av_textblock_section \"  itemscope=\"itemscope\" itemtype=\"https:\/\/schema.org\/BlogPosting\" itemprop=\"blogPost\" ><div class='avia_textblock  '   itemprop=\"text\" ><p style=\"text-align: center;\"><strong><span style=\"font-size: 18pt;\">Realizan difusi\u00f3n en terreno del Subsidio al Empleo en las cuatro provincias de la Regi\u00f3n de Ays\u00e9n<\/span><\/strong><\/p>\n<div id=\"gtx-trans\" style=\"position: absolute; left: -50px; top: 4.31534px;\">\n<div class=\"gtx-trans-icon\"><\/div>\n<\/div>\n<\/div><\/section><\/div><\/p>\n<div class=\"flex_column av_one_full  flex_column_div av-zero-column-padding first  avia-builder-el-4  el_after_av_one_full  el_before_av_hr  column-top-margin\" style='border-radius:0px; '><section class=\"av_textblock_section \"  itemscope=\"itemscope\" itemtype=\"https:\/\/schema.org\/BlogPosting\" itemprop=\"blogPost\" ><div class='avia_textblock  '   itemprop=\"text\" ><div>\n<p class=\"v1MsoNormal\" style=\"text-align: justify;\">Con el prop\u00f3sito de dar a conocer el Subsidio al Empleo, iniciativa del Ministerio del Trabajo y Previsi\u00f3n Social, ejecutado por el Servicio Nacional de Capacitaci\u00f3n y Empleo, Sence, se realiz\u00f3 difusi\u00f3n de este programa y sus cuatro l\u00edneas de apoyo en todas las provincias de nuestra Regi\u00f3n de Ays\u00e9n.<\/p>\n<p class=\"v1MsoNormal\" style=\"text-align: justify;\">La Seremi del Trabajo y Previsi\u00f3n Social, Andrea Ponce, junto a la Directora Regional de Sence, Katherine Kingma y al Gobernador de Ays\u00e9n, Manuel Ortiz, recorrieron Puerto Cisnes, Villa Ma\u00f1ihuales y Puerto Ays\u00e9n. En tanto, en Chile Chico fue acompa\u00f1ada por la Gobernadora de la Provincia de General Carrera, Vanessa V\u00e1squez y en Cochrane, por el representante del Gobernador Gustavo M\u00e1rquez, Rodrigo Rivera. De igual modo, la autoridad realiz\u00f3 difusi\u00f3n adem\u00e1s en las localidades de Puerto Tranquilo, Puerto Bertrand, Chile Chico y Coyhaique; Por su parte, el encargado de la Delegaci\u00f3n de Ays\u00e9n de Sence, dio a conocer los beneficios en terreno junto al Gobernador Ortiz, en Puyuhuapi, La Junta y Ra\u00fal Mar\u00edn Balmaceda, a trav\u00e9s de Gobierno en Terreno.<\/p>\n<p class=\"v1MsoNormal\" style=\"text-align: justify;\">Al respecto, la Seremi Andrea Ponce coment\u00f3, \u00abEs nuestra obligaci\u00f3n, a pesar de la pandemia, y tomando todos los resguardos de salud y seguridad, estar en terreno con la comunidad. Por eso, realizamos un despliegue por gran parte de nuestra Regi\u00f3n de Ays\u00e9n, para dar a conocer los Subsidios Al Empleo, que es un apoyo concreto del Gobierno del Presidente Sebasti\u00e1n Pi\u00f1era a las empresas y tambi\u00e9n a los trabajadores, y que busca recuperar los trabajos perdidos. Adem\u00e1s, dimos a conocer otras medidas como el Plan Paso a Paso Laboral y el Formulario \u00danico de Fiscalizaci\u00f3n para disminuir los contagios de Covid 19 en el \u00e1mbito laboral. Junto a la difusi\u00f3n en locales comerciales y en la calle de las localidades, queremos agradecer a las radios de todas las localidades de la regi\u00f3n, que nos han prestado sus micr\u00f3fonos para informar a la comunidad y aclarar sus dudas\u00bb, afirm\u00f3.<\/p>\n<p class=\"v1MsoNormal\" style=\"text-align: justify;\">Sobre el impacto que ha tenido el programa de Subsidio al Empleo que ejecuta Sence, la Seremi Ponce realiz\u00f3 un nuevo balance regional. \u00abEstamos muy contentos porque hemos visto un avance en la recuperaci\u00f3n de trabajos y un impacto positivo en la Regi\u00f3n de Ays\u00e9n del Subsidio Al Empleo. Al 24 de mayo 2021, ya son 2.487 trabajadores postulados a la l\u00ednea Contrata, que apoya a las empresas con un subsidio para contratar personas; 240 trabajadores postulados a la l\u00ednea Regresa, que entrega un subsidio para apoyar la reincorporaci\u00f3n de trabajadores con contrato suspendido por la Ley de Protecci\u00f3n del Empleo. Por otra parte, ya son 172 trabajadoras o cuidadores a cargo de ni\u00f1os\/as menores de 2 a\u00f1os haciendo uso de la l\u00ednea Protege y 537 trabajadores ya han postulado en el primer mes de la l\u00ednea Nuevo Empleo\u00bb, detall\u00f3.<\/p>\n<p class=\"v1MsoNormal\" style=\"text-align: justify;\">Sobre las postulaciones, Katherine Kingma coment\u00f3, \u00abEstamos muy satisfechos porque ya hay muchas postulaciones al Subsidio Al Nuevo Empleo y quiero recalcar que es un apoyo directo a los trabajadores que tengan un nuevo empleo desde el 1 de abril, entregando $50.000 directamente al trabajador si es hombre y $70.000 en el caso de ser mujer, joven entre 18 y 24 a\u00f1os o una persona con discapacidad. Para postular se debe ingresar a\u00a0<a href=\"http:\/\/www.subsidioalempleo.cl\/\" target=\"_blank\" rel=\"noopener noreferrer\">www.subsidioalempleo.cl<\/a>,\u00a0se ingresa al link Subsidio Al Nuevo Empleo y pinchar en donde dice \u00abpostula al subsidio\u00bb y finalmente ingresar con su clave \u00fanica. El tr\u00e1mite es muy sencillo y este es uno m\u00e1s de los apoyos que como Sence estamos entregando como medida del Gobierno para aportar a la reactivaci\u00f3n econ\u00f3mica, tanto a nivel regional como a nivel nacional\u00bb detall\u00f3 la directora regional del Sence Ays\u00e9n.<\/p>\n<p class=\"v1MsoNormal\" style=\"text-align: justify;\">Daniela Olgu\u00edn de Agr\u00edcola Patricia Gonz\u00e1lez de Coyhaique, es una de las usuarias beneficiarias del Subsidio al Empleo, lo que le permiti\u00f3 continuar sus labores, \u00abEl trabajo que realizamos aqu\u00ed lleva poco tiempo, y somos una empresa chiquita que gracias al Subsidio al Empleo ha podido seguir en funcionamiento. El trabajo en espec\u00edfico es el cuidado de frutales menores, frambuesos, frutillos y ar\u00e1ndanos, y tratar de llevar el d\u00eda a d\u00eda lo m\u00e1s natural para el crecimiento y desarrollo de los frutos\u00bb, afirm\u00f3.<\/p>\n<p class=\"v1MsoNormal\" style=\"text-align: justify;\">Tal como mencion\u00f3 Kingma, los requisitos y las postulaciones son a trav\u00e9s del portal\u00a0<a href=\"http:\/\/www.sence.cl\/\" target=\"_blank\" rel=\"noopener noreferrer\">www.sence.cl<\/a>\u00a0o directamente en\u00a0<a href=\"http:\/\/www.subsidioalempleo.cl\/\" target=\"_blank\" rel=\"noopener noreferrer\">www.subsidioalempleo.cl<\/a><\/p>\n<\/div>\n<div style=\"text-align: justify;\"><\/div>\n<\/div><\/section><\/div>\n<div  style='height:50px' class='hr hr-invisible   avia-builder-el-6  el_after_av_one_full  el_before_av_social_share '><span class='hr-inner ' ><span class='hr-inner-style'><\/span><\/span><\/div>\n<div  class='av-social-sharing-box  avia-builder-el-7  el_after_av_hr  el_before_av_hr  '><div class='av-share-box'><h5 class='av-share-link-description av-no-toc '>Compartir esta noticia<\/h5><ul class='av-share-box-list noLightbox'><li class='av-share-link av-social-link-facebook' ><a target=\"_blank\" aria-label=\"Compartir en Facebook\" href='https:\/\/www.facebook.com\/sharer.php?u=https:\/\/radiorevelacionfm.cl\/?p=4695&#038;t=Realizan%20difusi%C3%B3n%20en%20terreno%20del%20Subsidio%20al%20Empleo%20en%20las%20cuatro%20provincias%20de%20la%20Regi%C3%B3n%20de%20Ays%C3%A9n' aria-hidden='false' data-av_icon='\ue8f3' data-av_iconfont='entypo-fontello' title='' data-avia-related-tooltip='Compartir en Facebook' rel=\"noopener\"><span class='avia_hidden_link_text'>Compartir en Facebook<\/span><\/a><\/li><li class='av-share-link av-social-link-twitter' ><a target=\"_blank\" aria-label=\"Compartir en Twitter\" href='https:\/\/twitter.com\/share?text=Realizan%20difusi%C3%B3n%20en%20terreno%20del%20Subsidio%20al%20Empleo%20en%20las%20cuatro%20provincias%20de%20la%20Regi%C3%B3n%20de%20Ays%C3%A9n&#038;url=https:\/\/radiorevelacionfm.cl\/?p=4695' aria-hidden='false' data-av_icon='\ue8f1' data-av_iconfont='entypo-fontello' title='' data-avia-related-tooltip='Compartir en Twitter' rel=\"noopener\"><span class='avia_hidden_link_text'>Compartir en Twitter<\/span><\/a><\/li><li class='av-share-link av-social-link-whatsapp' ><a target=\"_blank\" aria-label=\"Compartir en Whatsapp\" href='https:\/\/api.whatsapp.com\/send?text=https:\/\/radiorevelacionfm.cl\/?p=4695' aria-hidden='false' data-av_icon='\uf232' data-av_iconfont='entypo-fontello' title='' data-avia-related-tooltip='Compartir en Whatsapp' rel=\"noopener\"><span class='avia_hidden_link_text'>Compartir en Whatsapp<\/span><\/a><\/li><li class='av-share-link av-social-link-linkedin' ><a target=\"_blank\" aria-label=\"Compartir en LinkedIn\" href='https:\/\/linkedin.com\/shareArticle?mini=true&#038;title=Realizan%20difusi%C3%B3n%20en%20terreno%20del%20Subsidio%20al%20Empleo%20en%20las%20cuatro%20provincias%20de%20la%20Regi%C3%B3n%20de%20Ays%C3%A9n&#038;url=https:\/\/radiorevelacionfm.cl\/?p=4695' aria-hidden='false' data-av_icon='\ue8fc' data-av_iconfont='entypo-fontello' title='' data-avia-related-tooltip='Compartir en LinkedIn' rel=\"noopener\"><span class='avia_hidden_link_text'>Compartir en LinkedIn<\/span><\/a><\/li><li class='av-share-link av-social-link-mail' ><a  aria-label=\"Compartir por correo\" href='mailto:?subject=Realizan%20difusi%C3%B3n%20en%20terreno%20del%20Subsidio%20al%20Empleo%20en%20las%20cuatro%20provincias%20de%20la%20Regi%C3%B3n%20de%20Ays%C3%A9n&#038;body=https:\/\/radiorevelacionfm.cl\/?p=4695' aria-hidden='false' data-av_icon='\ue805' data-av_iconfont='entypo-fontello' title='' data-avia-related-tooltip='Compartir por correo'><span class='avia_hidden_link_text'>Compartir por correo<\/span><\/a><\/li><\/ul><\/div><\/div>\n<div  style='height:50px' class='hr hr-invisible   avia-builder-el-8  el_after_av_social_share  el_before_av_comments_list '><span class='hr-inner ' ><span class='hr-inner-style'><\/span><\/span><\/div>\n<div  class='av-buildercomment  av-blog-meta-html-info-disabled av-blog-meta-tag-disabled  '><\/div>\n","protected":false},"excerpt":{"rendered":"","protected":false},"author":1,"featured_media":0,"comment_status":"open","ping_status":"open","sticky":false,"template":"","format":"standard","meta":{"footnotes":""},"categories":[38],"tags":[],"class_list":["post-4695","post","type-post","status-publish","format-standard","hentry","category-regional"],"jetpack_featured_media_url":"","_links":{"self":[{"href":"https:\/\/radiorevelacionfm.cl\/index.php?rest_route=\/wp\/v2\/posts\/4695","targetHints":{"allow":["GET"]}}],"collection":[{"href":"https:\/\/radiorevelacionfm.cl\/index.php?rest_route=\/wp\/v2\/posts"}],"about":[{"href":"https:\/\/radiorevelacionfm.cl\/index.php?rest_route=\/wp\/v2\/types\/post"}],"author":[{"embeddable":true,"href":"https:\/\/radiorevelacionfm.cl\/index.php?rest_route=\/wp\/v2\/users\/1"}],"replies":[{"embeddable":true,"href":"https:\/\/radiorevelacionfm.cl\/index.php?rest_route=%2Fwp%2Fv2%2Fcomments&post=4695"}],"version-history":[{"count":4,"href":"https:\/\/radiorevelacionfm.cl\/index.php?rest_route=\/wp\/v2\/posts\/4695\/revisions"}],"predecessor-version":[{"id":4713,"href":"https:\/\/radiorevelacionfm.cl\/index.php?rest_route=\/wp\/v2\/posts\/4695\/revisions\/4713"}],"wp:attachment":[{"href":"https:\/\/radiorevelacionfm.cl\/index.php?rest_route=%2Fwp%2Fv2%2Fmedia&parent=4695"}],"wp:term":[{"taxonomy":"category","embeddable":true,"href":"https:\/\/radiorevelacionfm.cl\/index.php?rest_route=%2Fwp%2Fv2%2Fcategories&post=4695"},{"taxonomy":"post_tag","embeddable":true,"href":"https:\/\/radiorevelacionfm.cl\/index.php?rest_route=%2Fwp%2Fv2%2Ftags&post=4695"}],"curies":[{"name":"wp","href":"https:\/\/api.w.org\/{rel}","templated":true}]}}