{"id":46949,"date":"2024-10-10T09:47:45","date_gmt":"2024-10-10T12:47:45","guid":{"rendered":"https:\/\/radiorevelacionfm.cl\/?p=46949"},"modified":"2024-10-10T09:47:45","modified_gmt":"2024-10-10T12:47:45","slug":"aysen-patagonia-impulsa-su-promocion-turistica-en-ferias-internacionales","status":"publish","type":"post","link":"https:\/\/radiorevelacionfm.cl\/?p=46949","title":{"rendered":"Ays\u00e9n Patagonia impulsa su promoci\u00f3n tur\u00edstica en ferias internacionales"},"content":{"rendered":"<div class=\"flex_column av_one_full  flex_column_div av-zero-column-padding first  avia-builder-el-0  el_before_av_one_full  avia-builder-el-first  \" style='border-radius:0px; '><div  class='avia-image-container  av-styling-    avia-builder-el-1  avia-builder-el-no-sibling  avia-align-center '  itemprop=\"image\" itemscope=\"itemscope\" itemtype=\"https:\/\/schema.org\/ImageObject\"  ><div class='avia-image-container-inner'><div class='avia-image-overlay-wrap'><img decoding=\"async\" class='wp-image-46950 avia-img-lazy-loading-not-46950 avia_image' src=\"https:\/\/radiorevelacionfm.cl\/wp-content\/uploads\/2024\/10\/CHILEWEEK01-2-2.jpg\" alt='' title='CHILEWEEK01-2-2' height=\"600\" width=\"1067\"  itemprop=\"thumbnailUrl\" srcset=\"https:\/\/radiorevelacionfm.cl\/wp-content\/uploads\/2024\/10\/CHILEWEEK01-2-2.jpg 1067w, https:\/\/radiorevelacionfm.cl\/wp-content\/uploads\/2024\/10\/CHILEWEEK01-2-2-300x169.jpg 300w, https:\/\/radiorevelacionfm.cl\/wp-content\/uploads\/2024\/10\/CHILEWEEK01-2-2-1030x579.jpg 1030w, https:\/\/radiorevelacionfm.cl\/wp-content\/uploads\/2024\/10\/CHILEWEEK01-2-2-768x432.jpg 768w, https:\/\/radiorevelacionfm.cl\/wp-content\/uploads\/2024\/10\/CHILEWEEK01-2-2-705x396.jpg 705w, https:\/\/radiorevelacionfm.cl\/wp-content\/uploads\/2024\/10\/CHILEWEEK01-2-2-450x253.jpg 450w, https:\/\/radiorevelacionfm.cl\/wp-content\/uploads\/2024\/10\/CHILEWEEK01-2-2-600x337.jpg 600w\" sizes=\"(max-width: 1067px) 100vw, 1067px\" \/><\/div><\/div><\/div><\/div><div class=\"flex_column av_one_full  flex_column_div av-zero-column-padding first  avia-builder-el-2  el_after_av_one_full  el_before_av_one_full  column-top-margin\" style='border-radius:0px; '><section class=\"av_textblock_section \"  itemscope=\"itemscope\" itemtype=\"https:\/\/schema.org\/BlogPosting\" itemprop=\"blogPost\" ><div class='avia_textblock  '   itemprop=\"text\" ><p style=\"text-align: center;\"><strong><span style=\"font-size: 18pt;\">Ays\u00e9n Patagonia impulsa su promoci\u00f3n tur\u00edstica en ferias internacionales<\/span><\/strong><\/p>\n<div id=\"gtx-trans\" style=\"position: absolute; left: -50px; top: 4.31534px;\">\n<div class=\"gtx-trans-icon\"><\/div>\n<\/div>\n<\/div><\/section><\/div><div class=\"flex_column av_one_full  flex_column_div av-zero-column-padding first  avia-builder-el-4  el_after_av_one_full  el_before_av_hr  column-top-margin\" style='border-radius:0px; '><section class=\"av_textblock_section \"  itemscope=\"itemscope\" itemtype=\"https:\/\/schema.org\/BlogPosting\" itemprop=\"blogPost\" ><div class='avia_textblock  '   itemprop=\"text\" ><p style=\"text-align: justify;\"><em>La regi\u00f3n particip\u00f3 recientemente en dos destacados eventos de promoci\u00f3n tur\u00edstica internacional, la FIT en Buenos Aires y el Chile Week en Brasilia, fortaleciendo su presencia en el mercado latinoamericano.<\/em><\/p>\n<p style=\"text-align: justify;\">Una delegaci\u00f3n compuesta por 6 empresas tur\u00edsticas de la regi\u00f3n de Ays\u00e9n y representantes de Sernatur Ays\u00e9n, estuvieron presente en la \u00faltima versi\u00f3n de la Feria Internacional de Turismo de Am\u00e9rica Latina (FIT) 2024, celebrada en Buenos Aires, Argentina, uno de los eventos m\u00e1s importantes del sector tur\u00edstico a nivel global.<\/p>\n<p style=\"text-align: justify;\">La FIT, que se realiz\u00f3 en el predio ferial La Rural, alberg\u00f3 a 1.870 expositores de diversas nacionalidades, m\u00e1s de 50 pa\u00edses y cont\u00f3 con m\u00e1s de 135 mil visitantes, siendo el encuentro id\u00f3neo para establecer valiosos contactos, expandir horizontes a mercados emergentes y mantenerse al d\u00eda con las \u00faltimas tendencias del sector.<\/p>\n<p style=\"text-align: justify;\">Claudio Montecinos, director regional de Sernatur Ays\u00e9n, destac\u00f3 la importancia de esta participaci\u00f3n que \u201cnos ha permitido, junto a seis empresarios y operadores tur\u00edsticos de la regi\u00f3n de Ays\u00e9n, establecer contactos con importantes operadores tur\u00edsticos, no solo en el mercado argentino, sino a nivel mundial. Esperamos seguir fortaleciendo el destino de Ays\u00e9n Patagonia en los mercados nacionales e internacionales, en l\u00ednea con nuestra estrategia de promoci\u00f3n tur\u00edstica respaldada por el Gobierno Regional de Ays\u00e9n\u201d.<\/p>\n<p style=\"text-align: justify;\">Por su parte, Emilia Astorga de Destino Patagonia, comparti\u00f3 su entusiasmo: \u201cHemos tenido una experiencia enriquecedora en FIT. Este evento nos ha permitido conocer a otros actores del turismo nacional y establecer redes valiosas con proveedores y empresas del sector\u201d.<\/p>\n<p style=\"text-align: justify;\">Pablo S\u00e1nchez, de la empresa de cicloturismo Rumbo Nativo de Puerto Tranquilo, subray\u00f3 la importancia de la feria como espacio de aprendizaje. \u201cParticipar en este evento ha sido muy gratificante. He aprendido sobre las din\u00e1micas del turismo en Argentina y Latinoam\u00e9rica, y me siento orgulloso de representar a la regi\u00f3n de Ays\u00e9n, que tiene mucho que ofrecer al mundo\u201d.<\/p>\n<p style=\"text-align: justify;\">Destino Patagonia, Rumbo Nativo, Patagonia Nostrum, Lober\u00edas del Sur, Gran Patagonia y Terra Luna fueron las empresas la FIT 2024.<\/p>\n<p style=\"text-align: justify;\"><strong><u>Chile Week <\/u><\/strong><\/p>\n<p style=\"text-align: justify;\">Otra instancia de promoci\u00f3n internacional reciente fue el Chile Week, donde Sernatur Ays\u00e9n destac\u00f3 el destino Ays\u00e9n Patagonia junto a dos empresas locales, Tepaluma y Free Adventure.<\/p>\n<p style=\"text-align: justify;\">Este evento, realizado en Brasil, tuvo como objetivo profundizar los lazos comerciales entre ambos pa\u00edses y ampliar la oferta chilena en el mercado local. La delegaci\u00f3n chilena, liderada por Sernatur y compuesta por una docena de empresas nacionales, present\u00f3 a Chile como un destino imperdible.<\/p>\n<p style=\"text-align: justify;\">Adem\u00e1s, se llevaron a cabo ruedas de negocios para generar nuevos v\u00ednculos comerciales en uno de los mercados prioritarios en Latinoam\u00e9rica.<\/p>\n<\/div><\/section><\/div><div  style='height:50px' class='hr hr-invisible   avia-builder-el-6  el_after_av_one_full  el_before_av_social_share '><span class='hr-inner ' ><span class='hr-inner-style'><\/span><\/span><\/div><\/p>\n<div  class='av-social-sharing-box  avia-builder-el-7  el_after_av_hr  el_before_av_hr  '><div class='av-share-box'><h5 class='av-share-link-description av-no-toc '>Compartir esta noticia<\/h5><ul class='av-share-box-list noLightbox'><li class='av-share-link av-social-link-facebook' ><a target=\"_blank\" aria-label=\"Compartir en Facebook\" href='https:\/\/www.facebook.com\/sharer.php?u=https:\/\/radiorevelacionfm.cl\/?p=46949&#038;t=Ays%C3%A9n%20Patagonia%20impulsa%20su%20promoci%C3%B3n%20tur%C3%ADstica%20en%20ferias%20internacionales' aria-hidden='false' data-av_icon='\ue8f3' data-av_iconfont='entypo-fontello' title='' data-avia-related-tooltip='Compartir en Facebook' rel=\"noopener\"><span class='avia_hidden_link_text'>Compartir en Facebook<\/span><\/a><\/li><li class='av-share-link av-social-link-twitter' ><a target=\"_blank\" aria-label=\"Compartir en Twitter\" href='https:\/\/twitter.com\/share?text=Ays%C3%A9n%20Patagonia%20impulsa%20su%20promoci%C3%B3n%20tur%C3%ADstica%20en%20ferias%20internacionales&#038;url=https:\/\/radiorevelacionfm.cl\/?p=46949' aria-hidden='false' data-av_icon='\ue8f1' data-av_iconfont='entypo-fontello' title='' data-avia-related-tooltip='Compartir en Twitter' rel=\"noopener\"><span class='avia_hidden_link_text'>Compartir en Twitter<\/span><\/a><\/li><li class='av-share-link av-social-link-whatsapp' ><a target=\"_blank\" aria-label=\"Compartir en Whatsapp\" href='https:\/\/api.whatsapp.com\/send?text=https:\/\/radiorevelacionfm.cl\/?p=46949' aria-hidden='false' data-av_icon='\uf232' data-av_iconfont='entypo-fontello' title='' data-avia-related-tooltip='Compartir en Whatsapp' rel=\"noopener\"><span class='avia_hidden_link_text'>Compartir en Whatsapp<\/span><\/a><\/li><li class='av-share-link av-social-link-linkedin' ><a target=\"_blank\" aria-label=\"Compartir en LinkedIn\" href='https:\/\/linkedin.com\/shareArticle?mini=true&#038;title=Ays%C3%A9n%20Patagonia%20impulsa%20su%20promoci%C3%B3n%20tur%C3%ADstica%20en%20ferias%20internacionales&#038;url=https:\/\/radiorevelacionfm.cl\/?p=46949' aria-hidden='false' data-av_icon='\ue8fc' data-av_iconfont='entypo-fontello' title='' data-avia-related-tooltip='Compartir en LinkedIn' rel=\"noopener\"><span class='avia_hidden_link_text'>Compartir en LinkedIn<\/span><\/a><\/li><li class='av-share-link av-social-link-mail' ><a  aria-label=\"Compartir por correo\" href='mailto:?subject=Ays%C3%A9n%20Patagonia%20impulsa%20su%20promoci%C3%B3n%20tur%C3%ADstica%20en%20ferias%20internacionales&#038;body=https:\/\/radiorevelacionfm.cl\/?p=46949' aria-hidden='false' data-av_icon='\ue805' data-av_iconfont='entypo-fontello' title='' data-avia-related-tooltip='Compartir por correo'><span class='avia_hidden_link_text'>Compartir por correo<\/span><\/a><\/li><\/ul><\/div><\/div>\n<div  style='height:50px' class='hr hr-invisible   avia-builder-el-8  el_after_av_social_share  el_before_av_comments_list '><span class='hr-inner ' ><span class='hr-inner-style'><\/span><\/span><\/div>\n<div  class='av-buildercomment  av-blog-meta-html-info-disabled av-blog-meta-tag-disabled  '><\/div>\n","protected":false},"excerpt":{"rendered":"","protected":false},"author":1,"featured_media":46950,"comment_status":"open","ping_status":"open","sticky":false,"template":"","format":"standard","meta":{"footnotes":""},"categories":[54],"tags":[],"class_list":["post-46949","post","type-post","status-publish","format-standard","has-post-thumbnail","hentry","category-turismo"],"jetpack_featured_media_url":"https:\/\/radiorevelacionfm.cl\/wp-content\/uploads\/2024\/10\/CHILEWEEK01-2-2.jpg","_links":{"self":[{"href":"https:\/\/radiorevelacionfm.cl\/index.php?rest_route=\/wp\/v2\/posts\/46949","targetHints":{"allow":["GET"]}}],"collection":[{"href":"https:\/\/radiorevelacionfm.cl\/index.php?rest_route=\/wp\/v2\/posts"}],"about":[{"href":"https:\/\/radiorevelacionfm.cl\/index.php?rest_route=\/wp\/v2\/types\/post"}],"author":[{"embeddable":true,"href":"https:\/\/radiorevelacionfm.cl\/index.php?rest_route=\/wp\/v2\/users\/1"}],"replies":[{"embeddable":true,"href":"https:\/\/radiorevelacionfm.cl\/index.php?rest_route=%2Fwp%2Fv2%2Fcomments&post=46949"}],"version-history":[{"count":1,"href":"https:\/\/radiorevelacionfm.cl\/index.php?rest_route=\/wp\/v2\/posts\/46949\/revisions"}],"predecessor-version":[{"id":46951,"href":"https:\/\/radiorevelacionfm.cl\/index.php?rest_route=\/wp\/v2\/posts\/46949\/revisions\/46951"}],"wp:featuredmedia":[{"embeddable":true,"href":"https:\/\/radiorevelacionfm.cl\/index.php?rest_route=\/wp\/v2\/media\/46950"}],"wp:attachment":[{"href":"https:\/\/radiorevelacionfm.cl\/index.php?rest_route=%2Fwp%2Fv2%2Fmedia&parent=46949"}],"wp:term":[{"taxonomy":"category","embeddable":true,"href":"https:\/\/radiorevelacionfm.cl\/index.php?rest_route=%2Fwp%2Fv2%2Fcategories&post=46949"},{"taxonomy":"post_tag","embeddable":true,"href":"https:\/\/radiorevelacionfm.cl\/index.php?rest_route=%2Fwp%2Fv2%2Ftags&post=46949"}],"curies":[{"name":"wp","href":"https:\/\/api.w.org\/{rel}","templated":true}]}}