{"id":46946,"date":"2024-10-10T18:21:38","date_gmt":"2024-10-10T21:21:38","guid":{"rendered":"https:\/\/radiorevelacionfm.cl\/?p=46946"},"modified":"2024-10-10T18:21:38","modified_gmt":"2024-10-10T21:21:38","slug":"core-aysen-aprueba-incremento-de-recursos-para-reposicion-de-cuartel-de-bomberos-de-manihuales","status":"publish","type":"post","link":"https:\/\/radiorevelacionfm.cl\/?p=46946","title":{"rendered":"CORE Ays\u00e9n aprueba incremento de recursos para reposici\u00f3n de cuartel de Bomberos de Ma\u00f1ihuales"},"content":{"rendered":"<div class=\"flex_column av_one_full  flex_column_div av-zero-column-padding first  avia-builder-el-0  el_before_av_one_full  avia-builder-el-first  \" style='border-radius:0px; '><div  class='avia-image-container  av-styling-    avia-builder-el-1  avia-builder-el-no-sibling  avia-align-center '  itemprop=\"image\" itemscope=\"itemscope\" itemtype=\"https:\/\/schema.org\/ImageObject\"  ><div class='avia-image-container-inner'><div class='avia-image-overlay-wrap'><img decoding=\"async\" class='wp-image-46947 avia-img-lazy-loading-not-46947 avia_image' src=\"https:\/\/radiorevelacionfm.cl\/wp-content\/uploads\/2024\/10\/WhatsApp-Image-2024-10-08-at-4.33.15-PM-2-2.jpeg\" alt='' title='WhatsApp Image 2024-10-08 at 4.33.15 PM-2-2' height=\"600\" width=\"980\"  itemprop=\"thumbnailUrl\" srcset=\"https:\/\/radiorevelacionfm.cl\/wp-content\/uploads\/2024\/10\/WhatsApp-Image-2024-10-08-at-4.33.15-PM-2-2.jpeg 980w, https:\/\/radiorevelacionfm.cl\/wp-content\/uploads\/2024\/10\/WhatsApp-Image-2024-10-08-at-4.33.15-PM-2-2-300x184.jpeg 300w, https:\/\/radiorevelacionfm.cl\/wp-content\/uploads\/2024\/10\/WhatsApp-Image-2024-10-08-at-4.33.15-PM-2-2-768x470.jpeg 768w, https:\/\/radiorevelacionfm.cl\/wp-content\/uploads\/2024\/10\/WhatsApp-Image-2024-10-08-at-4.33.15-PM-2-2-705x432.jpeg 705w, https:\/\/radiorevelacionfm.cl\/wp-content\/uploads\/2024\/10\/WhatsApp-Image-2024-10-08-at-4.33.15-PM-2-2-450x276.jpeg 450w, https:\/\/radiorevelacionfm.cl\/wp-content\/uploads\/2024\/10\/WhatsApp-Image-2024-10-08-at-4.33.15-PM-2-2-600x367.jpeg 600w\" sizes=\"(max-width: 980px) 100vw, 980px\" \/><\/div><\/div><\/div><\/div><div class=\"flex_column av_one_full  flex_column_div av-zero-column-padding first  avia-builder-el-2  el_after_av_one_full  el_before_av_one_full  column-top-margin\" style='border-radius:0px; '><section class=\"av_textblock_section \"  itemscope=\"itemscope\" itemtype=\"https:\/\/schema.org\/BlogPosting\" itemprop=\"blogPost\" ><div class='avia_textblock  '   itemprop=\"text\" ><p style=\"text-align: center;\"><strong><span style=\"font-size: 18pt;\">CORE Ays\u00e9n aprueba incremento de recursos para reposici\u00f3n de cuartel de Bomberos de Ma\u00f1ihuales<\/span><\/strong><\/p>\n<div id=\"gtx-trans\" style=\"position: absolute; left: -50px; top: 4.31534px;\">\n<div class=\"gtx-trans-icon\"><\/div>\n<\/div>\n<\/div><\/section><\/div><div class=\"flex_column av_one_full  flex_column_div av-zero-column-padding first  avia-builder-el-4  el_after_av_one_full  el_before_av_hr  column-top-margin\" style='border-radius:0px; '><section class=\"av_textblock_section \"  itemscope=\"itemscope\" itemtype=\"https:\/\/schema.org\/BlogPosting\" itemprop=\"blogPost\" ><div class='avia_textblock  '   itemprop=\"text\" ><p dir=\"ltr\" style=\"text-align: justify;\">En su \u00faltima sesi\u00f3n, el Consejo Regional de Ays\u00e9n aprob\u00f3 el incremento presupuestario para la reposici\u00f3n del cuartel de la 7\u00aa Compa\u00f1\u00eda de Bomberos de Villa Ma\u00f1ihuales, un proyecto largamente esperado por la comunidad y los voluntarios.<\/p>\n<p dir=\"ltr\" style=\"text-align: justify;\">Claudio Cabezas, Director de la 7\u00aa Compa\u00f1\u00eda de Villa Ma\u00f1ihuales, expres\u00f3 su satisfacci\u00f3n ante este importante avance, destacando la sensaci\u00f3n de bienestar que genera el cierre de un proceso que ha sido extenso y complejo.<\/p>\n<p dir=\"ltr\" style=\"text-align: justify;\">\u00abSe nos viene equipamiento nuevo, ya nos lleg\u00f3 equipamiento nuevo, vienen carros nuevos, pero faltaba arreglar la casa. Y eso hoy d\u00eda ya se dio un paso m\u00e1s para la concreci\u00f3n de esto de que est\u00e1n alejados, no solamente para los voluntarios, sino para la comunidad en general, que a trav\u00e9s de su Junta de Vecinos y organizaciones sociales siempre plantearon la preocupaci\u00f3n de sus bomberos como Estado. Y es importante resaltar eso, ya que una comunidad, si tiene sus bomberos bien equipados con el correspondiente entrenamiento, con la cantidad suficiente, se siente m\u00e1s segura\u00bb, destac\u00f3, valorando el aporte que el Gobierno Regional ha hecho en materia de equipos menores y mayores para la instituci\u00f3n.<\/p>\n<p dir=\"ltr\" style=\"text-align: justify;\">El actual proyecto de reposici\u00f3n comenz\u00f3 a gestarse en 2017, y ya en 2019 se lograron avances significativos en las primeras etapas. Cabezas destac\u00f3 que, por la envergadura del proyecto y los requisitos necesarios para el correcto funcionamiento de una compa\u00f1\u00eda de bomberos, habr\u00eda sido muy dif\u00edcil llevarlo a cabo de otro modo sin el respaldo gubernamental.<\/p>\n<p dir=\"ltr\" style=\"text-align: justify;\">Adem\u00e1s de este importante avance para la 7\u00aa Compa\u00f1\u00eda de Bomberos, en el pleno del Consejo Regional tambi\u00e9n se aprobaron una serie de proyectos de asignaci\u00f3n directa, los que fueron destacados por el presidente de la comisi\u00f3n de Desarrollo Social, Jorge Sep\u00falveda.<\/p>\n<p dir=\"ltr\" style=\"text-align: justify;\">\u00abHay otros proyectos que tambi\u00e9n fueron aprobados para Cochrane, para Villa O&#8217;Higgins, en el tema de la tenencia responsable de animales y adem\u00e1s en la intervenci\u00f3n de mascotas para reducir su natalidad irresponsable, por as\u00ed decir; en Cochrane, en la Cueca Chora tambi\u00e9n que se aprob\u00f3. Hay muchas cosas que han sido bastante positivas, las cuales en dos d\u00edas se realiz\u00f3 un trabajo bastante comprimido y ejecutivo, as\u00ed que todos los consejeros y consejeras estamos muy contentos de este proceso, por lo menos de esta semana\u00bb, se\u00f1al\u00f3 el consejero.<\/p>\n<p dir=\"ltr\" style=\"text-align: justify;\">Esta sesi\u00f3n tambi\u00e9n marc\u00f3 el inicio de la presidencia subrogante del CORE por parte del consejero Ra\u00fal Rudolphi, en reemplazo de la Gobernadora Andrea Mac\u00edas. Rudolphi destac\u00f3 el acuerdo para consultar al Ministerio de Agricultura sobre la posibilidad de disponer de recursos de emergencia, con el objetivo de apoyar al sector ganadero de la regi\u00f3n, el cual se ha visto afectado por las condiciones clim\u00e1ticas recientes.<\/p>\n<p dir=\"ltr\" style=\"text-align: justify;\">\u00abEn lo espec\u00edfico en este minuto tenemos animales en plena parici\u00f3n que por su condici\u00f3n requieren un suplemento adicional. Es por ello que el llamado que hacemos al d\u00eda de hoy desde el Consejo Regional es al Ministerio de Agricultura que informe a la brevedad. Nosotros hemos sido informados que los recursos ya est\u00e1n en la regi\u00f3n, pero lo que la comunidad, espec\u00edficamente el sector campesino de nuestra regi\u00f3n, requiere es conocer cu\u00e1ndo se va a iniciar la entrega de forraje en los distintos puntos de las comunas afectadas\u00bb, afirm\u00f3.<\/p>\n<\/div><\/section><\/div><div  style='height:50px' class='hr hr-invisible   avia-builder-el-6  el_after_av_one_full  el_before_av_social_share '><span class='hr-inner ' ><span class='hr-inner-style'><\/span><\/span><\/div><\/p>\n<div  class='av-social-sharing-box  avia-builder-el-7  el_after_av_hr  el_before_av_hr  '><div class='av-share-box'><h5 class='av-share-link-description av-no-toc '>Compartir esta noticia<\/h5><ul class='av-share-box-list noLightbox'><li class='av-share-link av-social-link-facebook' ><a target=\"_blank\" aria-label=\"Compartir en Facebook\" href='https:\/\/www.facebook.com\/sharer.php?u=https:\/\/radiorevelacionfm.cl\/?p=46946&#038;t=CORE%20Ays%C3%A9n%20aprueba%20incremento%20de%20recursos%20para%20reposici%C3%B3n%20de%20cuartel%20de%20Bomberos%20de%20Ma%C3%B1ihuales' aria-hidden='false' data-av_icon='\ue8f3' data-av_iconfont='entypo-fontello' title='' data-avia-related-tooltip='Compartir en Facebook' rel=\"noopener\"><span class='avia_hidden_link_text'>Compartir en Facebook<\/span><\/a><\/li><li class='av-share-link av-social-link-twitter' ><a target=\"_blank\" aria-label=\"Compartir en Twitter\" href='https:\/\/twitter.com\/share?text=CORE%20Ays%C3%A9n%20aprueba%20incremento%20de%20recursos%20para%20reposici%C3%B3n%20de%20cuartel%20de%20Bomberos%20de%20Ma%C3%B1ihuales&#038;url=https:\/\/radiorevelacionfm.cl\/?p=46946' aria-hidden='false' data-av_icon='\ue8f1' data-av_iconfont='entypo-fontello' title='' data-avia-related-tooltip='Compartir en Twitter' rel=\"noopener\"><span class='avia_hidden_link_text'>Compartir en Twitter<\/span><\/a><\/li><li class='av-share-link av-social-link-whatsapp' ><a target=\"_blank\" aria-label=\"Compartir en Whatsapp\" href='https:\/\/api.whatsapp.com\/send?text=https:\/\/radiorevelacionfm.cl\/?p=46946' aria-hidden='false' data-av_icon='\uf232' data-av_iconfont='entypo-fontello' title='' data-avia-related-tooltip='Compartir en Whatsapp' rel=\"noopener\"><span class='avia_hidden_link_text'>Compartir en Whatsapp<\/span><\/a><\/li><li class='av-share-link av-social-link-linkedin' ><a target=\"_blank\" aria-label=\"Compartir en LinkedIn\" href='https:\/\/linkedin.com\/shareArticle?mini=true&#038;title=CORE%20Ays%C3%A9n%20aprueba%20incremento%20de%20recursos%20para%20reposici%C3%B3n%20de%20cuartel%20de%20Bomberos%20de%20Ma%C3%B1ihuales&#038;url=https:\/\/radiorevelacionfm.cl\/?p=46946' aria-hidden='false' data-av_icon='\ue8fc' data-av_iconfont='entypo-fontello' title='' data-avia-related-tooltip='Compartir en LinkedIn' rel=\"noopener\"><span class='avia_hidden_link_text'>Compartir en LinkedIn<\/span><\/a><\/li><li class='av-share-link av-social-link-mail' ><a  aria-label=\"Compartir por correo\" href='mailto:?subject=CORE%20Ays%C3%A9n%20aprueba%20incremento%20de%20recursos%20para%20reposici%C3%B3n%20de%20cuartel%20de%20Bomberos%20de%20Ma%C3%B1ihuales&#038;body=https:\/\/radiorevelacionfm.cl\/?p=46946' aria-hidden='false' data-av_icon='\ue805' data-av_iconfont='entypo-fontello' title='' data-avia-related-tooltip='Compartir por correo'><span class='avia_hidden_link_text'>Compartir por correo<\/span><\/a><\/li><\/ul><\/div><\/div>\n<div  style='height:50px' class='hr hr-invisible   avia-builder-el-8  el_after_av_social_share  el_before_av_comments_list '><span class='hr-inner ' ><span class='hr-inner-style'><\/span><\/span><\/div>\n<div  class='av-buildercomment  av-blog-meta-html-info-disabled av-blog-meta-tag-disabled  '><\/div>\n","protected":false},"excerpt":{"rendered":"","protected":false},"author":1,"featured_media":46947,"comment_status":"open","ping_status":"open","sticky":false,"template":"","format":"standard","meta":{"footnotes":""},"categories":[38],"tags":[],"class_list":["post-46946","post","type-post","status-publish","format-standard","has-post-thumbnail","hentry","category-regional"],"jetpack_featured_media_url":"https:\/\/radiorevelacionfm.cl\/wp-content\/uploads\/2024\/10\/WhatsApp-Image-2024-10-08-at-4.33.15-PM-2-2.jpeg","_links":{"self":[{"href":"https:\/\/radiorevelacionfm.cl\/index.php?rest_route=\/wp\/v2\/posts\/46946","targetHints":{"allow":["GET"]}}],"collection":[{"href":"https:\/\/radiorevelacionfm.cl\/index.php?rest_route=\/wp\/v2\/posts"}],"about":[{"href":"https:\/\/radiorevelacionfm.cl\/index.php?rest_route=\/wp\/v2\/types\/post"}],"author":[{"embeddable":true,"href":"https:\/\/radiorevelacionfm.cl\/index.php?rest_route=\/wp\/v2\/users\/1"}],"replies":[{"embeddable":true,"href":"https:\/\/radiorevelacionfm.cl\/index.php?rest_route=%2Fwp%2Fv2%2Fcomments&post=46946"}],"version-history":[{"count":1,"href":"https:\/\/radiorevelacionfm.cl\/index.php?rest_route=\/wp\/v2\/posts\/46946\/revisions"}],"predecessor-version":[{"id":46948,"href":"https:\/\/radiorevelacionfm.cl\/index.php?rest_route=\/wp\/v2\/posts\/46946\/revisions\/46948"}],"wp:featuredmedia":[{"embeddable":true,"href":"https:\/\/radiorevelacionfm.cl\/index.php?rest_route=\/wp\/v2\/media\/46947"}],"wp:attachment":[{"href":"https:\/\/radiorevelacionfm.cl\/index.php?rest_route=%2Fwp%2Fv2%2Fmedia&parent=46946"}],"wp:term":[{"taxonomy":"category","embeddable":true,"href":"https:\/\/radiorevelacionfm.cl\/index.php?rest_route=%2Fwp%2Fv2%2Fcategories&post=46946"},{"taxonomy":"post_tag","embeddable":true,"href":"https:\/\/radiorevelacionfm.cl\/index.php?rest_route=%2Fwp%2Fv2%2Ftags&post=46946"}],"curies":[{"name":"wp","href":"https:\/\/api.w.org\/{rel}","templated":true}]}}